{"id":36857,"date":"2021-10-27T16:34:38","date_gmt":"2021-10-27T19:34:38","guid":{"rendered":"http:\/\/www.centraldenoticias.com.ar\/?p=36857"},"modified":"2021-10-27T17:37:28","modified_gmt":"2021-10-27T20:37:28","slug":"volveran-a-quemar-droga-en-el-crematorio-de-pinos-de-paz","status":"publish","type":"post","link":"https:\/\/cdnoticias.com\/index.php\/2021\/10\/27\/volveran-a-quemar-droga-en-el-crematorio-de-pinos-de-paz\/","title":{"rendered":"Volver\u00e1n a quemar droga en el crematorio de Pinos de Paz"},"content":{"rendered":"<p>As\u00ed lo revel\u00f3 el Juez Federal Gabriel Di Giulio, quien program\u00f3 la realizaci\u00f3n de esta tarea para la jornada de este viernes. En 2018 se efectu\u00f3 un procedimiento similar.<!--more--><\/p>\n<hr \/>\n<p>El crematorio de Pinos de Paz volver\u00e1 a ser sede de <strong>un operativo de destrucci\u00f3n de estupefacientes y sustancias secuestradas en el marco de tareas de \u201clucha contra el narcotr\u00e1fico\u201d<\/strong>, seg\u00fan fue anunciado en las \u00faltimas horas desde el Juzgado Federal 1 del Departamento Judicial de Azul, que tiene como titular al doctor Gabriel Di Giulio.<\/p>\n<p>&nbsp;<\/p>\n<p>De acuerdo con lo que se precis\u00f3, <strong>todo se llevar\u00e1 a cabo este viernes y se detall\u00f3 que fueron invitados a tomar parte \u201cfuncionarios de las diversas fuerzas de seguridad que a diario colaboran con el trabajo del Poder Judicial de la Naci\u00f3n en la jurisdicci\u00f3n del Juzgado Federal a su cargo, y autoridades del Poder Ejecutivo\u201d<\/strong>. Vale dar cuenta que se incinerar\u00e1 elementos incautados tanto por personal federal como provincial en tareas tanto investigativas como preventivas.<\/p>\n<p>&nbsp;<\/p>\n<p><img data-recalc-dims=\"1\" loading=\"lazy\" decoding=\"async\" class=\"alignnone size-large wp-image-36858\" src=\"https:\/\/i0.wp.com\/cdnoticias.com\/wp-content\/uploads\/2021\/10\/Seguridad-Quema-Droga-2.jpg?resize=800%2C534&#038;ssl=1\" alt=\"\" width=\"800\" height=\"534\" srcset=\"https:\/\/i0.wp.com\/cdnoticias.com\/wp-content\/uploads\/2021\/10\/Seguridad-Quema-Droga-2.jpg?resize=1024%2C683&amp;ssl=1 1024w, https:\/\/i0.wp.com\/cdnoticias.com\/wp-content\/uploads\/2021\/10\/Seguridad-Quema-Droga-2.jpg?resize=300%2C200&amp;ssl=1 300w, https:\/\/i0.wp.com\/cdnoticias.com\/wp-content\/uploads\/2021\/10\/Seguridad-Quema-Droga-2.jpg?resize=768%2C512&amp;ssl=1 768w, https:\/\/i0.wp.com\/cdnoticias.com\/wp-content\/uploads\/2021\/10\/Seguridad-Quema-Droga-2.jpg?resize=272%2C182&amp;ssl=1 272w, https:\/\/i0.wp.com\/cdnoticias.com\/wp-content\/uploads\/2021\/10\/Seguridad-Quema-Droga-2.jpg?w=1600&amp;ssl=1 1600w, https:\/\/i0.wp.com\/cdnoticias.com\/wp-content\/uploads\/2021\/10\/Seguridad-Quema-Droga-2.jpg?w=2400&amp;ssl=1 2400w\" sizes=\"auto, (max-width: 800px) 100vw, 800px\" \/><\/p>\n<p>&nbsp;<\/p>\n<p>Vale dar cuenta que no ser\u00e1 la primera vez que se lleve a cabo un procedimiento de estas caracter\u00edsticas tanto en la ciudad como en ese crematorio en particular. Fue <strong>a inicios de noviembre del 2018 cuando con la presencia del Ministro de Seguridad Bonaerense de aquel entonces, Cristian Ritondo, se destruyeron m\u00e1s de 400 kilos de droga (380 kilos de coca\u00edna y m\u00e1s de 40 kilos de marihuana<\/strong>.<\/p>\n<p>&nbsp;<\/p>\n<p><strong>Gran parte de lo destruido en aquella ocasi\u00f3n respond\u00eda al saldo del operativo denominado como \u201cBandera Blanca\u201d, que se llev\u00f3 a cabo en Las Flores, distrito que tambi\u00e9n integra el Departamento Judicial de Azul<\/strong>. El juez Federal Mart\u00edn Bava y el intendente Ezequiel Galli fueron algunos de los funcionarios que tomaron participaci\u00f3n activa durante esa jornada.<\/p>\n","protected":false},"excerpt":{"rendered":"<p>As\u00ed lo revel\u00f3 el Juez Federal Gabriel Di Giulio, quien program\u00f3 la realizaci\u00f3n de esta tarea para la jornada de<\/p>\n","protected":false},"author":3,"featured_media":36859,"comment_status":"closed","ping_status":"closed","sticky":false,"template":"","format":"standard","meta":{"_jetpack_memberships_contains_paid_content":false,"footnotes":""},"categories":[14,1],"tags":[],"class_list":["post-36857","post","type-post","status-publish","format-standard","has-post-thumbnail","hentry","category-policiales","category-portada"],"jetpack_featured_media_url":"https:\/\/i0.wp.com\/cdnoticias.com\/wp-content\/uploads\/2021\/10\/Seguridad-Quema-Droga-5.jpg?fit=3936%2C2624&ssl=1","jetpack_sharing_enabled":true,"_links":{"self":[{"href":"https:\/\/cdnoticias.com\/index.php\/wp-json\/wp\/v2\/posts\/36857","targetHints":{"allow":["GET"]}}],"collection":[{"href":"https:\/\/cdnoticias.com\/index.php\/wp-json\/wp\/v2\/posts"}],"about":[{"href":"https:\/\/cdnoticias.com\/index.php\/wp-json\/wp\/v2\/types\/post"}],"author":[{"embeddable":true,"href":"https:\/\/cdnoticias.com\/index.php\/wp-json\/wp\/v2\/users\/3"}],"replies":[{"embeddable":true,"href":"https:\/\/cdnoticias.com\/index.php\/wp-json\/wp\/v2\/comments?post=36857"}],"version-history":[{"count":0,"href":"https:\/\/cdnoticias.com\/index.php\/wp-json\/wp\/v2\/posts\/36857\/revisions"}],"wp:featuredmedia":[{"embeddable":true,"href":"https:\/\/cdnoticias.com\/index.php\/wp-json\/wp\/v2\/media\/36859"}],"wp:attachment":[{"href":"https:\/\/cdnoticias.com\/index.php\/wp-json\/wp\/v2\/media?parent=36857"}],"wp:term":[{"taxonomy":"category","embeddable":true,"href":"https:\/\/cdnoticias.com\/index.php\/wp-json\/wp\/v2\/categories?post=36857"},{"taxonomy":"post_tag","embeddable":true,"href":"https:\/\/cdnoticias.com\/index.php\/wp-json\/wp\/v2\/tags?post=36857"}],"curies":[{"name":"wp","href":"https:\/\/api.w.org\/{rel}","templated":true}]}}