{"id":36835,"date":"2021-10-27T18:51:50","date_gmt":"2021-10-27T21:51:50","guid":{"rendered":"http:\/\/www.centraldenoticias.com.ar\/?p=36835"},"modified":"2021-10-27T18:51:50","modified_gmt":"2021-10-27T21:51:50","slug":"cierra-el-ciclo-octubre-suena","status":"publish","type":"post","link":"https:\/\/cdnoticias.com\/index.php\/2021\/10\/27\/cierra-el-ciclo-octubre-suena\/","title":{"rendered":"Cierra el ciclo \u201cOctubre Suena\u201d"},"content":{"rendered":"<p>El ciclo finaliza este viernes\u00a0con la presentaci\u00f3n de \u201cManar\u201d a partir de las 19:00.\u00a0<!--more--><\/p>\n<hr \/>\n<p>Este <strong>viernes finalizar\u00e1 el ciclo de m\u00fasica<\/strong> original denominado<strong> \u201cOctubre Suena&#8221;<\/strong> organizado por la <strong>Subsecretar\u00eda de Cultura y Educaci\u00f3n,<\/strong> que cont\u00f3 con la participaci\u00f3n de destacados artistas.<\/p>\n<p>&nbsp;<\/p>\n<p>La propuesta, que incluye<strong> cinco jornadas,<\/strong> se <strong>lleva a cabo todos los viernes del mes de\u00a0octubre<\/strong>, <strong>a partir de las 19:00 en el Centro Cultural Municipal \u201cSan Jos\u00e9\u201d<\/strong>, con <strong>capacidad limitada<\/strong>, de acuerdo a las medidas sanitarias y protocolos vigentes.<\/p>\n<p>&nbsp;<\/p>\n<p>La programaci\u00f3n <strong>se inici\u00f3 el 1\u00ba de octubre<\/strong>, con el tr\u00edo de musical instrumental <strong>\u201cManifiesto Progresivo\u201d<\/strong>, integrado por <strong>Eric Vallejos,<\/strong> en bater\u00eda, <strong>Mar\u00eda Paz Gelmi,<\/strong> en teclados y <strong>Santiago Wally<\/strong>, en teclados. Continu\u00f3 el d\u00eda <strong>8 de octubre,<\/strong> con la <strong>presentaci\u00f3n del disco <em>\u201cCoplas al azar\u201d<\/em><\/strong>, que tuvo a <strong>Ignacio Montoya Carlotto<\/strong> en piano y voz,<strong> Samuel Carabajal<\/strong> en bater\u00eda, percusi\u00f3n y voz y <strong>Agust\u00edn Begue<\/strong> en guitarra y voz.<\/p>\n<p>&nbsp;<\/p>\n<p>En tanto que el <strong>15 de octubre<\/strong>, fue el turno del d\u00fao de <strong>Lucas Pierro<\/strong> en piano y <strong>Gustavo Chenu<\/strong> en bater\u00eda, que propuso un recorrido a trav\u00e9s de un pu\u00f1ado de canciones provenientes de diferentes estilos. Tambi\u00e9n <strong>brindaron un taller de escucha<\/strong>, orientado para m\u00fasicos y p\u00fablicos en general. La <strong>cuarta jornada<\/strong>, tuvo como protagonista, al <strong>cuarteto \u201cYin Yang\u201d,<\/strong> formado a fines de 2020, por <strong>In\u00e9s Maddio<\/strong> en voz y piano, <strong>Ingrid Feniger<\/strong> en clarinete bajo, <strong>Eric Vallejo<\/strong> en bater\u00eda y <strong>Valent\u00edn Reiners<\/strong> en guitarra y composici\u00f3n.<\/p>\n<p>&nbsp;<\/p>\n<p>El <strong>ciclo \u201cOctubre Suena\u201d cierra este viernes 29 de octubre<\/strong>, con la presentaci\u00f3n de <strong>\u201cManar\u201d <\/strong>con<strong> Bruno Fitte<\/strong> en guitarra, voz y flauta traversa, <strong>Camila Fitte<\/strong> en voz, <strong>Franco Fitte<\/strong> en percusi\u00f3n y <strong>Santiago Fern\u00e1ndez<\/strong> en guitarra y voz. La propuesta incluye <strong>canciones escritas por Bruno Fitte<\/strong>, reversiones de canciones de su proyecto de<strong> banda \u201cCnidaria\u201d<\/strong> que integra en conjunto con Camila y Franco; canciones escritas por <strong>Santi Fern\u00e1ndez<\/strong>; y algunas reversiones de canciones pertenecientes a cantautores de diferentes<strong> pa\u00edses de Latinoam\u00e9rica.<\/strong><\/p>\n<p>&nbsp;<\/p>\n<p><strong>Entradas<\/strong><\/p>\n<p>&nbsp;<\/p>\n<p>El <strong>valor de las entradas es de $250<\/strong> y se pueden adquirir en el momento (2&#215;1 para Estudiantes del Conservatorio de M\u00fasica). Se aclara que <strong>la capacidad es limitada.<\/strong> Se recomienda asistir 15 minutos, antes de la presentaci\u00f3n.<\/p>\n","protected":false},"excerpt":{"rendered":"<p>El ciclo finaliza este viernes\u00a0con la presentaci\u00f3n de \u201cManar\u201d a partir de las 19:00.\u00a0<\/p>\n","protected":false},"author":6,"featured_media":0,"comment_status":"closed","ping_status":"closed","sticky":false,"template":"","format":"standard","meta":{"_jetpack_memberships_contains_paid_content":false,"footnotes":""},"categories":[9,1],"tags":[],"class_list":["post-36835","post","type-post","status-publish","format-standard","hentry","category-cultura","category-portada"],"jetpack_featured_media_url":"","jetpack_sharing_enabled":true,"_links":{"self":[{"href":"https:\/\/cdnoticias.com\/index.php\/wp-json\/wp\/v2\/posts\/36835","targetHints":{"allow":["GET"]}}],"collection":[{"href":"https:\/\/cdnoticias.com\/index.php\/wp-json\/wp\/v2\/posts"}],"about":[{"href":"https:\/\/cdnoticias.com\/index.php\/wp-json\/wp\/v2\/types\/post"}],"author":[{"embeddable":true,"href":"https:\/\/cdnoticias.com\/index.php\/wp-json\/wp\/v2\/users\/6"}],"replies":[{"embeddable":true,"href":"https:\/\/cdnoticias.com\/index.php\/wp-json\/wp\/v2\/comments?post=36835"}],"version-history":[{"count":0,"href":"https:\/\/cdnoticias.com\/index.php\/wp-json\/wp\/v2\/posts\/36835\/revisions"}],"wp:attachment":[{"href":"https:\/\/cdnoticias.com\/index.php\/wp-json\/wp\/v2\/media?parent=36835"}],"wp:term":[{"taxonomy":"category","embeddable":true,"href":"https:\/\/cdnoticias.com\/index.php\/wp-json\/wp\/v2\/categories?post=36835"},{"taxonomy":"post_tag","embeddable":true,"href":"https:\/\/cdnoticias.com\/index.php\/wp-json\/wp\/v2\/tags?post=36835"}],"curies":[{"name":"wp","href":"https:\/\/api.w.org\/{rel}","templated":true}]}}