{"id":36829,"date":"2021-10-27T14:40:37","date_gmt":"2021-10-27T17:40:37","guid":{"rendered":"http:\/\/www.centraldenoticias.com.ar\/?p=36829"},"modified":"2021-10-27T14:04:56","modified_gmt":"2021-10-27T17:04:56","slug":"vacunas-de-calendario-la-caida-en-las-coberturas-que-busca-revertir-la-provincia","status":"publish","type":"post","link":"https:\/\/cdnoticias.com\/index.php\/2021\/10\/27\/vacunas-de-calendario-la-caida-en-las-coberturas-que-busca-revertir-la-provincia\/","title":{"rendered":"Vacunas de calendario: la ca\u00edda en las coberturas que busca revertir la Provincia"},"content":{"rendered":"<p>En 2020, con la pandemia, se profundiz\u00f3 una tendencia a la baja que ya ven\u00eda de los \u00faltimos cinco a\u00f1os en todos los grupos de riesgo.<!--more--><\/p>\n<hr \/>\n<p><strong>El porcentaje de cobertura de las vacunas que forman parte del Calendario Nacional de Vacunaci\u00f3n cay\u00f3 alrededor de un 10% en todos los grupos de riesgo durante el 2020 en la provincia de Buenos Aires<\/strong> respecto a 2019 como consecuencia de la pandemia, aunque en los \u00faltimos cinco a\u00f1os ya se evidenciaba una tendencia a la baja en los niveles de inmunizaci\u00f3n de la poblaci\u00f3n.<\/p>\n<p>&nbsp;<\/p>\n<p>Seg\u00fan los datos oficiales a los que tuvo acceso <em>DIB,<\/em> <strong>el descenso en las coberturas continu\u00f3 en el primer semestre de 2021<\/strong>, cuando los esfuerzos sanitarios estuvieron centrados tambi\u00e9n en combatir el coronavirus, por lo que el Gobierno provincial tiene ahora un desaf\u00edo importante: <strong>revertir esa tendencia a la baja e ir a buscar \u201ccasa por casa\u201d a la poblaci\u00f3n vacunable<\/strong>.<\/p>\n<p>&nbsp;<\/p>\n<p><img data-recalc-dims=\"1\" loading=\"lazy\" decoding=\"async\" class=\"size-full wp-image-36830 aligncenter\" src=\"https:\/\/i0.wp.com\/cdnoticias.com\/wp-content\/uploads\/2021\/10\/salud-campa%C3%B1a-de-vacunacion.jpeg?resize=500%2C500&#038;ssl=1\" alt=\"\" width=\"500\" height=\"500\" \/><\/p>\n<p>&nbsp;<\/p>\n<p>Con el hashtag<strong> #AhoraEsElMomento<\/strong>, la cartera sanitaria lanz\u00f3 este lunes <strong>una campa\u00f1a que incluir\u00e1 visitas domiciliarias; postas de vacunaci\u00f3n en clubes, escuelas y plazas, as\u00ed como tambi\u00e9n la promoci\u00f3n de los m\u00e1s de 2 mil puntos de vacunaci\u00f3n<\/strong> en hospitales y centros de salud en toda la provincia.<\/p>\n<p>&nbsp;<\/p>\n<p>En rigor, de acuerdo a las cifras del Ministerio de Salud bonaerense, <strong>la cobertura de la hepatitis B \u2013que se aplica en reci\u00e9n nacidos\u2013 cay\u00f3 en 2020 un 10,26% respecto al a\u00f1o anterior<\/strong>. No obstante, ya estaba por debajo de lo esperado en 2019, cuando era de un 72,91%.<\/p>\n<p>&nbsp;<\/p>\n<p>En tanto, <strong>la cobertura de la tercera dosis de la vacuna pentavalente<\/strong> \u2013que protege contra la difteria, tos convulsa, t\u00e9tanos, influenza tipo b y hepatitis B\u2013<strong> tuvo un descenso del 9,77%<\/strong>. En 2019, el porcentaje de poblaci\u00f3n alcanzado fue de 73,97% y en 2020 cay\u00f3 a 66,74%. El Calendario Nacional de Vacunaci\u00f3n contempla su aplicaci\u00f3n a los 2, 4 y 6 meses de vida.<\/p>\n<p>&nbsp;<\/p>\n<blockquote class=\"twitter-tweet\">\n<p dir=\"ltr\" lang=\"es\">\ud83d\udcccSemana de la vacunaci\u00f3n\u2063<br \/>\nVacunarse es un acto de cuidado y solidaridad para proteger nuestra vida y la de las personas que + queremos.\u2063<br \/>\n\ud83d\udc89En <a href=\"https:\/\/t.co\/NmMXL4tzba\">https:\/\/t.co\/NmMXL4tzba<\/a> conoc\u00e9 los esquemas de vacunaci\u00f3n para cada momento de la vida.<br \/>\n\u2063<a href=\"https:\/\/twitter.com\/hashtag\/AhoraEsElMomento?src=hash&amp;ref_src=twsrc%5Etfw\">#AhoraEsElMomento<\/a>\u2063<a href=\"https:\/\/twitter.com\/nkreplak?ref_src=twsrc%5Etfw\">@nkreplak<\/a><a href=\"https:\/\/twitter.com\/LeticiaCeriani?ref_src=twsrc%5Etfw\">@LeticiaCeriani<\/a> <a href=\"https:\/\/t.co\/5sZkRddSYy\">pic.twitter.com\/5sZkRddSYy<\/a><\/p>\n<p>\u2014 SaludBAP (@SaludBAP) <a href=\"https:\/\/twitter.com\/SaludBAP\/status\/1452987144423841800?ref_src=twsrc%5Etfw\">October 26, 2021<\/a><\/p><\/blockquote>\n<p><script async src=\"https:\/\/platform.twitter.com\/widgets.js\" charset=\"utf-8\"><\/script><\/p>\n<p>&nbsp;<\/p>\n<p>La <strong>cobertura de la triple viral<\/strong> \u2013que protege contra el sarampi\u00f3n, la rub\u00e9ola y las paperas\u2013 tambi\u00e9n descendi\u00f3 respecto al a\u00f1o anterior a la pandemia. <strong>En la dosis que se aplica al a\u00f1o de vida cay\u00f3 un 12%<\/strong> (alcanz\u00f3 al 73% de la poblaci\u00f3n vacunable en 2020 y al 83% en 2019); mientras que en la de refuerzo la ca\u00edda fue m\u00e1s profunda: de un 20% (61% en 2020 y 77% en 2019).<\/p>\n<p>&nbsp;<\/p>\n<p>Adem\u00e1s, <strong>la Vacuna triple bacteriana acelular<\/strong> (dTpa) \u2013protege contra la difeteria, el t\u00e9tanos y la tos convulsa\u2013 tambi\u00e9n tuvo coberturas a la baja. La inmunizaci\u00f3n se aplica a los 11 a\u00f1os y en cada embarazo, despu\u00e9s de la semana 20 de gestaci\u00f3n. Para el primer grupo, <strong>la ca\u00edda fue de 12%<\/strong> (74% en 2020 y 85% en 2019).<\/p>\n<p>&nbsp;<\/p>\n<p>Y<strong> para el de personas gestantes, que ya ten\u00eda una cobertura muy baja en 2019, casi no hubo variaciones<\/strong> (llegaba al 54,67% en 2019 y alcanz\u00f3 al 54,04% en 2020).\u00a0En esos casos, alcanzar mayores niveles de inmunizaci\u00f3n es muy importante si se tiene en cuenta que la vacuna protege no solo a las embarazadas sino tambi\u00e9n al neonato.<\/p>\n<p>&nbsp;<\/p>\n<blockquote class=\"twitter-tweet\">\n<p dir=\"ltr\" lang=\"es\"><a href=\"https:\/\/twitter.com\/hashtag\/ahoraeselmomento?src=hash&amp;ref_src=twsrc%5Etfw\">#ahoraeselmomento<\/a> para que todos y todas conozcamos la importancia de iniciar o completar los esquemas de vacunas del Calendario Nacional.<a href=\"https:\/\/twitter.com\/BAProvincia?ref_src=twsrc%5Etfw\">@BAProvincia<\/a> <a href=\"https:\/\/twitter.com\/nkreplak?ref_src=twsrc%5Etfw\">@nkreplak<\/a><\/p>\n<p>\u2014 SaludBAP (@SaludBAP) <a href=\"https:\/\/twitter.com\/SaludBAP\/status\/1452685458085847040?ref_src=twsrc%5Etfw\">October 25, 2021<\/a><\/p><\/blockquote>\n<p><script async src=\"https:\/\/platform.twitter.com\/widgets.js\" charset=\"utf-8\"><\/script><\/p>\n<p>&nbsp;<\/p>\n<p><strong>Primer semestre de 2021<\/strong><\/p>\n<p>&nbsp;<\/p>\n<p>Durante el primer semestre de 2021, cuando los esfuerzos sanitarios debieron concentrarse una vez m\u00e1s en el control de la pandemia de coronavirus,<strong> la tendencia en la cobertura de las vacunas de calendario continu\u00f3 en ca\u00edda<\/strong>. Por ejemplo, solo se lleg\u00f3 al 34% de la poblaci\u00f3n vacunable en el caso de la pentavalente; mientras que una vez m\u00e1s el mayor desaf\u00edo son las embarazadas: la Vacuna triple bacteriana acelular (dTpa) lleg\u00f3 solamente al 27% de las personas gestantes.<\/p>\n<p>&nbsp;<\/p>\n<p>En tanto, tambi\u00e9n se observ\u00f3 una <strong>disparidad en las coberturas dependiendo de la Regi\u00f3n Sanitaria<\/strong>: por ejemplo, mientras que la Regi\u00f3n Sanitaria I \u2013que contempla los municipios del interior al sur provincial\u2013 alcanz\u00f3 en el primer semestre de este a\u00f1o al 43% con la vacuna pentavalente; en otras regiones del conurbano, como la V y la VI, rond\u00f3 el 32% con esa inmunizaci\u00f3n.<\/p>\n<p>&nbsp;<\/p>\n<p><img data-recalc-dims=\"1\" loading=\"lazy\" decoding=\"async\" class=\"size-full wp-image-31734 aligncenter\" src=\"https:\/\/i0.wp.com\/cdnoticias.com\/wp-content\/uploads\/2021\/09\/Salud-Vacunacion.jpg?resize=624%2C454&#038;ssl=1\" alt=\"\" width=\"624\" height=\"454\" srcset=\"https:\/\/i0.wp.com\/cdnoticias.com\/wp-content\/uploads\/2021\/09\/Salud-Vacunacion.jpg?w=624&amp;ssl=1 624w, https:\/\/i0.wp.com\/cdnoticias.com\/wp-content\/uploads\/2021\/09\/Salud-Vacunacion.jpg?resize=300%2C218&amp;ssl=1 300w\" sizes=\"auto, (max-width: 624px) 100vw, 624px\" \/><\/p>\n<p>&nbsp;<\/p>\n<p><strong>Lo mismo ocurri\u00f3 con la Triple Viral<\/strong>: en la Regi\u00f3n Sanitaria I se inmuniz\u00f3 al 48% de la poblaci\u00f3n vacunable \u2013muy cerca de la meta esperada para la mitad del a\u00f1o\u2013, pero en las regiones V, VI y VII no super\u00f3 el 37%.<\/p>\n<p>&nbsp;<\/p>\n<p><strong>El Calendario Nacional que rige en Argentina es uno de los m\u00e1s completos de todo el mundo con 19 vacunas obligatorias y gratuitas<\/strong> para proteger de m\u00faltiples enfermedades a beb\u00e9s, ni\u00f1os, ni\u00f1as, adolescentes y adultos. La meta ahora es alcanzar y mantener coberturas anuales de vacunaci\u00f3n del 95% en todas las inmunizaciones.<\/p>\n<p>&nbsp;<\/p>\n<blockquote><p>\u201cA partir de la estrategia de inmunizaci\u00f3n que se realiza mediante el Calendario Nacional, el pa\u00eds se mantiene libre de enfermedades como poliomielitis, rub\u00e9ola y sarampi\u00f3n, entre muchas otras\u201d, recordaron desde Salud. Se puede acceder a los centros de vacunaci\u00f3n ingresando en <a href=\"http:\/\/www.gba.gob.ar\/vacunaci\u00f3n\">www.gba.gob.ar\/vacunaci\u00f3n<\/a>.<\/p><\/blockquote>\n<p>&nbsp;<\/p>\n<p>Fuente: <em>Agencia DIB<\/em><\/p>\n","protected":false},"excerpt":{"rendered":"<p>En 2020, con la pandemia, se profundiz\u00f3 una tendencia a la baja que ya ven\u00eda de los \u00faltimos cinco a\u00f1os<\/p>\n","protected":false},"author":4,"featured_media":36831,"comment_status":"closed","ping_status":"closed","sticky":false,"template":"","format":"standard","meta":{"_jetpack_memberships_contains_paid_content":false,"footnotes":""},"categories":[6],"tags":[],"class_list":["post-36829","post","type-post","status-publish","format-standard","has-post-thumbnail","hentry","category-nacionales"],"jetpack_featured_media_url":"https:\/\/i0.wp.com\/cdnoticias.com\/wp-content\/uploads\/2021\/10\/DIB-vacunacion_28-4-2021-696x482.jpeg?fit=696%2C482&ssl=1","jetpack_sharing_enabled":true,"_links":{"self":[{"href":"https:\/\/cdnoticias.com\/index.php\/wp-json\/wp\/v2\/posts\/36829","targetHints":{"allow":["GET"]}}],"collection":[{"href":"https:\/\/cdnoticias.com\/index.php\/wp-json\/wp\/v2\/posts"}],"about":[{"href":"https:\/\/cdnoticias.com\/index.php\/wp-json\/wp\/v2\/types\/post"}],"author":[{"embeddable":true,"href":"https:\/\/cdnoticias.com\/index.php\/wp-json\/wp\/v2\/users\/4"}],"replies":[{"embeddable":true,"href":"https:\/\/cdnoticias.com\/index.php\/wp-json\/wp\/v2\/comments?post=36829"}],"version-history":[{"count":0,"href":"https:\/\/cdnoticias.com\/index.php\/wp-json\/wp\/v2\/posts\/36829\/revisions"}],"wp:featuredmedia":[{"embeddable":true,"href":"https:\/\/cdnoticias.com\/index.php\/wp-json\/wp\/v2\/media\/36831"}],"wp:attachment":[{"href":"https:\/\/cdnoticias.com\/index.php\/wp-json\/wp\/v2\/media?parent=36829"}],"wp:term":[{"taxonomy":"category","embeddable":true,"href":"https:\/\/cdnoticias.com\/index.php\/wp-json\/wp\/v2\/categories?post=36829"},{"taxonomy":"post_tag","embeddable":true,"href":"https:\/\/cdnoticias.com\/index.php\/wp-json\/wp\/v2\/tags?post=36829"}],"curies":[{"name":"wp","href":"https:\/\/api.w.org\/{rel}","templated":true}]}}