{"id":36822,"date":"2021-10-27T12:49:18","date_gmt":"2021-10-27T15:49:18","guid":{"rendered":"http:\/\/www.centraldenoticias.com.ar\/?p=36822"},"modified":"2021-10-27T12:49:18","modified_gmt":"2021-10-27T15:49:18","slug":"diputados-aprueban-el-programa-integral-de-oncologia-pediatrica","status":"publish","type":"post","link":"https:\/\/cdnoticias.com\/index.php\/2021\/10\/27\/diputados-aprueban-el-programa-integral-de-oncologia-pediatrica\/","title":{"rendered":"Diputados: Aprueban el programa integral de Oncolog\u00eda Pedi\u00e1trica"},"content":{"rendered":"<p>Fue impulsado por Eduardo \u201cBali\u201d Bucca. \u201cEspera Cero\u201d promueve el acceso inmediato al tratamiento y la medicaci\u00f3n de los pacientes con c\u00e1ncer. \u201cSe estima que en nuestro pa\u00eds es la primera causa de muerte por enfermedad de ni\u00f1os de 5 a 14 a\u00f1os\u201d, afirm\u00f3 el legislador.\u00a0<!--more--><\/p>\n<hr \/>\n<p>En la \u00faltima sesi\u00f3n de la C\u00e1mara de Diputados de la Naci\u00f3n,<strong> fue aprobado de forma un\u00e1nime \u201cEspera Cero\u201d, el proyecto impulsado por el diputado \u201cBali\u201d Bucca. Este se potenci\u00f3 junto a otros proyectos de distintas fuerzas pol\u00edticas y finalmente se elabor\u00f3 el programa de Protecci\u00f3n Integral del Ni\u00f1o, Ni\u00f1a y Adolescente con C\u00e1ncer, que busca reducir al m\u00ednimo los tiempos para el inicio de los tratamientos oncol\u00f3gicos pedi\u00e1tricos en Argentina y la burocracia durante su proceso.<\/strong><\/p>\n<p>&nbsp;<\/p>\n<p><strong><em>&#8220;Nos estamos poniendo del lado de la gente, del lado de cada padre y madre que recibe la dura noticia del diagn\u00f3stico de c\u00e1ncer de un hijo o hija. Eso habla de empat\u00eda, algo que muchas veces la dirigencia pol\u00edtica pierde&#8221;<\/em><\/strong>, dijo Bucca durante el debate de la iniciativa, que este martes durante la madrugada recibi\u00f3 media sanci\u00f3n en el Congreso de la Naci\u00f3n.<\/p>\n<p>&nbsp;<\/p>\n<p>La medida determina que los organismos competentes deber\u00e1n establecer lineamientos tendientes a<strong> prevenir, asegurar el diagn\u00f3stico temprano y el inmediato acceso a drogas oncol\u00f3gicas hasta el final de tratamiento, como herramientas estrat\u00e9gicas para el abordaje del c\u00e1ncer infantil.<\/strong><\/p>\n<p>&nbsp;<\/p>\n<blockquote><p>Bali, asimismo, resalt\u00f3 <em>\u201ccomo m\u00e9dico me pone muy feliz y me llena de orgullo poder tratar un tema de estas caracter\u00edsticas y avanzar en la creaci\u00f3n de la cobertura integral para que los ni\u00f1os y ni\u00f1as est\u00e9n acompa\u00f1ados durante el transcurso de su enfermedad oncol\u00f3gica\u201d.<\/em><\/p><\/blockquote>\n<p>&nbsp;<\/p>\n<p>El legislador bolivarense se desempe\u00f1a como diputado desde el 2017 y durante su mandato se ha preocupado por legislar a favor de proyectos de ley vinculados a la salud p\u00fablica, la prevenci\u00f3n y a la protecci\u00f3n de los sectores m\u00e1s vulnerables de la sociedad.<\/p>\n<p>&nbsp;<\/p>\n<p>La iniciativa de oncolog\u00eda pedi\u00e1trica se inscribe en este marco con el firme<strong> prop\u00f3sito de reducir la morbimortalidad de c\u00e1ncer pedi\u00e1trico y garantizarles sus derechos a los ni\u00f1os y sus familias que pasan por esta dif\u00edcil situaci\u00f3n.<\/strong> \u201c<em>Se estima que en nuestro pa\u00eds el c\u00e1ncer es la primera causa de muerte por enfermedad de ni\u00f1os de 5 a 14 a\u00f1os\u201d, afirm\u00f3 el diputado y agreg\u00f3: \u201cm\u00e1s de 1300 ni\u00f1os y ni\u00f1as son diagnosticados por a\u00f1o en nuestro pa\u00eds\u201d.<\/em><\/p>\n<p>&nbsp;<\/p>\n<blockquote><p>\u201cElegimos el nombre de `Espera Cero\u00b4 porque los chicos no pueden esperar el tratamiento. Por eso el Estado, a trav\u00e9s del Ministerio de Salud de la Naci\u00f3n, con esta herramienta podr\u00e1 garantizarle a los ni\u00f1os y ni\u00f1as un diagn\u00f3stico r\u00e1pido, temprano. Adem\u00e1s del acceso inmediato a los medicamentos oncol\u00f3gicos necesarios, y sobre todo asegurarles la continuidad del tratamiento y evitar el abandono del mismo\u201d, fundament\u00f3 Bucca en la sesi\u00f3n de hoy.<\/p><\/blockquote>\n<p>&nbsp;<\/p>\n<p>Otros de los puntos centrales que aborda el proyecto girado a la C\u00e1mara de Senadores, es el <strong>acompa\u00f1amiento de las familias con ni\u00f1os y ni\u00f1as con c\u00e1ncer. El tratamiento puede prolongarse por meses e incluso hasta a\u00f1os.<\/strong> <em>\u201cPor este motivo, aquellas familias que viajan desde el norte, del sur del pa\u00eds, o del interior bonaerense al Garrahan por ejemplo, es necesario que puedan acceder a servicios gratuitos de transporte a\u00e9reo y\/o terrestre durante el proceso de atenci\u00f3n m\u00e9dica que les permita cercan\u00eda y acompa\u00f1amiento con el ni\u00f1o\u00a0 enfermo\u201d<\/em>, manifest\u00f3 el diputado del FdT.<\/p>\n<p>&nbsp;<\/p>\n<p><strong>El debate fue observado por padres y madres que tienen hijos que padecen c\u00e1ncer y ven\u00edan reclamando la sanci\u00f3n de esta iniciativa y la ministra de Salud, Carla Vizzotti<\/strong>, quienes se ubicaron a escuchar los argumentos pertinentes desde el palco de los invitados.<\/p>\n<p>&nbsp;<\/p>\n<p><strong><span style=\"text-decoration: underline;\">Centros de atenci\u00f3n en Argentina<\/span><\/strong><\/p>\n<p>&nbsp;<\/p>\n<p>El proyecto fundamenta que <strong>actualmente en el pa\u00eds se registran 37 centros p\u00fablicos que atienden c\u00e1ncer infantil<\/strong>, los cuales se encuentran distribuidos en 16 de las 24 provincias. El 60% de los pacientes se atienden en cuatro de estos centros, ubicados en 3 provincias distintas.<\/p>\n<p>&nbsp;<\/p>\n<p>En esa l\u00ednea, manifiesta que existe<em> \u201cuna necesidad imperiosa de mejorar el diagn\u00f3stico temprano de c\u00e1ncer infantil, contar con un acceso r\u00e1pido a los f\u00e1rmacos oncol\u00f3gicos y asegurar provisi\u00f3n durante todo el tratamiento, promoviendo su continuidad y evitando el abandono del mismo\u201d.<\/em><\/p>\n<p>&nbsp;<\/p>\n<p>No obstante, la iniciativa sancionada permitir\u00e1 que <strong>el Banco de Drogas Especiales cuente con un stock permanente y suficiente de drogas oncol\u00f3gicas que brinde a los ni\u00f1os y ni\u00f1as que lo necesiten la oportunidad de recibir en el menor tiempo posible dichos medicamentos, para que inicien su tratamiento a tiempo.<\/strong><\/p>\n","protected":false},"excerpt":{"rendered":"<p>Fue impulsado por Eduardo \u201cBali\u201d Bucca. \u201cEspera Cero\u201d promueve el acceso inmediato al tratamiento y la medicaci\u00f3n de los pacientes<\/p>\n","protected":false},"author":2,"featured_media":36827,"comment_status":"closed","ping_status":"closed","sticky":false,"template":"","format":"standard","meta":{"_jetpack_memberships_contains_paid_content":false,"footnotes":""},"categories":[6,1],"tags":[],"class_list":["post-36822","post","type-post","status-publish","format-standard","has-post-thumbnail","hentry","category-nacionales","category-portada"],"jetpack_featured_media_url":"https:\/\/i0.wp.com\/cdnoticias.com\/wp-content\/uploads\/2021\/10\/WhatsApp-Image-2021-10-27-at-11.51.37.jpeg?fit=1280%2C738&ssl=1","jetpack_sharing_enabled":true,"_links":{"self":[{"href":"https:\/\/cdnoticias.com\/index.php\/wp-json\/wp\/v2\/posts\/36822","targetHints":{"allow":["GET"]}}],"collection":[{"href":"https:\/\/cdnoticias.com\/index.php\/wp-json\/wp\/v2\/posts"}],"about":[{"href":"https:\/\/cdnoticias.com\/index.php\/wp-json\/wp\/v2\/types\/post"}],"author":[{"embeddable":true,"href":"https:\/\/cdnoticias.com\/index.php\/wp-json\/wp\/v2\/users\/2"}],"replies":[{"embeddable":true,"href":"https:\/\/cdnoticias.com\/index.php\/wp-json\/wp\/v2\/comments?post=36822"}],"version-history":[{"count":0,"href":"https:\/\/cdnoticias.com\/index.php\/wp-json\/wp\/v2\/posts\/36822\/revisions"}],"wp:featuredmedia":[{"embeddable":true,"href":"https:\/\/cdnoticias.com\/index.php\/wp-json\/wp\/v2\/media\/36827"}],"wp:attachment":[{"href":"https:\/\/cdnoticias.com\/index.php\/wp-json\/wp\/v2\/media?parent=36822"}],"wp:term":[{"taxonomy":"category","embeddable":true,"href":"https:\/\/cdnoticias.com\/index.php\/wp-json\/wp\/v2\/categories?post=36822"},{"taxonomy":"post_tag","embeddable":true,"href":"https:\/\/cdnoticias.com\/index.php\/wp-json\/wp\/v2\/tags?post=36822"}],"curies":[{"name":"wp","href":"https:\/\/api.w.org\/{rel}","templated":true}]}}