{"id":3682,"date":"2020-10-11T10:22:15","date_gmt":"2020-10-11T13:22:15","guid":{"rendered":"http:\/\/www.centraldenoticias.com.ar\/?p=3682"},"modified":"2020-10-11T10:22:15","modified_gmt":"2020-10-11T13:22:15","slug":"la-unicen-desarrollo-un-prototipo-de-mamografo-que-no-utiliza-rayos-x","status":"publish","type":"post","link":"https:\/\/cdnoticias.com\/index.php\/2020\/10\/11\/la-unicen-desarrollo-un-prototipo-de-mamografo-que-no-utiliza-rayos-x\/","title":{"rendered":"La Unicen desarroll\u00f3 un prototipo de mam\u00f3grafo que no utiliza rayos X"},"content":{"rendered":"<p>Se trata del \u201cMamoRef\u201d, que usa luz infrarroja y que tiene por objetivo complementar los sistemas tradicionales de diagn\u00f3stico mamario de forma segura y c\u00f3moda. Fue dise\u00f1ado por el Grupo de \u00d3ptica Biom\u00e9dica de la Facultad de Ciencias Exactas de Unicen.<!--more--><\/p>\n<hr \/>\n<p>Un equipo de cient\u00edficos de la Universidad Nacional del Centro (UniCen) y del Conicet comenzaron la construcci\u00f3n de <strong>un mam\u00f3grafo \u00f3ptico capaz de detectar quistes y tumores de mama <\/strong>a trav\u00e9s de luz infrarroja y sin utilizar los rayos X, lo que evita la radiaci\u00f3n durante ese tipo de pr\u00e1cticas.<\/p>\n<p><strong>Se trata del prototipo de \u201cMamoRef\u201d, un sistema de mamograf\u00eda que usa luz infrarroja y que tiene por objetivo complementar los sistemas tradicionales de diagn\u00f3stico mamario de forma segura y c\u00f3moda<\/strong>.<\/p>\n<p>El dispositivo consiste en <strong>una camilla con una ventana transparente debajo de la cual se coloca el sistema de medici\u00f3n<\/strong> y fue dise\u00f1ado por el Grupo de \u00d3ptica Biom\u00e9dica de la Facultad de Ciencias Exactas de la UniCen, \u201cuno de los pocos abocados al estudio de la propagaci\u00f3n de la luz en medios biol\u00f3gicos tanto a nivel nacional como internacional\u201d, seg\u00fan explic\u00f3 la decana de esa unidad acad\u00e9mica, Silvia Stipcich.<\/p>\n<p>De esa forma, la paciente se recuesta boca abajo en la camilla con los pechos apoyados sobre la mencionada ventana, lo que<strong> evita la compresi\u00f3n de la mama entre dos placas,<\/strong> t\u00edpica de los sistemas mamogr\u00e1ficos tradicionales.<\/p>\n<p>En una entrevista con T\u00e9lam, Stipcich precis\u00f3 que la idea comenz\u00f3 en el 2008 \u201ccon las definiciones de los principios b\u00e1sicos, luego se pas\u00f3 a las validaciones en laboratorio y ahora al desarrollo de un prototipo cl\u00ednico del mam\u00f3grafo \u00f3ptico, que validar\u00e1 en la pr\u00e1ctica m\u00e9dica lo que ya se ha probado en el laboratorio\u201d.<\/p>\n<p>Para ello,<strong> la aceleradora de proyectos Centro de Innovaci\u00f3n Tecnol\u00f3gica, Empresarial y Social (Cites) ser\u00e1 la que realice la inversi\u00f3n<\/strong> que posibilitar\u00e1 avanzar en el desarrollo de este proyecto vinculado a la tecnolog\u00eda de la salud.<\/p>\n<p>El sistema de medici\u00f3n consta esencialmente de dos o m\u00e1s l\u00e1seres de diferentes longitudes de onda, una c\u00e1mara CCD de alta sensibilidad y un esc\u00e1ner galvanom\u00e9trico que permite direccionar el haz l\u00e1ser, de forma tal de hacer un barrido del \u00e1rea a estudiar.<\/p>\n<p>Para cada posici\u00f3n del l\u00e1ser, se toma una imagen de todo el campo con la c\u00e1mara y, adem\u00e1s, un sistema de filtros interferom\u00e9tricos permite la selecci\u00f3n de longitudes de onda determinadas, \u00fatil para la determinaci\u00f3n de las caracter\u00edsticas \u00f3pticas del tejido.<\/p>\n<p><img data-recalc-dims=\"1\" loading=\"lazy\" decoding=\"async\" class=\"aligncenter wp-image-3683\" src=\"https:\/\/i0.wp.com\/cdnoticias.com\/wp-content\/uploads\/2020\/10\/unicen-mamografo1.jpg?resize=550%2C310&#038;ssl=1\" alt=\"\" width=\"550\" height=\"310\" srcset=\"https:\/\/i0.wp.com\/cdnoticias.com\/wp-content\/uploads\/2020\/10\/unicen-mamografo1.jpg?resize=300%2C169&amp;ssl=1 300w, https:\/\/i0.wp.com\/cdnoticias.com\/wp-content\/uploads\/2020\/10\/unicen-mamografo1.jpg?resize=768%2C432&amp;ssl=1 768w, https:\/\/i0.wp.com\/cdnoticias.com\/wp-content\/uploads\/2020\/10\/unicen-mamografo1.jpg?w=1004&amp;ssl=1 1004w\" sizes=\"auto, (max-width: 550px) 100vw, 550px\" \/><\/p>\n<p>Estad\u00edsticamente, <strong>una de cada ocho mujeres en la Argentina podr\u00eda desarrollar c\u00e1ncer de mama a lo largo de su vida<\/strong>, y el 20 por ciento de ellas antes de los 40 a\u00f1os, aunque el 95% de esos casos son curables si son diagnosticados a tiempo. Sin embargo,<strong> los estudios mamogr\u00e1ficos actuales s\u00f3lo son indicados para mujeres mayores de 45 a\u00f1os debido a la nocividad de los rayos X<\/strong>. Por la misma raz\u00f3n, no se recomienda su uso frecuente para el seguimiento de la evoluci\u00f3n de la enfermedad o tratamiento.<\/p>\n<blockquote><p>Los investigadores sostienen que el mam\u00f3grafo \u00f3ptico tiene caracter\u00edsticas especiales tales como que es seguro, sin radiaci\u00f3n ionizante, no invasivo, c\u00f3modo porque no requiere compresi\u00f3n, es portable y sin necesidad de infraestructura.<\/p><\/blockquote>\n<p>El equipo de cient\u00edficos que <strong>encabezan Pamela Pardini y Nicol\u00e1s Carbone<\/strong>, est\u00e1 integrado tambi\u00e9n por Juan Pomarico, Daniela Iriarte, Mar\u00eda Victoria Waks Serra, H\u00e9ctor Garc\u00eda, H\u00e9ctor Oscar Di Rocco, Demi\u00e1n Vera y Mariel Bernal.<\/p>\n<p>Ellos forman parte de los m\u00e1s de 200 investigadores con que cuenta la Facultad de Ciencias Exactas y que se abocan a las tem\u00e1ticas vinculadas a los cuatro departamentos con los que cuenta: Matem\u00e1tica; Ciencias F\u00edsicas y Ambientales; Computaci\u00f3n y Sistemas y Formaci\u00f3n docente.<\/p>\n<p>\u201c<strong>Nuestra facultad tiene una marcada tradici\u00f3n en la investigaci\u00f3n<\/strong>, tanto por las producciones de sus integrantes como por la vinculaci\u00f3n con otros centros similares del pa\u00eds y del exterior y prueba de ello es que de las seis unidades ejecutoras de Conicet que se alojan en nuestra Universidad, dos se asocian a Exactas\u201d, resalt\u00f3 Stipcich.<\/p>\n<p>La decana explic\u00f3 tambi\u00e9n que la Universidad cuenta con una Subsecretar\u00eda de Vinculaci\u00f3n y Transferencia \u201cque es la encargada de articular con organismos y empresas para que el conocimiento cient\u00edfico y tecnol\u00f3gico sea una realidad palpable y trabaje en la resoluci\u00f3n de los problemas reales de nuestra comunidad\u201d.<\/p>\n<p>Destac\u00f3 adem\u00e1s <strong>el rol de las universidades p\u00fablicas \u201cque desde su esp\u00edritu fundacional entienden a las capacidades cient\u00edficas y tecnol\u00f3gicas como un activo\u201d<\/strong> y puso de ejemplo el aporte que realizaron en esta pandemia.<\/p>\n<p>\u201cAnte una situaci\u00f3n tan inesperada como la pandemia de Covid se pone en evidencia el rol central que el conocimiento ha adquirido en la conformaci\u00f3n de la nueva estructura social. No siempre el v\u00ednculo es tan notable o alcanza a tantos integrantes de la sociedad, pero est\u00e1 en <strong>la esencia de las universidades p\u00fablicas contribuir a la generaci\u00f3n de bienestar para los pueblos<\/strong>\u201d, concluy\u00f3.<\/p>\n<p>Fuente: T\u00e9lam \/ Jorge Mauco<\/p>\n","protected":false},"excerpt":{"rendered":"<p>Se trata del \u201cMamoRef\u201d, que usa luz infrarroja y que tiene por objetivo complementar los sistemas tradicionales de diagn\u00f3stico mamario<\/p>\n","protected":false},"author":4,"featured_media":3684,"comment_status":"closed","ping_status":"closed","sticky":false,"template":"","format":"standard","meta":{"_jetpack_memberships_contains_paid_content":false,"footnotes":""},"categories":[6,1],"tags":[],"class_list":["post-3682","post","type-post","status-publish","format-standard","has-post-thumbnail","hentry","category-nacionales","category-portada"],"jetpack_featured_media_url":"https:\/\/i0.wp.com\/cdnoticias.com\/wp-content\/uploads\/2020\/10\/unicen-mamografo-telam.jpg?fit=1004%2C565&ssl=1","jetpack_sharing_enabled":true,"_links":{"self":[{"href":"https:\/\/cdnoticias.com\/index.php\/wp-json\/wp\/v2\/posts\/3682","targetHints":{"allow":["GET"]}}],"collection":[{"href":"https:\/\/cdnoticias.com\/index.php\/wp-json\/wp\/v2\/posts"}],"about":[{"href":"https:\/\/cdnoticias.com\/index.php\/wp-json\/wp\/v2\/types\/post"}],"author":[{"embeddable":true,"href":"https:\/\/cdnoticias.com\/index.php\/wp-json\/wp\/v2\/users\/4"}],"replies":[{"embeddable":true,"href":"https:\/\/cdnoticias.com\/index.php\/wp-json\/wp\/v2\/comments?post=3682"}],"version-history":[{"count":0,"href":"https:\/\/cdnoticias.com\/index.php\/wp-json\/wp\/v2\/posts\/3682\/revisions"}],"wp:featuredmedia":[{"embeddable":true,"href":"https:\/\/cdnoticias.com\/index.php\/wp-json\/wp\/v2\/media\/3684"}],"wp:attachment":[{"href":"https:\/\/cdnoticias.com\/index.php\/wp-json\/wp\/v2\/media?parent=3682"}],"wp:term":[{"taxonomy":"category","embeddable":true,"href":"https:\/\/cdnoticias.com\/index.php\/wp-json\/wp\/v2\/categories?post=3682"},{"taxonomy":"post_tag","embeddable":true,"href":"https:\/\/cdnoticias.com\/index.php\/wp-json\/wp\/v2\/tags?post=3682"}],"curies":[{"name":"wp","href":"https:\/\/api.w.org\/{rel}","templated":true}]}}