{"id":36812,"date":"2021-10-27T12:35:18","date_gmt":"2021-10-27T15:35:18","guid":{"rendered":"http:\/\/www.centraldenoticias.com.ar\/?p=36812"},"modified":"2021-10-27T14:04:00","modified_gmt":"2021-10-27T17:04:00","slug":"el-intendente-recorrio-la-primera-etapa-de-construccion-de-las-tu-vi","status":"publish","type":"post","link":"https:\/\/cdnoticias.com\/index.php\/2021\/10\/27\/el-intendente-recorrio-la-primera-etapa-de-construccion-de-las-tu-vi\/","title":{"rendered":"El Intendente recorri\u00f3 la primera etapa de construcci\u00f3n de las Tu.Vi"},"content":{"rendered":"<p>Fue en la ma\u00f1ana de este mi\u00e9rcoles, en el barrio Pickelado. Se trata de las bases donde se emplazar\u00e1n las viviendas de tipo industrializadas.\u00a0<!--more--><\/p>\n<hr \/>\n<p>Este mi\u00e9rcoles por la ma\u00f1ana,<strong> el Intendente Ezequiel Galli y funcionarios de gobierno recorrieron los trabajos en la primera etapa de construcci\u00f3n de las viviendas Tu.Vi en barrio Pickelado.<\/strong><\/p>\n<p>&nbsp;<\/p>\n<p>El jefe comunal estuvo acompa\u00f1ado de los secretarios de Desarrollo Humano y Calidad de Vida Diego Robbiani y de Mantenimiento y Obras P\u00fablicas Julio Ferraro, el presidente del HCD Bruno Cenizo y la concejal Mar\u00eda Jos\u00e9 Gonz\u00e1lez.<\/p>\n<p>&nbsp;<\/p>\n<p><img data-recalc-dims=\"1\" loading=\"lazy\" decoding=\"async\" class=\"alignnone size-large wp-image-36814\" src=\"https:\/\/i0.wp.com\/cdnoticias.com\/wp-content\/uploads\/2021\/10\/Obras-Tuvi-Industriales-2-scaled.jpg?resize=800%2C534&#038;ssl=1\" alt=\"\" width=\"800\" height=\"534\" srcset=\"https:\/\/i0.wp.com\/cdnoticias.com\/wp-content\/uploads\/2021\/10\/Obras-Tuvi-Industriales-2-scaled.jpg?resize=1024%2C684&amp;ssl=1 1024w, https:\/\/i0.wp.com\/cdnoticias.com\/wp-content\/uploads\/2021\/10\/Obras-Tuvi-Industriales-2-scaled.jpg?resize=300%2C201&amp;ssl=1 300w, https:\/\/i0.wp.com\/cdnoticias.com\/wp-content\/uploads\/2021\/10\/Obras-Tuvi-Industriales-2-scaled.jpg?resize=768%2C513&amp;ssl=1 768w, https:\/\/i0.wp.com\/cdnoticias.com\/wp-content\/uploads\/2021\/10\/Obras-Tuvi-Industriales-2-scaled.jpg?resize=272%2C182&amp;ssl=1 272w, https:\/\/i0.wp.com\/cdnoticias.com\/wp-content\/uploads\/2021\/10\/Obras-Tuvi-Industriales-2-scaled.jpg?w=1600&amp;ssl=1 1600w, https:\/\/i0.wp.com\/cdnoticias.com\/wp-content\/uploads\/2021\/10\/Obras-Tuvi-Industriales-2-scaled.jpg?w=2400&amp;ssl=1 2400w\" sizes=\"auto, (max-width: 800px) 100vw, 800px\" \/><\/p>\n<p>&nbsp;<\/p>\n<p>A finales del mes de junio y principios de julio de 2020 <a href=\"https:\/\/cdnoticias.com\/index.php\/2021\/10\/01\/avanza-la-construccion-de-las-viviendas-tradicionales-tuvi-en-barrio-pickelado\/\" target=\"_blank\" rel=\"noopener\">comenzaron los trabajos en los terrenos<\/a> del barrio y <strong>las primeras 20 de ellas (de construcci\u00f3n tradicional) ya cuentan con un notorio grado de avance. En simult\u00e1neo se trabaja en la primera etapa para las 20 industrializadas, que consiste en la edificaci\u00f3n de las plateas o m\u00e1s conocidas como bases.<\/strong><\/p>\n<p>&nbsp;<\/p>\n<blockquote><p>De esta forma, en 2022 Barrio Pickelado tendr\u00e1 40 nuevas familias que cumplir\u00e1n el sue\u00f1o de la casa propia.<\/p><\/blockquote>\n<p>&nbsp;<\/p>\n<p>El programa contempla la <strong>construcci\u00f3n de 20 casas de forma tradicional y 20 de manera industrializada en barrio Pickelado. Todas ellas tendr\u00e1n 45 metros cuadrados, con todas sus instalaciones, revestimientos, solados, cielorrasos, artefactos y accesorios necesarios para un buen funcionamiento.<\/strong><\/p>\n","protected":false},"excerpt":{"rendered":"<p>Fue en la ma\u00f1ana de este mi\u00e9rcoles, en el barrio Pickelado. Se trata de las bases donde se emplazar\u00e1n las<\/p>\n","protected":false},"author":2,"featured_media":36813,"comment_status":"closed","ping_status":"closed","sticky":false,"template":"","format":"standard","meta":{"_jetpack_memberships_contains_paid_content":false,"footnotes":""},"categories":[5,1],"tags":[],"class_list":["post-36812","post","type-post","status-publish","format-standard","has-post-thumbnail","hentry","category-informacion-general","category-portada"],"jetpack_featured_media_url":"https:\/\/i0.wp.com\/cdnoticias.com\/wp-content\/uploads\/2021\/10\/Obras-Tuvi-Industriales-1-scaled.jpg?fit=2560%2C1711&ssl=1","jetpack_sharing_enabled":true,"_links":{"self":[{"href":"https:\/\/cdnoticias.com\/index.php\/wp-json\/wp\/v2\/posts\/36812","targetHints":{"allow":["GET"]}}],"collection":[{"href":"https:\/\/cdnoticias.com\/index.php\/wp-json\/wp\/v2\/posts"}],"about":[{"href":"https:\/\/cdnoticias.com\/index.php\/wp-json\/wp\/v2\/types\/post"}],"author":[{"embeddable":true,"href":"https:\/\/cdnoticias.com\/index.php\/wp-json\/wp\/v2\/users\/2"}],"replies":[{"embeddable":true,"href":"https:\/\/cdnoticias.com\/index.php\/wp-json\/wp\/v2\/comments?post=36812"}],"version-history":[{"count":0,"href":"https:\/\/cdnoticias.com\/index.php\/wp-json\/wp\/v2\/posts\/36812\/revisions"}],"wp:featuredmedia":[{"embeddable":true,"href":"https:\/\/cdnoticias.com\/index.php\/wp-json\/wp\/v2\/media\/36813"}],"wp:attachment":[{"href":"https:\/\/cdnoticias.com\/index.php\/wp-json\/wp\/v2\/media?parent=36812"}],"wp:term":[{"taxonomy":"category","embeddable":true,"href":"https:\/\/cdnoticias.com\/index.php\/wp-json\/wp\/v2\/categories?post=36812"},{"taxonomy":"post_tag","embeddable":true,"href":"https:\/\/cdnoticias.com\/index.php\/wp-json\/wp\/v2\/tags?post=36812"}],"curies":[{"name":"wp","href":"https:\/\/api.w.org\/{rel}","templated":true}]}}