{"id":36793,"date":"2021-10-27T12:30:39","date_gmt":"2021-10-27T15:30:39","guid":{"rendered":"http:\/\/www.centraldenoticias.com.ar\/?p=36793"},"modified":"2021-10-27T12:35:43","modified_gmt":"2021-10-27T15:35:43","slug":"fue-identificado-el-hombre-fallecido-en-ruta-51","status":"publish","type":"post","link":"https:\/\/cdnoticias.com\/index.php\/2021\/10\/27\/fue-identificado-el-hombre-fallecido-en-ruta-51\/","title":{"rendered":"Fue identificado el hombre fallecido en ruta 51"},"content":{"rendered":"<p>Es un vecino de Olavarr\u00eda, de 40 a\u00f1os. Conduc\u00eda una camioneta que impact\u00f3 violentamente contra un \u00e1rbol.<!--more--><\/p>\n<hr \/>\n<p><strong>Se confirm\u00f3 la identidad del hombre fallecido en ruta 51<\/strong><a href=\"https:\/\/cdnoticias.com\/index.php\/2021\/10\/27\/un-hombre-fallecio-en-un-choque-en-ruta-51\/\" target=\"_blank\" rel=\"noopener\"> en la ma\u00f1ana de este mi\u00e9rcoles<\/a>.<\/p>\n<p>&nbsp;<\/p>\n<p><strong>Es un vecino de Olavarr\u00eda quien conduc\u00eda una camioneta Renault Oroch<\/strong> que impact\u00f3 violentamente contra un \u00e1rbol.<\/p>\n<p>&nbsp;<\/p>\n<p><strong>Se trata de Mario Sebasti\u00e1n Esnal, de 40 a\u00f1os<\/strong>. El hombre, quien viajaba solo, falleci\u00f3 inmediatamente tras el choque.<\/p>\n<p>&nbsp;<\/p>\n","protected":false},"excerpt":{"rendered":"<p>Es un vecino de Olavarr\u00eda, de 40 a\u00f1os. Conduc\u00eda una camioneta que impact\u00f3 violentamente contra un \u00e1rbol.<\/p>\n","protected":false},"author":4,"featured_media":36773,"comment_status":"closed","ping_status":"closed","sticky":false,"template":"","format":"standard","meta":{"_jetpack_memberships_contains_paid_content":false,"footnotes":""},"categories":[14,1],"tags":[],"class_list":["post-36793","post","type-post","status-publish","format-standard","has-post-thumbnail","hentry","category-policiales","category-portada"],"jetpack_featured_media_url":"https:\/\/i0.wp.com\/cdnoticias.com\/wp-content\/uploads\/2021\/10\/IMG-20211027-WA0001-01.jpeg?fit=899%2C602&ssl=1","jetpack_sharing_enabled":true,"_links":{"self":[{"href":"https:\/\/cdnoticias.com\/index.php\/wp-json\/wp\/v2\/posts\/36793","targetHints":{"allow":["GET"]}}],"collection":[{"href":"https:\/\/cdnoticias.com\/index.php\/wp-json\/wp\/v2\/posts"}],"about":[{"href":"https:\/\/cdnoticias.com\/index.php\/wp-json\/wp\/v2\/types\/post"}],"author":[{"embeddable":true,"href":"https:\/\/cdnoticias.com\/index.php\/wp-json\/wp\/v2\/users\/4"}],"replies":[{"embeddable":true,"href":"https:\/\/cdnoticias.com\/index.php\/wp-json\/wp\/v2\/comments?post=36793"}],"version-history":[{"count":0,"href":"https:\/\/cdnoticias.com\/index.php\/wp-json\/wp\/v2\/posts\/36793\/revisions"}],"wp:featuredmedia":[{"embeddable":true,"href":"https:\/\/cdnoticias.com\/index.php\/wp-json\/wp\/v2\/media\/36773"}],"wp:attachment":[{"href":"https:\/\/cdnoticias.com\/index.php\/wp-json\/wp\/v2\/media?parent=36793"}],"wp:term":[{"taxonomy":"category","embeddable":true,"href":"https:\/\/cdnoticias.com\/index.php\/wp-json\/wp\/v2\/categories?post=36793"},{"taxonomy":"post_tag","embeddable":true,"href":"https:\/\/cdnoticias.com\/index.php\/wp-json\/wp\/v2\/tags?post=36793"}],"curies":[{"name":"wp","href":"https:\/\/api.w.org\/{rel}","templated":true}]}}