{"id":36783,"date":"2021-10-27T08:36:43","date_gmt":"2021-10-27T11:36:43","guid":{"rendered":"http:\/\/www.centraldenoticias.com.ar\/?p=36783"},"modified":"2021-10-27T09:48:49","modified_gmt":"2021-10-27T12:48:49","slug":"rosa-paternico-viuda-de-rodriguez-rosita-q-e-p-d","status":"publish","type":"post","link":"https:\/\/cdnoticias.com\/index.php\/2021\/10\/27\/rosa-paternico-viuda-de-rodriguez-rosita-q-e-p-d\/","title":{"rendered":"Rosa Paternico viuda de Rodr\u00edguez &#8220;Rosita&#8221; (Q.E.P.D.)"},"content":{"rendered":"<p>Falleci\u00f3 en Olavarr\u00eda el d\u00eda 26 de octubre de 2021 a los 100 a\u00f1os de edad.<\/p>\n<p>&nbsp;<\/p>\n<p>Su hijo: Lisardo Rodriguez. Sus hijas pol\u00edticas: Mirta Villalba y Marcela Bringa. Sus nietos: Melisa, Florencia, Nicolas y Josefina. Sus nietos pol\u00edticos: Franco y Catalina. Sus bisnietos: Mateo, Isabella y Salvador. Su colaboradora Delia y personal; y dem\u00e1s deudos participan su fallecimiento.<\/p>\n<p>&nbsp;<\/p>\n<p>Velatorio: Espa\u00f1a 2942 departamento &#8220;B&#8221;. El velatorio se realizar\u00e1 \u00e9ste mi\u00e9rcoles de 14 a 17. Responso: Capilla Ardiente. Cremaci\u00f3n: Crematorio Pinos de Paz, jueves a las 8:30. Servicio adherido a Coopelectric.<\/p>\n<p>&nbsp;<\/p>\n<p>Vecina de Barrio San Vicente.<\/p>\n<p>&nbsp;<\/p>\n<p>Nacida en Balcarce.<\/p>\n<p>&nbsp;<\/p>\n<p>Jubilada y pensionada.<\/p>\n","protected":false},"excerpt":{"rendered":"<p>Falleci\u00f3 en Olavarr\u00eda el d\u00eda 26 de octubre de 2021 a los 100 a\u00f1os de edad. &nbsp; Su hijo: Lisardo<\/p>\n","protected":false},"author":4,"featured_media":0,"comment_status":"closed","ping_status":"closed","sticky":false,"template":"","format":"standard","meta":{"_jetpack_memberships_contains_paid_content":false,"footnotes":""},"categories":[10],"tags":[],"class_list":["post-36783","post","type-post","status-publish","format-standard","hentry","category-necrologicas"],"jetpack_featured_media_url":"","jetpack_sharing_enabled":true,"_links":{"self":[{"href":"https:\/\/cdnoticias.com\/index.php\/wp-json\/wp\/v2\/posts\/36783","targetHints":{"allow":["GET"]}}],"collection":[{"href":"https:\/\/cdnoticias.com\/index.php\/wp-json\/wp\/v2\/posts"}],"about":[{"href":"https:\/\/cdnoticias.com\/index.php\/wp-json\/wp\/v2\/types\/post"}],"author":[{"embeddable":true,"href":"https:\/\/cdnoticias.com\/index.php\/wp-json\/wp\/v2\/users\/4"}],"replies":[{"embeddable":true,"href":"https:\/\/cdnoticias.com\/index.php\/wp-json\/wp\/v2\/comments?post=36783"}],"version-history":[{"count":0,"href":"https:\/\/cdnoticias.com\/index.php\/wp-json\/wp\/v2\/posts\/36783\/revisions"}],"wp:attachment":[{"href":"https:\/\/cdnoticias.com\/index.php\/wp-json\/wp\/v2\/media?parent=36783"}],"wp:term":[{"taxonomy":"category","embeddable":true,"href":"https:\/\/cdnoticias.com\/index.php\/wp-json\/wp\/v2\/categories?post=36783"},{"taxonomy":"post_tag","embeddable":true,"href":"https:\/\/cdnoticias.com\/index.php\/wp-json\/wp\/v2\/tags?post=36783"}],"curies":[{"name":"wp","href":"https:\/\/api.w.org\/{rel}","templated":true}]}}