{"id":36726,"date":"2021-10-26T14:38:52","date_gmt":"2021-10-26T20:22:28","guid":{"rendered":"http:\/\/www.centraldenoticias.com.ar\/?p=36726"},"modified":"2025-02-01T23:51:49","modified_gmt":"2025-02-02T02:51:49","slug":"el-intendente-recorrio-las-nuevas-obras-de-la-pista-de-atletismo","status":"publish","type":"post","link":"https:\/\/cdnoticias.com\/index.php\/2021\/10\/26\/el-intendente-recorrio-las-nuevas-obras-de-la-pista-de-atletismo\/","title":{"rendered":"El Intendente recorri\u00f3 las nuevas obras de la pista de atletismo"},"content":{"rendered":"<p>El intendente Ezequiel Galli recorri\u00f3, en la ma\u00f1ana de este martes, la obra de construcci\u00f3n de ba\u00f1os, gradas y dep\u00f3sito, en la pista de atletismo que se emplaza en Parque Avellaneda, que se convertir\u00e1 en el punto neur\u00e1lgico del deporte en Olavarr\u00eda.<!--more--><\/p>\n<hr \/>\n<p>Este martes, el Intendente y dem\u00e1s funcionarios municipales estuvieron en la pista de atletismo recorriendo las obras en las inmediaciones que significan la continuidad del proyecto emplazado en el Parque Avellaneda.<\/p>\n<p>&nbsp;<\/p>\n<p>Durante la recorrida, el Intendente estuvo acompa\u00f1ado por los secretarios de Desarrollo Humano y Calidad de Vida Diego Robbiani y de Mantenimiento y Obras P\u00fablicas Julio Ferraro, el subsecretario de Deportes y Recreaci\u00f3n Juan Agust\u00edn Galli y el presidente del Concejo Deliberante Bruno Cenizo.<\/p>\n<p>&nbsp;<\/p>\n<p>La obra es financiada con recursos propios y el monto de inversi\u00f3n asciende a una suma de m\u00e1s de 8 millones de pesos. El porcentaje de ejecuci\u00f3n alcanza el 15%.<\/p>\n<p>&nbsp;<\/p>\n<p>La pista de atletismo -que fue inaugurada en el mes de diciembre del 2020- se ubica en un lugar estrat\u00e9gico de la planta urbana ciudad, delimitado por las avenidas Avellaneda, Pellegrini y las calles Santa Cruz y Rend\u00f3n.<\/p>\n<p>&nbsp;<\/p>\n<p>Actualmente cuenta con una pista de 8 carriles individuales de 1,22 metros y una longitud de 400 metros.\u00a0 Los carriles 1 y 2 se utilizan para pasadas cortas y largas, mientras que el 3 y 4 para velocidad corta y larga, mientras que los andariveles 5 y 6 est\u00e1n reservados para t\u00e9cnica de vallas y 7 y 8 son exclusivos para caminantes y aerobistas (trote).<\/p>\n<p>&nbsp;<\/p>\n<p>Tanto la construcci\u00f3n de la pista de atletismo en s\u00ed como de sanitarios para damas, caballeros y personas con discapacidad, gradas y dep\u00f3sito, se encuentra incluida en las tres etapas de obra que se proyectan en el predio de Parque Avellaneda, para sentar las bases de lo que ser\u00e1 el futuro Centro Deportivo Municipal, pensado como un espacio que permitir\u00e1 concentrar distintas disciplinas deportivas (f\u00fatbol, b\u00e1squet, v\u00f3ley, handball) y oficinas administrativas.<\/p>\n<p>&nbsp;<\/p>\n<p>Tal como se anunci\u00f3 d\u00edas atr\u00e1s, en el lugar se construir\u00e1n cuatro edificios de 1.600 metros cuadrados, en uno de ellos, en el principal se instalar\u00e1 la sede del Instituto de Formaci\u00f3n Docente N\u00ba 47, mientras que en otro edificio se proyecta trasladar la Subsecretar\u00eda de Deportes y Recreaci\u00f3n, que tendr\u00e1 dormis en planta alta. Tambi\u00e9n tendr\u00e1 distintos playones deportivos al aire libre, gimansio, una gran pista de pat\u00edn y sector de estacionamiento.<\/p>\n<p>&nbsp;<\/p>\n<p><img data-recalc-dims=\"1\" loading=\"lazy\" decoding=\"async\" class=\"aligncenter size-full wp-image-6979\" src=\"https:\/\/i0.wp.com\/centraldeportes.com.ar\/wp-content\/uploads\/2021\/10\/Obras-Pista-Atletismo-1-scaled.jpg?resize=800%2C535\" alt=\"\" width=\"800\" height=\"535\" \/><\/p>\n<p>&nbsp;<\/p>\n<p>El deporte es uno de ejes centrales de las pol\u00edticas de gesti\u00f3n del intendente Ezequiel Galli y en consecuencia se destina una importante inversi\u00f3n en materia de infraestructura deportiva, con la finalidad de brindar las mejores condiciones para los deportistas de nuestra ciudad y de la regi\u00f3n y para las generaciones futuras.<\/p>\n<p>&nbsp;<\/p>\n<p><strong>\u00daltimo d\u00eda para elegir el nombre<\/strong><\/p>\n<p>&nbsp;<\/p>\n<p>Cabe recordar que este martes 26 de octubre cierra la votaci\u00f3n para elegir el nombre de la Pista de Atletismo, en la p\u00e1gina web oficial del Municipio de Olavarr\u00eda.<\/p>\n<p>&nbsp;<\/p>\n<p>Una vez finalizada la votaci\u00f3n, se llevar\u00e1 a cabo la instancia de procesamiento de resultados y la publicaci\u00f3n de los mismos en el Portal de Gobierno Abierto. Dicho procedimiento finalizar\u00e1 cuando el nombre ganador supere la etapa de validaci\u00f3n por parte del Honorable Concejo Deliberante.<\/p>\n<p>&nbsp;<\/p>\n<p>Se recuerda que para participar es necesario, seguir los pasos que se detallan a continuaci\u00f3n:<\/p>\n<p>&nbsp;<\/p>\n<ul>\n<li>Ingresar al <a href=\"https:\/\/gobiernoabierto.olavarria.gov.ar\/participacion-ciudadana-home\/iniciativas\/nombre_pista_atletismo\/\">siguiente link<\/a> para conocer las opciones.<\/li>\n<li>Clickear en el bot\u00f3n \u201cVotar\u201d (ubicado al final de la p\u00e1gina) para acceder al formulario.<\/li>\n<li>Completar el formulario con la opci\u00f3n deseada y enviar.<\/li>\n<\/ul>\n<p>&nbsp;<\/p>\n<p>De esta manera, producto del trabajo conjunto de la Subsecretar\u00eda de Modernizaci\u00f3n con distintas \u00e1reas municipales, en este caso con la Subsecretar\u00eda de Deportes y Recreaci\u00f3n, se logra que la opini\u00f3n de cada ciudadano interesado en participar forme parte de la decisi\u00f3n final.<\/p>\n","protected":false},"excerpt":{"rendered":"<p>El intendente Ezequiel Galli recorri\u00f3, en la ma\u00f1ana de este martes, la obra de construcci\u00f3n de ba\u00f1os, gradas y dep\u00f3sito,<\/p>\n","protected":false},"author":96739694,"featured_media":144551,"comment_status":"closed","ping_status":"closed","sticky":false,"template":"","format":"standard","meta":{"_jetpack_memberships_contains_paid_content":false,"footnotes":""},"categories":[38,1],"tags":[],"class_list":["post-36726","post","type-post","status-publish","format-standard","has-post-thumbnail","hentry","category-pedestrismo","category-portada"],"jetpack_featured_media_url":"https:\/\/i0.wp.com\/cdnoticias.com\/wp-content\/uploads\/2021\/10\/Obras-Pista-Atletismo-2-scaled.jpg?fit=2560%2C1711&ssl=1","jetpack_sharing_enabled":true,"_links":{"self":[{"href":"https:\/\/cdnoticias.com\/index.php\/wp-json\/wp\/v2\/posts\/36726","targetHints":{"allow":["GET"]}}],"collection":[{"href":"https:\/\/cdnoticias.com\/index.php\/wp-json\/wp\/v2\/posts"}],"about":[{"href":"https:\/\/cdnoticias.com\/index.php\/wp-json\/wp\/v2\/types\/post"}],"author":[{"embeddable":true,"href":"https:\/\/cdnoticias.com\/index.php\/wp-json\/wp\/v2\/users\/96739694"}],"replies":[{"embeddable":true,"href":"https:\/\/cdnoticias.com\/index.php\/wp-json\/wp\/v2\/comments?post=36726"}],"version-history":[{"count":0,"href":"https:\/\/cdnoticias.com\/index.php\/wp-json\/wp\/v2\/posts\/36726\/revisions"}],"wp:featuredmedia":[{"embeddable":true,"href":"https:\/\/cdnoticias.com\/index.php\/wp-json\/wp\/v2\/media\/144551"}],"wp:attachment":[{"href":"https:\/\/cdnoticias.com\/index.php\/wp-json\/wp\/v2\/media?parent=36726"}],"wp:term":[{"taxonomy":"category","embeddable":true,"href":"https:\/\/cdnoticias.com\/index.php\/wp-json\/wp\/v2\/categories?post=36726"},{"taxonomy":"post_tag","embeddable":true,"href":"https:\/\/cdnoticias.com\/index.php\/wp-json\/wp\/v2\/tags?post=36726"}],"curies":[{"name":"wp","href":"https:\/\/api.w.org\/{rel}","templated":true}]}}