{"id":36723,"date":"2021-10-27T09:04:54","date_gmt":"2021-10-27T12:04:54","guid":{"rendered":"http:\/\/www.centraldenoticias.com.ar\/?p=36723"},"modified":"2021-10-27T09:04:54","modified_gmt":"2021-10-27T12:04:54","slug":"se-suspenden-las-castraciones-desde-bromatologia","status":"publish","type":"post","link":"https:\/\/cdnoticias.com\/index.php\/2021\/10\/27\/se-suspenden-las-castraciones-desde-bromatologia\/","title":{"rendered":"Se suspenden las castraciones desde Bromatolog\u00eda"},"content":{"rendered":"<p>La suspensi\u00f3n ser\u00e1 este mi\u00e9rcoles. Las actividades se retoman el jueves. El \u00e1rea de Veterinaria adhiere a una Jornada de Reflexi\u00f3n Nacional.<!--more--><\/p>\n<hr \/>\n<p>&nbsp;<\/p>\n<p>Desde la<strong> Direcci\u00f3n de Bromatolog\u00eda<\/strong> se inform\u00f3 que el <strong>\u00e1rea de Veterinaria adhiere a una Jornada de Reflexi\u00f3n Nacional, este mi\u00e9rcoles 27 de octubre.<\/strong> Por lo cual, <strong>a partir de las<\/strong> <strong>11:00 se suspenden las castraciones y atenciones de consultas<\/strong>, tanto en el <strong>Quir\u00f3fano M\u00f3vil<\/strong> como en la <strong>veterinaria en sede de Bromatolog\u00eda. <\/strong><\/p>\n<p>&nbsp;<\/p>\n<p>Las <strong>actividades retomar\u00e1n su cronograma habitual el d\u00eda jueves 28.<\/strong> Cabe destacar que <strong>tales medidas no afectan<\/strong> a la <a href=\"https:\/\/cdnoticias.com\/index.php\/2021\/10\/25\/cronograma-semanal-de-vacunacion-antirrabica\/\" target=\"_blank\" rel=\"noopener\">campa\u00f1a de vacunaci\u00f3n antirr\u00e1bica<\/a>, la cual se llevar\u00e1 a cabo seg\u00fan lo previsto en <strong>Villa Aurora<\/strong> (Sociedad de Fomento &#8211; Los Gladiolos y Bol\u00edvar) en el horario comprendido de <strong>09:00 a 12:30.\u00a0<\/strong><\/p>\n<p>&nbsp;<\/p>\n<p>&nbsp;<\/p>\n<p>&nbsp;<\/p>\n<p>&nbsp;<\/p>\n","protected":false},"excerpt":{"rendered":"<p>La suspensi\u00f3n ser\u00e1 este mi\u00e9rcoles. Las actividades se retoman el jueves. El \u00e1rea de Veterinaria adhiere a una Jornada de<\/p>\n","protected":false},"author":6,"featured_media":21460,"comment_status":"closed","ping_status":"closed","sticky":false,"template":"","format":"standard","meta":{"_jetpack_memberships_contains_paid_content":false,"footnotes":""},"categories":[5,1],"tags":[],"class_list":["post-36723","post","type-post","status-publish","format-standard","has-post-thumbnail","hentry","category-informacion-general","category-portada"],"jetpack_featured_media_url":"https:\/\/i0.wp.com\/cdnoticias.com\/wp-content\/uploads\/2021\/05\/Bromatologia-Antirrabica-2-1024x682.jpg?fit=1024%2C682&ssl=1","jetpack_sharing_enabled":true,"_links":{"self":[{"href":"https:\/\/cdnoticias.com\/index.php\/wp-json\/wp\/v2\/posts\/36723","targetHints":{"allow":["GET"]}}],"collection":[{"href":"https:\/\/cdnoticias.com\/index.php\/wp-json\/wp\/v2\/posts"}],"about":[{"href":"https:\/\/cdnoticias.com\/index.php\/wp-json\/wp\/v2\/types\/post"}],"author":[{"embeddable":true,"href":"https:\/\/cdnoticias.com\/index.php\/wp-json\/wp\/v2\/users\/6"}],"replies":[{"embeddable":true,"href":"https:\/\/cdnoticias.com\/index.php\/wp-json\/wp\/v2\/comments?post=36723"}],"version-history":[{"count":0,"href":"https:\/\/cdnoticias.com\/index.php\/wp-json\/wp\/v2\/posts\/36723\/revisions"}],"wp:featuredmedia":[{"embeddable":true,"href":"https:\/\/cdnoticias.com\/index.php\/wp-json\/wp\/v2\/media\/21460"}],"wp:attachment":[{"href":"https:\/\/cdnoticias.com\/index.php\/wp-json\/wp\/v2\/media?parent=36723"}],"wp:term":[{"taxonomy":"category","embeddable":true,"href":"https:\/\/cdnoticias.com\/index.php\/wp-json\/wp\/v2\/categories?post=36723"},{"taxonomy":"post_tag","embeddable":true,"href":"https:\/\/cdnoticias.com\/index.php\/wp-json\/wp\/v2\/tags?post=36723"}],"curies":[{"name":"wp","href":"https:\/\/api.w.org\/{rel}","templated":true}]}}