{"id":36721,"date":"2021-10-26T15:27:37","date_gmt":"2021-10-26T18:27:37","guid":{"rendered":"http:\/\/www.centraldenoticias.com.ar\/?p=36721"},"modified":"2021-10-26T18:29:51","modified_gmt":"2021-10-26T21:29:51","slug":"si-alguien-quiere-golpear-a-los-duenos-del-pais-tiene-que-votar-al-frente-de-izquierda","status":"publish","type":"post","link":"https:\/\/cdnoticias.com\/index.php\/2021\/10\/26\/si-alguien-quiere-golpear-a-los-duenos-del-pais-tiene-que-votar-al-frente-de-izquierda\/","title":{"rendered":"\u201cSi alguien quiere golpear a los due\u00f1os del pa\u00eds tiene que votar al Frente de Izquierda\u201d"},"content":{"rendered":"<p>El candidato a diputado nacional del FIT, Nicol\u00e1s del Ca\u00f1o, estuvo en Olavarr\u00eda. En una entrevista con Central de Noticias analiz\u00f3 el voto de los desencantados con el gobierno nacional, las medidas de ajuste y las demandas de electorado. Un llamado a fiscalizar.<!--more--><\/p>\n<hr \/>\n<p><strong>El candidato a diputado nacional del Frente de Izquierda y de los Trabajadores (FIT), Nicol\u00e1s del Ca\u00f1o, por la provincia de Buenos Aires estuvo este martes en Olavarr\u00eda<\/strong> en el marco de la campa\u00f1a hacia las Legislativas. Estuvo con <strong>Central de Noticias<\/strong> y explic\u00f3 que<strong> el objetivo en estas elecciones \u201cpoder consolidar y mejorar el resultado que obtuvimos en la PASO\u201d.<\/strong><\/p>\n<p>&nbsp;<\/p>\n<p><strong>En el \u00e1mbito bonaerense el FIT qued\u00f3 en tercer lugar con 5,2% de los votos<\/strong>. \u201cFue un resultado que ven\u00edamos viendo en distintas actividades, ve\u00edamos que ten\u00edamos un apoyo no solamente de la gente que habitualmente acompa\u00f1a al Frente de Izquierda, que comparte nuestra idea socialista, anticapitalista, sino de <strong>mucha gente que se reivindica peronista, que nos dec\u00edan \u00b4soy peronista pero le voy a votar a ustedes\u00b4 por la decepci\u00f3n con este gobierno<\/strong> particularmente\u201d se\u00f1al\u00f3.<\/p>\n<p>&nbsp;<\/p>\n<p>En ese marco, resalt\u00f3 adem\u00e1s <strong>los resultados de Jujuy, Chubut, Mendoza y Salta<\/strong>. \u201cAh\u00ed se vio una <strong>coherencia<\/strong> del Frente de Izquierda y un crecimiento a partir del <strong>descontento con la coalici\u00f3n de gobierno<\/strong> que prometi\u00f3 en campa\u00f1a que iba a devolver lo que se perdi\u00f3 con Macri que si ten\u00eda que optar entre los bancos y los jubilados lo iba a hacer por los jubilados; una serie de promesas de que la gente iba a recuperar lo perdido y eso no pas\u00f3\u201d consider\u00f3.<\/p>\n<p>&nbsp;<\/p>\n<p><img data-recalc-dims=\"1\" loading=\"lazy\" decoding=\"async\" class=\"size-large wp-image-36711 aligncenter\" src=\"https:\/\/i0.wp.com\/cdnoticias.com\/wp-content\/uploads\/2021\/10\/delcano3.jpg?resize=800%2C445&#038;ssl=1\" alt=\"\" width=\"800\" height=\"445\" srcset=\"https:\/\/i0.wp.com\/cdnoticias.com\/wp-content\/uploads\/2021\/10\/delcano3.jpg?resize=1024%2C570&amp;ssl=1 1024w, https:\/\/i0.wp.com\/cdnoticias.com\/wp-content\/uploads\/2021\/10\/delcano3.jpg?resize=300%2C167&amp;ssl=1 300w, https:\/\/i0.wp.com\/cdnoticias.com\/wp-content\/uploads\/2021\/10\/delcano3.jpg?resize=768%2C427&amp;ssl=1 768w, https:\/\/i0.wp.com\/cdnoticias.com\/wp-content\/uploads\/2021\/10\/delcano3.jpg?resize=800%2C445&amp;ssl=1 800w, https:\/\/i0.wp.com\/cdnoticias.com\/wp-content\/uploads\/2021\/10\/delcano3.jpg?w=1600&amp;ssl=1 1600w, https:\/\/i0.wp.com\/cdnoticias.com\/wp-content\/uploads\/2021\/10\/delcano3.jpg?w=2400&amp;ssl=1 2400w\" sizes=\"auto, (max-width: 800px) 100vw, 800px\" \/><\/p>\n<p>&nbsp;<\/p>\n<p>En ese punto, consider\u00f3 que si bien la gesti\u00f3n nacional se vio obligada a tomar ciertas medidas debido a la pandemia contrapuso que <strong>\u201chay medidas que tom\u00f3 el gobierno que fueron de ajuste\u201d<\/strong> y se\u00f1al\u00f3 a modo de ejemplo la eliminaci\u00f3n del IFE y la reducci\u00f3n del presupuesto de salud este a\u00f1o.<\/p>\n<p>&nbsp;<\/p>\n<blockquote><p>Respecto al mensaje del electorado al gobierno nacional y la crisis interna del Frente de Todos tras el resultado de la Primaria, del Ca\u00f1o interpret\u00f3 que \u201cno se puede pagar la deuda, complacer a los bancos, y al mismo tiempo atender las necesidades que tiene el pueblo trabajador\u201d. En ese sentido cuestion\u00f3 la negociaci\u00f3n con el FMI y retom\u00f3 la propuesta del FIT: \u201chay que hacer un desconocimiento soberano, un rechazo a esta deuda ieg\u00edtima e ilegal y no seguir subordinando este pueblo trabajador. Ellos dicen no vamos a pagar la deuda con el hambre del pueblo, pero cada vez aumenta m\u00e1s la pobreza y la deuda se paga\u201d.<\/p><\/blockquote>\n<p>&nbsp;<\/p>\n<p><img data-recalc-dims=\"1\" loading=\"lazy\" decoding=\"async\" class=\"size-large wp-image-36710 aligncenter\" src=\"https:\/\/i0.wp.com\/cdnoticias.com\/wp-content\/uploads\/2021\/10\/delcano2.jpg?resize=800%2C445&#038;ssl=1\" alt=\"\" width=\"800\" height=\"445\" srcset=\"https:\/\/i0.wp.com\/cdnoticias.com\/wp-content\/uploads\/2021\/10\/delcano2.jpg?resize=1024%2C570&amp;ssl=1 1024w, https:\/\/i0.wp.com\/cdnoticias.com\/wp-content\/uploads\/2021\/10\/delcano2.jpg?resize=300%2C167&amp;ssl=1 300w, https:\/\/i0.wp.com\/cdnoticias.com\/wp-content\/uploads\/2021\/10\/delcano2.jpg?resize=768%2C427&amp;ssl=1 768w, https:\/\/i0.wp.com\/cdnoticias.com\/wp-content\/uploads\/2021\/10\/delcano2.jpg?resize=800%2C445&amp;ssl=1 800w, https:\/\/i0.wp.com\/cdnoticias.com\/wp-content\/uploads\/2021\/10\/delcano2.jpg?w=1600&amp;ssl=1 1600w, https:\/\/i0.wp.com\/cdnoticias.com\/wp-content\/uploads\/2021\/10\/delcano2.jpg?w=2400&amp;ssl=1 2400w\" sizes=\"auto, (max-width: 800px) 100vw, 800px\" \/><\/p>\n<p>&nbsp;<\/p>\n<p><em>-\u00bfQu\u00e9 tiene para ofrecer la izquierda a este p\u00fablico desencantado del oficialismo y teniendo en cuenta que es una campa\u00f1a Legislativa?<\/em><\/p>\n<p>&nbsp;<\/p>\n<p>-Por un lado, creo <strong>han estado claras nuestras propuestas<\/strong>: <em>la reducci\u00f3n de la jornada laboral a seis horas sin rebaja salarial para repartir las horas de trabajo; un plan de vivienda para generar empleo y construir las viviendas<\/em> que son necesarias. Pero fundamentalmente hay cosas que muchas personas tienen claras: que <strong>la izquierda no se va a vender, la izquierda va a estar siempre del mismo lado y va a defender los derechos de las mujeres, de los trabajadores, de la juventud<\/strong>. Las peleas socioambientales en todo el pa\u00eds, la izquierda las presenta.<\/p>\n<p>&nbsp;<\/p>\n<p><strong>Hay una garant\u00eda de lucha contra el ajuste<\/strong> y por las dem\u00e1s causas del pueblo trabajador. La gente lo sabe perfectamente adem\u00e1s, que nosotros cobramos lo mismo que un trabajador, no llegamos a un puesto para atornillarnos o enriquecernos, sino adem\u00e1s rotamos en las bancas.<\/p>\n<p>&nbsp;<\/p>\n<blockquote><p>Ah\u00ed est\u00e1 el punto de referencia para que la gente tome en cuenta. Quiz\u00e1s no nos haya acompa\u00f1ado o no haya ido a votar. Que piense que de cara a la elecci\u00f3n, si quiere castigar a los pol\u00edticos tradicionales que siempre han gobernado y nos trajeron hasta ac\u00e1, el \u00fanico voto que les duele realmente es un voto a una fuerza de laburantes. Un voto que plantea que el pueblo trabajador merece otro futuro y para eso hay que tocar los intereses de los grandes grupos econ\u00f3micos. Ah\u00ed est\u00e1 el punto: si alguien quiere golpear a los due\u00f1os del pa\u00eds tiene que\u00a0 votar al Frente de Izquierda y adem\u00e1s, conquistando bancas que se sabe que van a ser puestos de lucha.<\/p><\/blockquote>\n<p>&nbsp;<\/p>\n<p><img data-recalc-dims=\"1\" loading=\"lazy\" decoding=\"async\" class=\"size-large wp-image-36714 aligncenter\" src=\"https:\/\/i0.wp.com\/cdnoticias.com\/wp-content\/uploads\/2021\/10\/delcano6.jpg?resize=800%2C445&#038;ssl=1\" alt=\"\" width=\"800\" height=\"445\" srcset=\"https:\/\/i0.wp.com\/cdnoticias.com\/wp-content\/uploads\/2021\/10\/delcano6.jpg?resize=1024%2C570&amp;ssl=1 1024w, https:\/\/i0.wp.com\/cdnoticias.com\/wp-content\/uploads\/2021\/10\/delcano6.jpg?resize=300%2C167&amp;ssl=1 300w, https:\/\/i0.wp.com\/cdnoticias.com\/wp-content\/uploads\/2021\/10\/delcano6.jpg?resize=768%2C427&amp;ssl=1 768w, https:\/\/i0.wp.com\/cdnoticias.com\/wp-content\/uploads\/2021\/10\/delcano6.jpg?resize=800%2C445&amp;ssl=1 800w, https:\/\/i0.wp.com\/cdnoticias.com\/wp-content\/uploads\/2021\/10\/delcano6.jpg?w=1600&amp;ssl=1 1600w, https:\/\/i0.wp.com\/cdnoticias.com\/wp-content\/uploads\/2021\/10\/delcano6.jpg?w=2400&amp;ssl=1 2400w\" sizes=\"auto, (max-width: 800px) 100vw, 800px\" \/><\/p>\n<p>&nbsp;<\/p>\n<p>&#8211;<em>\u00bfQu\u00e9 encuentran en las recorridas? Teniendo en cuenta que son dos campa\u00f1as distintas. \u00bfQu\u00e9 exige el vecino al dirigente pol\u00edtico o al candidato?<\/em><\/p>\n<p>&nbsp;<\/p>\n<p>-En primer lugar <strong>la gente est\u00e1 muy conforme con el resultado que obtuvo el Frente Izquierda<\/strong>. Eso le ha dado mucha fuerza a la gente que nos acompa\u00f1a, y una expectativa. Por otro lado, las demandas o los reclamos se mantienen en los problemas estructurales que ya venimos viendo de las PASO. Muchas veces que<strong> me paran jubiladas o jubilados que cobran la m\u00ednima desesperados, diciendo \u00b4qu\u00e9 va a pasar con nosotros\u00b4<\/strong>. Tambi\u00e9n reconociendo que los hemos defendido tanto cuando los ajust\u00f3 Macri como cuando ahora los ajust\u00f3 Alberto, pero digamos que hay una situaci\u00f3n muy cr\u00edtica. Quien trabaj\u00f3 toda una vida y cobra 25 mil pesos, es imposible sostenerte es de indigencia realmente.<\/p>\n<p>&nbsp;<\/p>\n<p><strong>Hay un denominador com\u00fan tambi\u00e9n con el tema de la vivienda<\/strong>. Es algo que como problema estructural permanentemente vuelve con familias trabajadoras de las m\u00e1s humildes y gente que inclusive tiene un empleo m\u00e1s estable que tampoco puede acceder a la vivienda. Eso surge cada vez m\u00e1s porque no hay planes de vivienda. O sea, te dicen ahora que van a hacer un mont\u00f3n de viviendas por a\u00f1o como promesa.<\/p>\n<p>&nbsp;<\/p>\n<p>Despu\u00e9s <strong>el planteo de mucha gente con respecto a la inflaci\u00f3n<\/strong>. Es este otro de los puntos principales, los salarios son devorados por la inflaci\u00f3n y el problema de la precarizaci\u00f3n o el empleo inestable que hay. Es algo que permanentemente se plantean los j\u00f3venes sobre todo, pero despu\u00e9s en todos los sectores tambi\u00e9n:<strong> no hay posibilidades de llegar a fin de mes<\/strong>. Cuando la gente te dice no tengo trabajo, en realidad por ah\u00ed tiene una changuita, pero se refiere que no tiene un trabajo que le permita vivir bien como para poder llegar a fin de mes, darse alg\u00fan gustito o hacer algo.<\/p>\n<p>&nbsp;<\/p>\n<p><img data-recalc-dims=\"1\" loading=\"lazy\" decoding=\"async\" class=\"size-large wp-image-36712 aligncenter\" src=\"https:\/\/i0.wp.com\/cdnoticias.com\/wp-content\/uploads\/2021\/10\/delcano4.jpg?resize=800%2C445&#038;ssl=1\" alt=\"\" width=\"800\" height=\"445\" srcset=\"https:\/\/i0.wp.com\/cdnoticias.com\/wp-content\/uploads\/2021\/10\/delcano4.jpg?resize=1024%2C570&amp;ssl=1 1024w, https:\/\/i0.wp.com\/cdnoticias.com\/wp-content\/uploads\/2021\/10\/delcano4.jpg?resize=300%2C167&amp;ssl=1 300w, https:\/\/i0.wp.com\/cdnoticias.com\/wp-content\/uploads\/2021\/10\/delcano4.jpg?resize=768%2C427&amp;ssl=1 768w, https:\/\/i0.wp.com\/cdnoticias.com\/wp-content\/uploads\/2021\/10\/delcano4.jpg?resize=800%2C445&amp;ssl=1 800w, https:\/\/i0.wp.com\/cdnoticias.com\/wp-content\/uploads\/2021\/10\/delcano4.jpg?w=1600&amp;ssl=1 1600w, https:\/\/i0.wp.com\/cdnoticias.com\/wp-content\/uploads\/2021\/10\/delcano4.jpg?w=2400&amp;ssl=1 2400w\" sizes=\"auto, (max-width: 800px) 100vw, 800px\" \/><\/p>\n<p>&nbsp;<\/p>\n<p><em>-\u00bfC\u00f3mo sigue la campa\u00f1a del FIT hasta 14 de noviembre?<\/em><\/p>\n<p>&nbsp;<\/p>\n<p><strong>Hemos realizado alguna actividad alrededor de nuestros compa\u00f1eros y candidatos<\/strong>, ya estuvimos en las PASO tambi\u00e9n realizando una muy buena actividad aqu\u00ed en Olavarr\u00eda. La idea es poder continuar en nuestra recorrida en Azul y luego ya nos quedan algunas localidades y ciudades importantes para lo que queda.<\/p>\n<p>&nbsp;<\/p>\n<p><strong>El Frente de Izquierda tiene el m\u00e9rito de hacer una campa\u00f1a con muchos sectores de trabajadores y trabajadores<\/strong>, los m\u00e1s militantes de las fuerzas que integran el Frente y mucha gente que se ha sumado que sabe que necesitamos que nos ayude para difundir la propuesta entre sus conocidos, amigos, familiares, compa\u00f1eros de laburo; y tambi\u00e9n para la fiscalizaci\u00f3n. Es un punto muy importante y una apelaci\u00f3n, un pedido tambi\u00e9n para que <strong>los que puedan ayudarnos el domingo 14 de noviembre para defender esos votos de una fuerza de laburantes<\/strong> y que podamos concretar la conquista de las bancas en el Congreso, la Legislatura y los Concejos Deliberantes.<\/p>\n","protected":false},"excerpt":{"rendered":"<p>El candidato a diputado nacional del FIT, Nicol\u00e1s del Ca\u00f1o, estuvo en Olavarr\u00eda. En una entrevista con Central de Noticias<\/p>\n","protected":false},"author":4,"featured_media":36713,"comment_status":"closed","ping_status":"closed","sticky":false,"template":"","format":"standard","meta":{"_jetpack_memberships_contains_paid_content":false,"footnotes":""},"categories":[4,1],"tags":[],"class_list":["post-36721","post","type-post","status-publish","format-standard","has-post-thumbnail","hentry","category-politica","category-portada"],"jetpack_featured_media_url":"https:\/\/i0.wp.com\/cdnoticias.com\/wp-content\/uploads\/2021\/10\/delcano5.jpg?fit=4608%2C2564&ssl=1","jetpack_sharing_enabled":true,"_links":{"self":[{"href":"https:\/\/cdnoticias.com\/index.php\/wp-json\/wp\/v2\/posts\/36721","targetHints":{"allow":["GET"]}}],"collection":[{"href":"https:\/\/cdnoticias.com\/index.php\/wp-json\/wp\/v2\/posts"}],"about":[{"href":"https:\/\/cdnoticias.com\/index.php\/wp-json\/wp\/v2\/types\/post"}],"author":[{"embeddable":true,"href":"https:\/\/cdnoticias.com\/index.php\/wp-json\/wp\/v2\/users\/4"}],"replies":[{"embeddable":true,"href":"https:\/\/cdnoticias.com\/index.php\/wp-json\/wp\/v2\/comments?post=36721"}],"version-history":[{"count":0,"href":"https:\/\/cdnoticias.com\/index.php\/wp-json\/wp\/v2\/posts\/36721\/revisions"}],"wp:featuredmedia":[{"embeddable":true,"href":"https:\/\/cdnoticias.com\/index.php\/wp-json\/wp\/v2\/media\/36713"}],"wp:attachment":[{"href":"https:\/\/cdnoticias.com\/index.php\/wp-json\/wp\/v2\/media?parent=36721"}],"wp:term":[{"taxonomy":"category","embeddable":true,"href":"https:\/\/cdnoticias.com\/index.php\/wp-json\/wp\/v2\/categories?post=36721"},{"taxonomy":"post_tag","embeddable":true,"href":"https:\/\/cdnoticias.com\/index.php\/wp-json\/wp\/v2\/tags?post=36721"}],"curies":[{"name":"wp","href":"https:\/\/api.w.org\/{rel}","templated":true}]}}