{"id":36719,"date":"2021-10-26T13:14:24","date_gmt":"2021-10-26T16:14:24","guid":{"rendered":"http:\/\/www.centraldenoticias.com.ar\/?p=36719"},"modified":"2021-10-26T15:28:03","modified_gmt":"2021-10-26T18:28:03","slug":"confirmaron-la-fecha-de-licitacion-del-edificio-de-artes-visuales","status":"publish","type":"post","link":"https:\/\/cdnoticias.com\/index.php\/2021\/10\/26\/confirmaron-la-fecha-de-licitacion-del-edificio-de-artes-visuales\/","title":{"rendered":"Confirmaron la fecha de licitaci\u00f3n del edificio de Artes Visuales"},"content":{"rendered":"<p>Ser\u00e1 el pr\u00f3ximo 29 de noviembre. El Municipio inform\u00f3 los detalles de los trabajos y el presupuesto, que ser\u00e1 de 25 millones de pesos de origen provincial.\u00a0<!--more--><\/p>\n<hr \/>\n<p>El Municipio inform\u00f3 este martes que <strong>el pr\u00f3ximo 29 de noviembre se llevar\u00e1 a cabo la licitaci\u00f3n para finalizar la obra del edificio de Artes Visuales, tras el anuncio meses atr\u00e1s.<\/strong><\/p>\n<p>&nbsp;<\/p>\n<blockquote><p>El presupuesto oficial es de m\u00e1s de 25 millones de pesos, los fondos son de origen provincial y el plazo de obra es de 90 d\u00edas corridos.<\/p><\/blockquote>\n<p>&nbsp;<\/p>\n<p>Ser\u00e1 a las 10 horas y se explic\u00f3 desde el \u00e1rea de Obras P\u00fablicas los trabajos que se realizar\u00e1n para que finalmente la Escuela tenga su sede propia. En l\u00edneas generales,<strong> comprende los trabajos de terminaci\u00f3n en el edificio para Aulas y Administraci\u00f3n, edificio para sanitario y duchas, y trabajos de infraestructura de servicio exterior.<\/strong><\/p>\n<p>&nbsp;<\/p>\n<figure id=\"attachment_19431\" aria-describedby=\"caption-attachment-19431\" style=\"width: 802px\" class=\"wp-caption alignnone\"><img data-recalc-dims=\"1\" loading=\"lazy\" decoding=\"async\" class=\"size-full wp-image-19431\" src=\"https:\/\/i0.wp.com\/cdnoticias.com\/wp-content\/uploads\/2021\/04\/portada-artes-.jpg?resize=800%2C439&#038;ssl=1\" alt=\"\" width=\"800\" height=\"439\" srcset=\"https:\/\/i0.wp.com\/cdnoticias.com\/wp-content\/uploads\/2021\/04\/portada-artes-.jpg?w=802&amp;ssl=1 802w, https:\/\/i0.wp.com\/cdnoticias.com\/wp-content\/uploads\/2021\/04\/portada-artes-.jpg?resize=300%2C165&amp;ssl=1 300w, https:\/\/i0.wp.com\/cdnoticias.com\/wp-content\/uploads\/2021\/04\/portada-artes-.jpg?resize=768%2C421&amp;ssl=1 768w, https:\/\/i0.wp.com\/cdnoticias.com\/wp-content\/uploads\/2021\/04\/portada-artes-.jpg?resize=800%2C440&amp;ssl=1 800w\" sizes=\"auto, (max-width: 800px) 100vw, 800px\" \/><figcaption id=\"caption-attachment-19431\" class=\"wp-caption-text\">El edificio estar\u00e1 en la sede de la Escuela Agraria de Olavarr\u00eda.<\/figcaption><\/figure>\n<p>&nbsp;<\/p>\n<p>Adem\u00e1s, <strong>se reparar\u00e1n los rubros ejecutados en la etapa anterior y que se encuentran destruidos o deteriorados. Se instalar\u00e1n nuevas ventanas de aluminio, se retirar\u00e1n las puertas corredizas de embutir y se pondr\u00e1n nuevas. Tambi\u00e9n se har\u00e1n trabajos de electricidad, calefacci\u00f3n, cielorrasos y pisos.<\/strong><\/p>\n<p>&nbsp;<\/p>\n<p>Al respecto, el Secretario de Desarrollo Humano y Calidad de Vida Diego Robbiani dijo: <em>\u201chemos realizado el proyecto de obra y trabajamos mucho para poder realizar la licitaci\u00f3n del edificio de Artes Visuales as\u00ed que tenemos muchas expectativas\u201d.<\/em><\/p>\n","protected":false},"excerpt":{"rendered":"<p>Ser\u00e1 el pr\u00f3ximo 29 de noviembre. El Municipio inform\u00f3 los detalles de los trabajos y el presupuesto, que ser\u00e1 de<\/p>\n","protected":false},"author":2,"featured_media":23776,"comment_status":"closed","ping_status":"closed","sticky":false,"template":"","format":"standard","meta":{"_jetpack_memberships_contains_paid_content":false,"footnotes":""},"categories":[5,1],"tags":[],"class_list":["post-36719","post","type-post","status-publish","format-standard","has-post-thumbnail","hentry","category-informacion-general","category-portada"],"jetpack_featured_media_url":"https:\/\/i0.wp.com\/cdnoticias.com\/wp-content\/uploads\/2021\/06\/edificioartesvisuales3.jpg?fit=1232%2C816&ssl=1","jetpack_sharing_enabled":true,"_links":{"self":[{"href":"https:\/\/cdnoticias.com\/index.php\/wp-json\/wp\/v2\/posts\/36719","targetHints":{"allow":["GET"]}}],"collection":[{"href":"https:\/\/cdnoticias.com\/index.php\/wp-json\/wp\/v2\/posts"}],"about":[{"href":"https:\/\/cdnoticias.com\/index.php\/wp-json\/wp\/v2\/types\/post"}],"author":[{"embeddable":true,"href":"https:\/\/cdnoticias.com\/index.php\/wp-json\/wp\/v2\/users\/2"}],"replies":[{"embeddable":true,"href":"https:\/\/cdnoticias.com\/index.php\/wp-json\/wp\/v2\/comments?post=36719"}],"version-history":[{"count":0,"href":"https:\/\/cdnoticias.com\/index.php\/wp-json\/wp\/v2\/posts\/36719\/revisions"}],"wp:featuredmedia":[{"embeddable":true,"href":"https:\/\/cdnoticias.com\/index.php\/wp-json\/wp\/v2\/media\/23776"}],"wp:attachment":[{"href":"https:\/\/cdnoticias.com\/index.php\/wp-json\/wp\/v2\/media?parent=36719"}],"wp:term":[{"taxonomy":"category","embeddable":true,"href":"https:\/\/cdnoticias.com\/index.php\/wp-json\/wp\/v2\/categories?post=36719"},{"taxonomy":"post_tag","embeddable":true,"href":"https:\/\/cdnoticias.com\/index.php\/wp-json\/wp\/v2\/tags?post=36719"}],"curies":[{"name":"wp","href":"https:\/\/api.w.org\/{rel}","templated":true}]}}