{"id":36704,"date":"2021-10-26T11:52:21","date_gmt":"2021-10-26T14:52:21","guid":{"rendered":"http:\/\/www.centraldenoticias.com.ar\/?p=36704"},"modified":"2021-10-26T11:52:21","modified_gmt":"2021-10-26T14:52:21","slug":"importante-convocatoria-a-la-jornada-de-actualizacion-del-uso-de-smartphone","status":"publish","type":"post","link":"https:\/\/cdnoticias.com\/index.php\/2021\/10\/26\/importante-convocatoria-a-la-jornada-de-actualizacion-del-uso-de-smartphone\/","title":{"rendered":"Importante convocatoria a la jornada de actualizaci\u00f3n del uso de smartphone"},"content":{"rendered":"<p>Fue organizado por el Programa Universitario de Personas Mayores de la Facultad de Ciencias Sociales.\u00a0<!--more--><\/p>\n<hr \/>\n<p>En el marco del <strong>mes de Equidad Digital para todas las edades se realiz\u00f3 el pasado lunes por la tarde la jornada \u201cDerecho al acceso al mundo digital: jornada de actualizaci\u00f3n para el uso del smartphone\u201d, en la sede del Punto Digital, en el Centro Cultural San Jos\u00e9.<\/strong><\/p>\n<p>&nbsp;<\/p>\n<p>Las participantes fueron recibidas por los organizadores y talleristas, integrantes de la Facultad de Ciencias Sociales y del Punto Digital, y estuvieron presentes el secretario de Extensi\u00f3n de la FACSO, Lic. Nicol\u00e1s Casado; el coordinador de Punto Digital, Mag. Sergio Magallanes; y la responsable del Programa de Promoci\u00f3n de Derechos para Personas con Discapacidad y Personas Mayores de la Municipalidad de Olavarr\u00eda, Romina Sponer.<\/p>\n<p>&nbsp;<\/p>\n<p><img data-recalc-dims=\"1\" loading=\"lazy\" decoding=\"async\" class=\"alignnone size-large wp-image-36705\" src=\"https:\/\/i0.wp.com\/cdnoticias.com\/wp-content\/uploads\/2021\/10\/Jornada-smartphone-4.jpg?resize=800%2C503&#038;ssl=1\" alt=\"\" width=\"800\" height=\"503\" srcset=\"https:\/\/i0.wp.com\/cdnoticias.com\/wp-content\/uploads\/2021\/10\/Jornada-smartphone-4.jpg?resize=1024%2C644&amp;ssl=1 1024w, https:\/\/i0.wp.com\/cdnoticias.com\/wp-content\/uploads\/2021\/10\/Jornada-smartphone-4.jpg?resize=300%2C189&amp;ssl=1 300w, https:\/\/i0.wp.com\/cdnoticias.com\/wp-content\/uploads\/2021\/10\/Jornada-smartphone-4.jpg?resize=768%2C483&amp;ssl=1 768w, https:\/\/i0.wp.com\/cdnoticias.com\/wp-content\/uploads\/2021\/10\/Jornada-smartphone-4.jpg?w=1500&amp;ssl=1 1500w\" sizes=\"auto, (max-width: 800px) 100vw, 800px\" \/><\/p>\n<p>&nbsp;<\/p>\n<p>A lo largo del encuentro<strong> las 15 asistentes pudieron realizar consultas y presentaron diversas inquietudes, a partir de las cuales se realiz\u00f3 un diagn\u00f3stico inicial y en funci\u00f3n del mismo se trataron los contenidos del taller.<\/strong><\/p>\n<p>&nbsp;<\/p>\n<p>Entre las situaciones que <strong>se abordaron se dieron recomendaciones sobre el dispositivo (rendimiento, almacenamiento, usos, configuraciones, etc.); acceso a Internet y tr\u00e1mites online (informaci\u00f3n \u00fatil para los Adultos Mayores, compras, etc.); uso de redes sociales, el almacenamiento de la informaci\u00f3n (Google Mail), recomendaciones de compra, seguridad inform\u00e1tica y aplicaciones de inter\u00e9s para las asistentes. Las actividades tendr\u00e1n continuidad durante el mes de noviembre.<\/strong><\/p>\n<p>&nbsp;<\/p>\n<p><img data-recalc-dims=\"1\" loading=\"lazy\" decoding=\"async\" class=\"alignnone size-large wp-image-36706\" src=\"https:\/\/i0.wp.com\/cdnoticias.com\/wp-content\/uploads\/2021\/10\/Jornada-smartphone-1.jpg?resize=800%2C482&#038;ssl=1\" alt=\"\" width=\"800\" height=\"482\" srcset=\"https:\/\/i0.wp.com\/cdnoticias.com\/wp-content\/uploads\/2021\/10\/Jornada-smartphone-1.jpg?resize=1024%2C617&amp;ssl=1 1024w, https:\/\/i0.wp.com\/cdnoticias.com\/wp-content\/uploads\/2021\/10\/Jornada-smartphone-1.jpg?resize=300%2C181&amp;ssl=1 300w, https:\/\/i0.wp.com\/cdnoticias.com\/wp-content\/uploads\/2021\/10\/Jornada-smartphone-1.jpg?resize=768%2C463&amp;ssl=1 768w, https:\/\/i0.wp.com\/cdnoticias.com\/wp-content\/uploads\/2021\/10\/Jornada-smartphone-1.jpg?w=1500&amp;ssl=1 1500w\" sizes=\"auto, (max-width: 800px) 100vw, 800px\" \/><\/p>\n<p>&nbsp;<\/p>\n<p>Participaron como talleristas Joaqu\u00edn M\u00e9ndez, Sebasti\u00e1n Lindner, Giuliana Castiglia, Silvina Mentasti, F\u00e1tima Higuera y Luciana Pedernera y la Prof. Sandra P\u00e9rez como referente del Programa Universitario de Personas Mayores dependiente de la Secretar\u00eda de Extensi\u00f3n de la Facultad de Ciencias Sociales.<\/p>\n","protected":false},"excerpt":{"rendered":"<p>Fue organizado por el Programa Universitario de Personas Mayores de la Facultad de Ciencias Sociales.\u00a0<\/p>\n","protected":false},"author":2,"featured_media":36707,"comment_status":"closed","ping_status":"closed","sticky":false,"template":"","format":"standard","meta":{"_jetpack_memberships_contains_paid_content":false,"footnotes":""},"categories":[5,1],"tags":[],"class_list":["post-36704","post","type-post","status-publish","format-standard","has-post-thumbnail","hentry","category-informacion-general","category-portada"],"jetpack_featured_media_url":"https:\/\/i0.wp.com\/cdnoticias.com\/wp-content\/uploads\/2021\/10\/Jornada-smartphone-6.jpg?fit=1500%2C890&ssl=1","jetpack_sharing_enabled":true,"_links":{"self":[{"href":"https:\/\/cdnoticias.com\/index.php\/wp-json\/wp\/v2\/posts\/36704","targetHints":{"allow":["GET"]}}],"collection":[{"href":"https:\/\/cdnoticias.com\/index.php\/wp-json\/wp\/v2\/posts"}],"about":[{"href":"https:\/\/cdnoticias.com\/index.php\/wp-json\/wp\/v2\/types\/post"}],"author":[{"embeddable":true,"href":"https:\/\/cdnoticias.com\/index.php\/wp-json\/wp\/v2\/users\/2"}],"replies":[{"embeddable":true,"href":"https:\/\/cdnoticias.com\/index.php\/wp-json\/wp\/v2\/comments?post=36704"}],"version-history":[{"count":0,"href":"https:\/\/cdnoticias.com\/index.php\/wp-json\/wp\/v2\/posts\/36704\/revisions"}],"wp:featuredmedia":[{"embeddable":true,"href":"https:\/\/cdnoticias.com\/index.php\/wp-json\/wp\/v2\/media\/36707"}],"wp:attachment":[{"href":"https:\/\/cdnoticias.com\/index.php\/wp-json\/wp\/v2\/media?parent=36704"}],"wp:term":[{"taxonomy":"category","embeddable":true,"href":"https:\/\/cdnoticias.com\/index.php\/wp-json\/wp\/v2\/categories?post=36704"},{"taxonomy":"post_tag","embeddable":true,"href":"https:\/\/cdnoticias.com\/index.php\/wp-json\/wp\/v2\/tags?post=36704"}],"curies":[{"name":"wp","href":"https:\/\/api.w.org\/{rel}","templated":true}]}}