{"id":36693,"date":"2021-10-26T10:08:51","date_gmt":"2021-10-26T13:08:51","guid":{"rendered":"http:\/\/www.centraldenoticias.com.ar\/?p=36693"},"modified":"2021-10-26T10:08:51","modified_gmt":"2021-10-26T13:08:51","slug":"enefer-gualberto-peralta-q-e-p-d","status":"publish","type":"post","link":"https:\/\/cdnoticias.com\/index.php\/2021\/10\/26\/enefer-gualberto-peralta-q-e-p-d\/","title":{"rendered":"Enefer Gualberto Peralta (Q.E.P.D.)"},"content":{"rendered":"<p>Falleci\u00f3 en Olavarr\u00eda el d\u00eda 26 de octubre de 2021 a los 98 a\u00f1os de edad.<\/p>\n<p>&nbsp;<\/p>\n<p>Su esposa: Mar\u00eda Juana Chapa. Sus hijos: Alfredo, Norma y Ana Peralta. Sus hijos pol\u00edticos: Estela Isaurralde y Jorge Uranga. Sus nietos: Daniel, Luis, Nicol\u00e1s, Gabriela, Alejandro, Laura y\u00a0 Mat\u00edas. Sus sobrinos y dem\u00e1s deudos participan su fallecimiento.<\/p>\n<p>&nbsp;<\/p>\n<p>Velatorio: Sala &#8220;D&#8221; de Espa\u00f1a 2942, comienza 11:30 horas. Responso: Capilla Ardiente. Inhumaci\u00f3n: Loma de Paz, martes 26 de octubre a las 15:30. Servicio adherido a Coopelectric.<\/p>\n<p>&nbsp;<\/p>\n<p>Barrio en el que viv\u00eda: La Esperanza.<\/p>\n<p>&nbsp;<\/p>\n<p>Lugar de nacimiento: Cobello, Tapalqu\u00e9.<\/p>\n<p>&nbsp;<\/p>\n<p>Actividad que desarrollaba: Jubilado.<\/p>\n","protected":false},"excerpt":{"rendered":"<p>Falleci\u00f3 en Olavarr\u00eda el d\u00eda 26 de octubre de 2021 a los 98 a\u00f1os de edad. &nbsp; Su esposa: Mar\u00eda<\/p>\n","protected":false},"author":4,"featured_media":0,"comment_status":"closed","ping_status":"closed","sticky":false,"template":"","format":"standard","meta":{"_jetpack_memberships_contains_paid_content":false,"footnotes":""},"categories":[10],"tags":[],"class_list":["post-36693","post","type-post","status-publish","format-standard","hentry","category-necrologicas"],"jetpack_featured_media_url":"","jetpack_sharing_enabled":true,"_links":{"self":[{"href":"https:\/\/cdnoticias.com\/index.php\/wp-json\/wp\/v2\/posts\/36693","targetHints":{"allow":["GET"]}}],"collection":[{"href":"https:\/\/cdnoticias.com\/index.php\/wp-json\/wp\/v2\/posts"}],"about":[{"href":"https:\/\/cdnoticias.com\/index.php\/wp-json\/wp\/v2\/types\/post"}],"author":[{"embeddable":true,"href":"https:\/\/cdnoticias.com\/index.php\/wp-json\/wp\/v2\/users\/4"}],"replies":[{"embeddable":true,"href":"https:\/\/cdnoticias.com\/index.php\/wp-json\/wp\/v2\/comments?post=36693"}],"version-history":[{"count":0,"href":"https:\/\/cdnoticias.com\/index.php\/wp-json\/wp\/v2\/posts\/36693\/revisions"}],"wp:attachment":[{"href":"https:\/\/cdnoticias.com\/index.php\/wp-json\/wp\/v2\/media?parent=36693"}],"wp:term":[{"taxonomy":"category","embeddable":true,"href":"https:\/\/cdnoticias.com\/index.php\/wp-json\/wp\/v2\/categories?post=36693"},{"taxonomy":"post_tag","embeddable":true,"href":"https:\/\/cdnoticias.com\/index.php\/wp-json\/wp\/v2\/tags?post=36693"}],"curies":[{"name":"wp","href":"https:\/\/api.w.org\/{rel}","templated":true}]}}