{"id":36671,"date":"2021-10-25T20:10:37","date_gmt":"2021-10-25T23:10:37","guid":{"rendered":"http:\/\/www.centraldenoticias.com.ar\/?p=36671"},"modified":"2021-10-25T20:10:37","modified_gmt":"2021-10-25T23:10:37","slug":"creimer-participo-del-encuentro-de-mujeres-del-frente-renovador-en-san-vicente","status":"publish","type":"post","link":"https:\/\/cdnoticias.com\/index.php\/2021\/10\/25\/creimer-participo-del-encuentro-de-mujeres-del-frente-renovador-en-san-vicente\/","title":{"rendered":"Creimer particip\u00f3 del Encuentro de Mujeres del Frente Renovador en San Vicente"},"content":{"rendered":"<p>La concejala form\u00f3 parte de la actividad coordinada por su principal referente, Malena Galmarini. Se reunieron mujeres dirigentes y militantes del Frente Renovador de todo el pa\u00eds.<!--more--><\/p>\n<hr \/>\n<p>Ante una gran convocatoria, la<strong> concejala del Foro Olavarr\u00eda &#8211; Frente Renovador, In\u00e9s Creimer<\/strong>, particip\u00f3 del <strong>Encuentro de Mujeres del Frente Renovador<\/strong> realizado el d\u00eda domingo en la hist\u00f3rica Quinta de San Vicente. La iniciativa convoc\u00f3 a mujeres dirigentes y militantes del Frente Renovador de todo el pa\u00eds, bajo la coordinaci\u00f3n de Malena Galmarini, principal referente del espacio de mujeres del Frente Renovador.<\/p>\n<p>En dicho encuentro, <strong>Creimer habl\u00f3 del proyecto que impulsaron junto la diputada provincial Luciana Padulo<\/strong>, quien tambi\u00e9n se hizo presente en el lugar. <em>&#8220;Tuve la ocasi\u00f3n de contarle a la mujeres presentes en el encuentro el trabajo que estuvimos realizando, durante este a\u00f1o, con la diputada Luciana Padulo y varias m\u00fasicas mujeres y agrupaciones que nuclean m\u00fasicas de la Provincia de Bs As&#8221;<\/em>, se\u00f1al\u00f3. Este trabajo se tradujo en <strong><em>&#8220;un Proyecto de Ley Provincial de Paridad en la m\u00fasica que el 7 de Septiembre ingres\u00f3 en la c\u00e1mara de Diputados para su tratamiento&#8221;<\/em><\/strong>, puntualiz\u00f3.<\/p>\n<p>&nbsp;<\/p>\n<p><img data-recalc-dims=\"1\" loading=\"lazy\" decoding=\"async\" class=\"alignnone size-full wp-image-36674\" src=\"https:\/\/i0.wp.com\/cdnoticias.com\/wp-content\/uploads\/2021\/10\/WhatsApp-Image-2021-10-25-at-17.39.09.jpeg?resize=800%2C533&#038;ssl=1\" alt=\"\" width=\"800\" height=\"533\" srcset=\"https:\/\/i0.wp.com\/cdnoticias.com\/wp-content\/uploads\/2021\/10\/WhatsApp-Image-2021-10-25-at-17.39.09.jpeg?w=1280&amp;ssl=1 1280w, https:\/\/i0.wp.com\/cdnoticias.com\/wp-content\/uploads\/2021\/10\/WhatsApp-Image-2021-10-25-at-17.39.09.jpeg?resize=300%2C200&amp;ssl=1 300w, https:\/\/i0.wp.com\/cdnoticias.com\/wp-content\/uploads\/2021\/10\/WhatsApp-Image-2021-10-25-at-17.39.09.jpeg?resize=768%2C512&amp;ssl=1 768w, https:\/\/i0.wp.com\/cdnoticias.com\/wp-content\/uploads\/2021\/10\/WhatsApp-Image-2021-10-25-at-17.39.09.jpeg?resize=1024%2C682&amp;ssl=1 1024w, https:\/\/i0.wp.com\/cdnoticias.com\/wp-content\/uploads\/2021\/10\/WhatsApp-Image-2021-10-25-at-17.39.09.jpeg?resize=272%2C182&amp;ssl=1 272w\" sizes=\"auto, (max-width: 800px) 100vw, 800px\" \/><\/p>\n<p>La concejala comparti\u00f3 su reflexi\u00f3n luego del encuentro enfatizando que &#8220;<em>de un encuentro de mujeres siempre se vuelve con muchas preguntas dando vueltas, con muchas reflexiones ajenas que pueden volverse propias, con muchos disparadores que<strong> nos hacen pensar y repensarnos<\/strong>&#8220;.<\/em><\/p>\n<p>&nbsp;<\/p>\n<blockquote><p>&#8220;Pero tambi\u00e9n se vuelve con la certeza de la fortaleza que tenemos las mujeres, del poder de cambio, de la mirada diferente hacia una misma cosa&#8221;, agreg\u00f3 y explic\u00f3 que &#8220;el feminismo es transversal a todo, es plural, es inclusivo&#8221;.<\/p><\/blockquote>\n<p>&nbsp;<\/p>\n<p><img data-recalc-dims=\"1\" loading=\"lazy\" decoding=\"async\" class=\"alignnone size-full wp-image-36672\" src=\"https:\/\/i0.wp.com\/cdnoticias.com\/wp-content\/uploads\/2021\/10\/WhatsApp-Image-2021-10-25-at-17.39.54.jpeg?resize=800%2C533&#038;ssl=1\" alt=\"\" width=\"800\" height=\"533\" srcset=\"https:\/\/i0.wp.com\/cdnoticias.com\/wp-content\/uploads\/2021\/10\/WhatsApp-Image-2021-10-25-at-17.39.54.jpeg?w=1600&amp;ssl=1 1600w, https:\/\/i0.wp.com\/cdnoticias.com\/wp-content\/uploads\/2021\/10\/WhatsApp-Image-2021-10-25-at-17.39.54.jpeg?resize=300%2C200&amp;ssl=1 300w, https:\/\/i0.wp.com\/cdnoticias.com\/wp-content\/uploads\/2021\/10\/WhatsApp-Image-2021-10-25-at-17.39.54.jpeg?resize=768%2C512&amp;ssl=1 768w, https:\/\/i0.wp.com\/cdnoticias.com\/wp-content\/uploads\/2021\/10\/WhatsApp-Image-2021-10-25-at-17.39.54.jpeg?resize=1024%2C682&amp;ssl=1 1024w, https:\/\/i0.wp.com\/cdnoticias.com\/wp-content\/uploads\/2021\/10\/WhatsApp-Image-2021-10-25-at-17.39.54.jpeg?resize=272%2C182&amp;ssl=1 272w\" sizes=\"auto, (max-width: 800px) 100vw, 800px\" \/><\/p>\n<p>Del Encuentro de Mujeres del Frente Renovador tambi\u00e9n se desprende la presentaci\u00f3n del <strong>Proyecto de Ley sobre la Obligaci\u00f3n Parental.<\/strong> El mismo tiene como objetivo que ni\u00f1as, ni\u00f1os y adolescentes cuenten con la cuota de responsabilidad parental correspondiente.<\/p>\n","protected":false},"excerpt":{"rendered":"<p>La concejala form\u00f3 parte de la actividad coordinada por su principal referente, Malena Galmarini. Se reunieron mujeres dirigentes y militantes<\/p>\n","protected":false},"author":5,"featured_media":36673,"comment_status":"closed","ping_status":"closed","sticky":false,"template":"","format":"standard","meta":{"_jetpack_memberships_contains_paid_content":false,"footnotes":""},"categories":[4,1],"tags":[],"class_list":["post-36671","post","type-post","status-publish","format-standard","has-post-thumbnail","hentry","category-politica","category-portada"],"jetpack_featured_media_url":"https:\/\/i0.wp.com\/cdnoticias.com\/wp-content\/uploads\/2021\/10\/WhatsApp-Image-2021-10-25-at-17.39.24.jpeg?fit=1180%2C786&ssl=1","jetpack_sharing_enabled":true,"_links":{"self":[{"href":"https:\/\/cdnoticias.com\/index.php\/wp-json\/wp\/v2\/posts\/36671","targetHints":{"allow":["GET"]}}],"collection":[{"href":"https:\/\/cdnoticias.com\/index.php\/wp-json\/wp\/v2\/posts"}],"about":[{"href":"https:\/\/cdnoticias.com\/index.php\/wp-json\/wp\/v2\/types\/post"}],"author":[{"embeddable":true,"href":"https:\/\/cdnoticias.com\/index.php\/wp-json\/wp\/v2\/users\/5"}],"replies":[{"embeddable":true,"href":"https:\/\/cdnoticias.com\/index.php\/wp-json\/wp\/v2\/comments?post=36671"}],"version-history":[{"count":0,"href":"https:\/\/cdnoticias.com\/index.php\/wp-json\/wp\/v2\/posts\/36671\/revisions"}],"wp:featuredmedia":[{"embeddable":true,"href":"https:\/\/cdnoticias.com\/index.php\/wp-json\/wp\/v2\/media\/36673"}],"wp:attachment":[{"href":"https:\/\/cdnoticias.com\/index.php\/wp-json\/wp\/v2\/media?parent=36671"}],"wp:term":[{"taxonomy":"category","embeddable":true,"href":"https:\/\/cdnoticias.com\/index.php\/wp-json\/wp\/v2\/categories?post=36671"},{"taxonomy":"post_tag","embeddable":true,"href":"https:\/\/cdnoticias.com\/index.php\/wp-json\/wp\/v2\/tags?post=36671"}],"curies":[{"name":"wp","href":"https:\/\/api.w.org\/{rel}","templated":true}]}}