{"id":36667,"date":"2021-10-25T18:27:55","date_gmt":"2021-10-25T21:27:55","guid":{"rendered":"http:\/\/www.centraldenoticias.com.ar\/?p=36667"},"modified":"2021-10-25T21:16:36","modified_gmt":"2021-10-26T00:16:36","slug":"cambio-de-traza-para-beneficiar-la-mineria-y-el-turismo-en-sierras-bayas","status":"publish","type":"post","link":"https:\/\/cdnoticias.com\/index.php\/2021\/10\/25\/cambio-de-traza-para-beneficiar-la-mineria-y-el-turismo-en-sierras-bayas\/","title":{"rendered":"Cambio de \u201ctraza\u201d para beneficiar la miner\u00eda y el turismo en Sierras Bayas y las localidades"},"content":{"rendered":"<p>Se trata de un proyecto interdisciplinario elaborado desde el municipio, del cual tambi\u00e9n tomaron parte Facultades locales. Fue enviado este lunes al Concejo Deliberante. <strong>Los detalles<\/strong>.<!--more--><\/p>\n<hr \/>\n<p>El Municipio envi\u00f3 este lunes al Honorable Concejo Deliberante un proyecto de ordenanza para <strong>modificar la traza del camino vecinal en el yacimiento \u201cLa Caba\u00f1ita\u201d, a los fines de posibilitar la continuidad de la explotaci\u00f3n minera<\/strong>, de acuerdo con lo que se explic\u00f3 desde el Ejecutivo local.<\/p>\n<p>&nbsp;<\/p>\n<p>Seg\u00fan se a\u00f1adi\u00f3, determina la desafectaci\u00f3n de fracciones de inmuebles pertenecientes al dominio p\u00fablico municipal para ser adquiridos por la firma Cementos Avellaneda S.A., que deber\u00e1 asumir el compromiso de realizar una nueva traza asegurando la libre circulaci\u00f3n hasta la finalizaci\u00f3n de la nueva calle. El proyecto de ordenanza, adem\u00e1s, <strong>establece que el dinero que ingrese al Municipio ser\u00e1 destinado a: un 50% al desarrollo tur\u00edstico de las localidades serranas del Partido y el otro 50% al desarrollo de infraestructura de las localidades serranas y de los parques industriales del Partido de Olavarr\u00eda<\/strong>.<\/p>\n<p>&nbsp;<\/p>\n<p><img data-recalc-dims=\"1\" loading=\"lazy\" decoding=\"async\" class=\"alignnone size-full wp-image-13484\" src=\"https:\/\/i0.wp.com\/cdnoticias.com\/wp-content\/uploads\/2021\/02\/luces-fresnos05.jpg?resize=800%2C445&#038;ssl=1\" alt=\"\" width=\"800\" height=\"445\" srcset=\"https:\/\/i0.wp.com\/cdnoticias.com\/wp-content\/uploads\/2021\/02\/luces-fresnos05.jpg?w=800&amp;ssl=1 800w, https:\/\/i0.wp.com\/cdnoticias.com\/wp-content\/uploads\/2021\/02\/luces-fresnos05.jpg?resize=300%2C167&amp;ssl=1 300w, https:\/\/i0.wp.com\/cdnoticias.com\/wp-content\/uploads\/2021\/02\/luces-fresnos05.jpg?resize=768%2C427&amp;ssl=1 768w\" sizes=\"auto, (max-width: 800px) 100vw, 800px\" \/><\/p>\n<p>&nbsp;<\/p>\n<p>Desde la Secretar\u00eda de Desarrollo Econ\u00f3mico explicaron que <strong>en la elaboraci\u00f3n del proyecto de ordenanza particip\u00f3 la Facultad de Ingenier\u00eda para cualificar y cuantificar los recursos; la Facultad de Ciencias Sociales fue la encargada de contemplar las variables ambientales, sociales y patrimoniales, las Direcciones de Miner\u00eda, de Medio Ambiente y de Hidr\u00e1ulica del Gobierno Municipa<\/strong>l.<\/p>\n<p>&nbsp;<\/p>\n<p>En este sentido, el Secretario de Desarrollo Econ\u00f3mico Julio Valetutto indic\u00f3:<strong> \u201ceste proyecto es el producto final de un trabajo que no s\u00f3lo contempla la explotaci\u00f3n minera, sino que adem\u00e1s est\u00e1 pensado el espacio y la circulaci\u00f3n para otras actividades (por ejemplo, contempla los Viejos Hornos de Cal de la Providencia), recursos que se asignar\u00e1n en la infraestructura para la generaci\u00f3n de m\u00e1s actividad econ\u00f3mica en Olavarr\u00eda\u201d.<\/strong><\/p>\n<p>&nbsp;<\/p>\n<blockquote><p>\u201cEste proyecto abarca integralmente lo productivo, social y educativo y es el primero en ser trabajado en forma interdisciplinaria y ser\u00e1 referencia para trabajos futuros\u201d<\/p><\/blockquote>\n<p>&nbsp;<\/p>\n<p>Adem\u00e1s, Valetutto asegur\u00f3: \u201c<strong>no tengo dudas que vamos a lograr el acompa\u00f1amiento de los distintos bloques del HCD porque esto no s\u00f3lo va a generar mayores ingresos para Municipio que ser\u00e1n destinados a las localidades, sino que tambi\u00e9n se va preservar la biodiversidad y valoraci\u00f3n paisaj\u00edstica del ecosistema serrano<\/strong> y se sumar\u00e1n atractivos tur\u00edsticos del lugar mediante proyectos con tramas socioculturales, hist\u00f3ricas, geol\u00f3gicas, patrimoniales, paleontol\u00f3gicas y arqueol\u00f3gicas a generar\u201d.<\/p>\n<p>&nbsp;<\/p>\n<p>Asimismo, el responsable de Desarrollo Econ\u00f3mico dijo que <strong>\u201cdebemos seguir fomentando el desarrollo productivo del Partido. La miner\u00eda es clave para la econom\u00eda local y es un sector que genera puestos de trabajo que movilizan el mercado local. Por d\u00eda ingresan a Cementos Avellaneda m\u00e1s de 400 camiones que demuestran la potencia del sector en Olavarr\u00eda\u201d<\/strong>.<\/p>\n<p>&nbsp;<\/p>\n<p>Vale recordar que <strong>en diciembre 2004 se llev\u00f3 a cabo una operaci\u00f3n similar entre el Ejecutivo Municipal y la firma Cementos Avellaneda S.A., que gener\u00f3 un ingreso de $1.800.000 (equivalente a U$$ 618.00 de acuerdo al valor de la moneda extranjera del momento) para las arcas municipales<\/strong> que fueron destinados a diversas obras de infraestructura.<\/p>\n","protected":false},"excerpt":{"rendered":"<p>Se trata de un proyecto interdisciplinario elaborado desde el municipio, del cual tambi\u00e9n tomaron parte Facultades locales. Fue enviado este<\/p>\n","protected":false},"author":3,"featured_media":36668,"comment_status":"closed","ping_status":"closed","sticky":false,"template":"","format":"standard","meta":{"_jetpack_memberships_contains_paid_content":false,"footnotes":""},"categories":[5,1],"tags":[],"class_list":["post-36667","post","type-post","status-publish","format-standard","has-post-thumbnail","hentry","category-informacion-general","category-portada"],"jetpack_featured_media_url":"https:\/\/i0.wp.com\/cdnoticias.com\/wp-content\/uploads\/2021\/10\/Turismo-Senaletica-Sierras-Bayas-1-1024x682.jpg?fit=1024%2C682&ssl=1","jetpack_sharing_enabled":true,"_links":{"self":[{"href":"https:\/\/cdnoticias.com\/index.php\/wp-json\/wp\/v2\/posts\/36667","targetHints":{"allow":["GET"]}}],"collection":[{"href":"https:\/\/cdnoticias.com\/index.php\/wp-json\/wp\/v2\/posts"}],"about":[{"href":"https:\/\/cdnoticias.com\/index.php\/wp-json\/wp\/v2\/types\/post"}],"author":[{"embeddable":true,"href":"https:\/\/cdnoticias.com\/index.php\/wp-json\/wp\/v2\/users\/3"}],"replies":[{"embeddable":true,"href":"https:\/\/cdnoticias.com\/index.php\/wp-json\/wp\/v2\/comments?post=36667"}],"version-history":[{"count":0,"href":"https:\/\/cdnoticias.com\/index.php\/wp-json\/wp\/v2\/posts\/36667\/revisions"}],"wp:featuredmedia":[{"embeddable":true,"href":"https:\/\/cdnoticias.com\/index.php\/wp-json\/wp\/v2\/media\/36668"}],"wp:attachment":[{"href":"https:\/\/cdnoticias.com\/index.php\/wp-json\/wp\/v2\/media?parent=36667"}],"wp:term":[{"taxonomy":"category","embeddable":true,"href":"https:\/\/cdnoticias.com\/index.php\/wp-json\/wp\/v2\/categories?post=36667"},{"taxonomy":"post_tag","embeddable":true,"href":"https:\/\/cdnoticias.com\/index.php\/wp-json\/wp\/v2\/tags?post=36667"}],"curies":[{"name":"wp","href":"https:\/\/api.w.org\/{rel}","templated":true}]}}