{"id":36644,"date":"2021-10-26T08:55:14","date_gmt":"2021-10-26T11:55:14","guid":{"rendered":"http:\/\/www.centraldenoticias.com.ar\/?p=36644"},"modified":"2021-10-26T08:55:14","modified_gmt":"2021-10-26T11:55:14","slug":"encuentro-en-el-bioparque-la-maxima-para-hablar-sobre-ambiente","status":"publish","type":"post","link":"https:\/\/cdnoticias.com\/index.php\/2021\/10\/26\/encuentro-en-el-bioparque-la-maxima-para-hablar-sobre-ambiente\/","title":{"rendered":"Encuentro en el Bioparque La M\u00e1xima para hablar sobre ambiente"},"content":{"rendered":"<p>Participaron el director Flavio Maldonado, el secretario de Desarrollo Humano Diego Robbiani y el presidente del HCD Bruno Cenizo. Adem\u00e1s, estuvieron presentes integrantes del grupo ECO Olavarr\u00eda.<!--more--><\/p>\n<hr \/>\n<p>En la ma\u00f1ana del s\u00e1bado se llev\u00f3 a cabo una reuni\u00f3n en el Bioparque Municipal \u201cLa M\u00e1xima\u201d, encabezada por su<strong> director Flavio Maldonado. Particip\u00f3 el secretario de Desarrollo Humano y Calidad de Vida Diego Robbiani y el presidente del Honorable Concejo Deliberante Bruno Cenizo.<\/strong><\/p>\n<p>&nbsp;<\/p>\n<p>En el encuentro tambi\u00e9n estuvieron presentes<strong> integrantes del grupo Eco Olavarr\u00eda<\/strong>, formado por docentes, guardaparques, veterinarios y otros profesionales, y ciudadanos amantes de la naturaleza y ligados a temas de la protecci\u00f3n ambiental.<\/p>\n<p>&nbsp;<\/p>\n<p>Una vez realizadas las presentaciones protocolares se dialog\u00f3 respecto a la importancia d<strong>e declarar, mantener y conservar la Reserva Natural y todo el predio del Bioparque.<\/strong><\/p>\n<p>&nbsp;<\/p>\n<p>Robbiani destac\u00f3 el compromiso del Municipio para lograr y realizar todos los tr\u00e1mites de \u00edndole administrativo, destacando la presencia de todos los asistentes, el compromiso mostrado y las ganas de trabajar en equipo para poder lograr los objetivos planteados.<\/p>\n<p>&nbsp;<\/p>\n<p><img data-recalc-dims=\"1\" loading=\"lazy\" decoding=\"async\" class=\"alignnone size-full wp-image-36649\" src=\"https:\/\/i0.wp.com\/cdnoticias.com\/wp-content\/uploads\/2021\/10\/reseerva-2.jpeg?resize=800%2C450&#038;ssl=1\" alt=\"\" width=\"800\" height=\"450\" srcset=\"https:\/\/i0.wp.com\/cdnoticias.com\/wp-content\/uploads\/2021\/10\/reseerva-2.jpeg?w=1296&amp;ssl=1 1296w, https:\/\/i0.wp.com\/cdnoticias.com\/wp-content\/uploads\/2021\/10\/reseerva-2.jpeg?resize=300%2C169&amp;ssl=1 300w, https:\/\/i0.wp.com\/cdnoticias.com\/wp-content\/uploads\/2021\/10\/reseerva-2.jpeg?resize=768%2C432&amp;ssl=1 768w, https:\/\/i0.wp.com\/cdnoticias.com\/wp-content\/uploads\/2021\/10\/reseerva-2.jpeg?resize=1024%2C576&amp;ssl=1 1024w\" sizes=\"auto, (max-width: 800px) 100vw, 800px\" \/><\/p>\n<p>&nbsp;<\/p>\n<p>En tanto, resalt\u00f3 tambi\u00e9n la <strong>colaboraci\u00f3n que desinteresadamente realizan miembros del Ej\u00e9rcito<\/strong> para con el predio municipal, ya sea con aportes de maquinarias y tambi\u00e9n de recursos humanos para trabajos de infraestructura.<\/p>\n<p>&nbsp;<\/p>\n<p>Por otra parte, Bruno Cenizo indic\u00f3 que desde el espacio pol\u00edtico que integra se est\u00e1 trabajando y haciendo hincapi\u00e9 en una agenda de temas ambientales, tal es el reconocido caso de <strong>Cerro Largo de Sierras Bayas, y buscar\u00e1n aprobar una Ordenanza para declarar la Reserva Natural desde el Concejo Deliberante con la mayor celeridad posible.<\/strong><\/p>\n<p>&nbsp;<\/p>\n<p>Por \u00faltimo, y con todos los integrantes en busca de un objetivo com\u00fan que es la preservaci\u00f3n y conservaci\u00f3n de espacios naturales, se acord\u00f3 generar nuevas reuniones e integrar actores involucrados con la tem\u00e1tica ambiental.<\/p>\n","protected":false},"excerpt":{"rendered":"<p>Participaron el director Flavio Maldonado, el secretario de Desarrollo Humano Diego Robbiani y el presidente del HCD Bruno Cenizo. Adem\u00e1s,<\/p>\n","protected":false},"author":5,"featured_media":36648,"comment_status":"closed","ping_status":"closed","sticky":false,"template":"","format":"standard","meta":{"_jetpack_memberships_contains_paid_content":false,"footnotes":""},"categories":[5],"tags":[],"class_list":["post-36644","post","type-post","status-publish","format-standard","has-post-thumbnail","hentry","category-informacion-general"],"jetpack_featured_media_url":"https:\/\/i0.wp.com\/cdnoticias.com\/wp-content\/uploads\/2021\/10\/La-Maxima-Reunion-Reserva-1.jpg?fit=1770%2C1180&ssl=1","jetpack_sharing_enabled":true,"_links":{"self":[{"href":"https:\/\/cdnoticias.com\/index.php\/wp-json\/wp\/v2\/posts\/36644","targetHints":{"allow":["GET"]}}],"collection":[{"href":"https:\/\/cdnoticias.com\/index.php\/wp-json\/wp\/v2\/posts"}],"about":[{"href":"https:\/\/cdnoticias.com\/index.php\/wp-json\/wp\/v2\/types\/post"}],"author":[{"embeddable":true,"href":"https:\/\/cdnoticias.com\/index.php\/wp-json\/wp\/v2\/users\/5"}],"replies":[{"embeddable":true,"href":"https:\/\/cdnoticias.com\/index.php\/wp-json\/wp\/v2\/comments?post=36644"}],"version-history":[{"count":0,"href":"https:\/\/cdnoticias.com\/index.php\/wp-json\/wp\/v2\/posts\/36644\/revisions"}],"wp:featuredmedia":[{"embeddable":true,"href":"https:\/\/cdnoticias.com\/index.php\/wp-json\/wp\/v2\/media\/36648"}],"wp:attachment":[{"href":"https:\/\/cdnoticias.com\/index.php\/wp-json\/wp\/v2\/media?parent=36644"}],"wp:term":[{"taxonomy":"category","embeddable":true,"href":"https:\/\/cdnoticias.com\/index.php\/wp-json\/wp\/v2\/categories?post=36644"},{"taxonomy":"post_tag","embeddable":true,"href":"https:\/\/cdnoticias.com\/index.php\/wp-json\/wp\/v2\/tags?post=36644"}],"curies":[{"name":"wp","href":"https:\/\/api.w.org\/{rel}","templated":true}]}}