{"id":36633,"date":"2021-10-26T10:10:25","date_gmt":"2021-10-26T13:10:25","guid":{"rendered":"http:\/\/www.centraldenoticias.com.ar\/?p=36633"},"modified":"2021-10-26T10:10:25","modified_gmt":"2021-10-26T13:10:25","slug":"artedanza-presenta-sus-galas-anuales-soul-stars","status":"publish","type":"post","link":"https:\/\/cdnoticias.com\/index.php\/2021\/10\/26\/artedanza-presenta-sus-galas-anuales-soul-stars\/","title":{"rendered":"Artedanza presenta sus Galas Anuales &#8220;Soul Stars&#8221;"},"content":{"rendered":"<p>Ser\u00e1 los d\u00edas\u00a0viernes 26 y s\u00e1bado 27 de noviembre en el Teatro Municipal a las 21:00.\u00a0<!--more--><\/p>\n<hr \/>\n<p><strong>Artedanza presenta sus Galas Anuales, &#8220;Soul Stars&#8221;<\/strong> (Estrellas del alma, despu\u00e9s de tanta oscuridad las estrellas del alma volver\u00e1n a encenderse). Las mismas ser\u00e1n los d\u00edas <strong>viernes 26 y s\u00e1bado 27 de noviembre en el Teatro Municipal a las 21:00.\u00a0<\/strong><\/p>\n<p>&nbsp;<\/p>\n<p>&#8220;<strong>Jazz, Fosse, Tap, Urbano, Jazz Contempor\u00e1neo, Danza Cl\u00e1sica, Lyrical, K-Pop, Infantil, Tango, Danza Contempor\u00e1nea, Adagio, Street Jazz, Disco,<\/strong> entre otras danzas para disfrutar en familia, con amigos y p\u00fablico en general&#8221; se indic\u00f3.<\/p>\n<p>&nbsp;<\/p>\n<p><strong>Bailar\u00e1n los alumnos y profesores de Artedanza<\/strong> y como <strong>invitados los Maestros en Tango<\/strong>, <strong>Soledad Buss y C\u00e9sar Peral<\/strong> y la <strong>Maestra Bel\u00e9n Ucar de la Fundaci\u00f3n Julio Bocca.<\/strong> En la <strong>Direcci\u00f3n Art\u00edstica<\/strong> se encuentran los Maestros <strong>Valeria Potes y Gustavo Bertuol.<\/strong><\/p>\n<p>&nbsp;<\/p>\n<p>Las<strong> entradas<\/strong> numeradas <strong>(tuentrada.com) tendr\u00e1n un costo de $700<\/strong> y se pondr\u00e1n <strong>a la venta el mi\u00e9rcoles 27 de octubre<\/strong> en la <strong>Boleter\u00eda del Teatro Municipal.<\/strong><\/p>\n<p>&nbsp;<\/p>\n","protected":false},"excerpt":{"rendered":"<p>Ser\u00e1 los d\u00edas\u00a0viernes 26 y s\u00e1bado 27 de noviembre en el Teatro Municipal a las 21:00.\u00a0<\/p>\n","protected":false},"author":6,"featured_media":36636,"comment_status":"closed","ping_status":"closed","sticky":false,"template":"","format":"standard","meta":{"_jetpack_memberships_contains_paid_content":false,"footnotes":""},"categories":[9,1],"tags":[],"class_list":["post-36633","post","type-post","status-publish","format-standard","has-post-thumbnail","hentry","category-cultura","category-portada"],"jetpack_featured_media_url":"https:\/\/i0.wp.com\/cdnoticias.com\/wp-content\/uploads\/2021\/10\/WhatsApp-Image-2021-10-25-at-14.35.43.jpeg?fit=1003%2C1170&ssl=1","jetpack_sharing_enabled":true,"_links":{"self":[{"href":"https:\/\/cdnoticias.com\/index.php\/wp-json\/wp\/v2\/posts\/36633","targetHints":{"allow":["GET"]}}],"collection":[{"href":"https:\/\/cdnoticias.com\/index.php\/wp-json\/wp\/v2\/posts"}],"about":[{"href":"https:\/\/cdnoticias.com\/index.php\/wp-json\/wp\/v2\/types\/post"}],"author":[{"embeddable":true,"href":"https:\/\/cdnoticias.com\/index.php\/wp-json\/wp\/v2\/users\/6"}],"replies":[{"embeddable":true,"href":"https:\/\/cdnoticias.com\/index.php\/wp-json\/wp\/v2\/comments?post=36633"}],"version-history":[{"count":0,"href":"https:\/\/cdnoticias.com\/index.php\/wp-json\/wp\/v2\/posts\/36633\/revisions"}],"wp:featuredmedia":[{"embeddable":true,"href":"https:\/\/cdnoticias.com\/index.php\/wp-json\/wp\/v2\/media\/36636"}],"wp:attachment":[{"href":"https:\/\/cdnoticias.com\/index.php\/wp-json\/wp\/v2\/media?parent=36633"}],"wp:term":[{"taxonomy":"category","embeddable":true,"href":"https:\/\/cdnoticias.com\/index.php\/wp-json\/wp\/v2\/categories?post=36633"},{"taxonomy":"post_tag","embeddable":true,"href":"https:\/\/cdnoticias.com\/index.php\/wp-json\/wp\/v2\/tags?post=36633"}],"curies":[{"name":"wp","href":"https:\/\/api.w.org\/{rel}","templated":true}]}}