{"id":36630,"date":"2021-10-26T08:56:55","date_gmt":"2021-10-26T11:56:55","guid":{"rendered":"http:\/\/www.centraldenoticias.com.ar\/?p=36630"},"modified":"2021-10-26T08:56:55","modified_gmt":"2021-10-26T11:56:55","slug":"miguel-mateos-celebra-en-olavarria-sus-40-anos-de-vigencia-musical","status":"publish","type":"post","link":"https:\/\/cdnoticias.com\/index.php\/2021\/10\/26\/miguel-mateos-celebra-en-olavarria-sus-40-anos-de-vigencia-musical\/","title":{"rendered":"Miguel Mateos celebra en Olavarr\u00eda sus 40 a\u00f1os de vigencia musical"},"content":{"rendered":"<p align=\"JUSTIFY\">Se presentar\u00e1 en el Teatro Municipal el 8 de diciembre a las 21:30.<!--more--><\/p>\n<hr \/>\n<p align=\"JUSTIFY\"><strong>Miguel Mateos<\/strong> vuelve a <strong>Olavarr\u00eda<\/strong> para presentar su nuevo show<strong> &#8220;40 a\u00f1os&#8221;<\/strong> en el cual har\u00e1 un <strong>repaso por toda su trayectoria<\/strong>. El cantante se presentar\u00e1 en el <strong>Teatro Municipal<\/strong> el <strong>mi\u00e9rcoles 8 de diciembre a las 21:30.\u00a0<\/strong><\/p>\n<p align=\"JUSTIFY\">\n<p align=\"JUSTIFY\"><span lang=\"es-ES\">&#8220;<strong>Cuatro d\u00e9cadas<\/strong> pasaron desde su <strong>presentaci\u00f3n masiva<\/strong> en sociedad como <strong>apertura de los m\u00edticos recitales de Queen en febrero de 1981<\/strong>, hasta este <strong>presente activo<\/strong> en el que su <strong>\u00faltimo \u00e1lbum \u201c<\/strong><\/span><strong><span lang=\"es-ES\"><i>Undotrecua<\/i><\/span><\/strong><span lang=\"es-ES\"><strong>\u201d<\/strong> fuera nominado al <strong>Grammy Latino<\/strong>.\u00a0<\/span><span lang=\"es-ES\">Son pocos los artistas argentinos que se hayan mantenido vigentes<strong> durante m\u00e1s de 40 a\u00f1os,<\/strong> y es el impulso intacto por rockear que lleva a<strong> Miguel Mateos<\/strong> a presentar en vivo su <strong>nuevo show por las principales ciudades del pa\u00eds.<\/strong> Un forma de agradecimiento a su p\u00fablico fiel que lo sigui\u00f3 durante tantos a\u00f1os y a las nuevas generaciones que buscan descubrir su poder esc\u00e9nico&#8221; se indic\u00f3.<\/span><\/p>\n<p align=\"JUSTIFY\">\n<p align=\"JUSTIFY\"><span lang=\"es-ES\">En este reencuentro con su p\u00fablico, se har\u00e1 un<strong> repaso de sus canciones desde su primer single\u00a0<\/strong><\/span><strong><span lang=\"es-ES\">\u201c<\/span><span lang=\"es-ES\"><i>Va por vos, para vos<\/i><\/span><\/strong><span lang=\"es-ES\"><strong>\u201d<\/strong>, los temas que marcaron a fuego la primavera democr\u00e1tica como <strong>\u201c<\/strong><\/span><strong><span lang=\"es-ES\"><i>Huevos<\/i><\/span><span lang=\"es-ES\">\u201d, \u201c<\/span><span lang=\"es-ES\"><i>Tir\u00e1 para arriba<\/i><\/span><span lang=\"es-ES\">\u201d, \u201c<\/span><span lang=\"es-ES\"><i>Tengo que parar<\/i><\/span><\/strong><span lang=\"es-ES\"><strong>\u201d<\/strong>, las canciones que abrieron el camino para el rock argentino en Latinoam\u00e9rica como<strong> \u201c<\/strong><\/span><strong><span lang=\"es-ES\"><i>Obsesi\u00f3n<\/i><\/span><span lang=\"es-ES\">\u201d, \u201c<\/span><span lang=\"es-ES\"><i>Cuando seas grande<\/i><\/span><span lang=\"es-ES\">\u201d, \u201c<\/span><span lang=\"es-ES\"><i>Ll\u00e1mame, si me necesitas<\/i><\/span><\/strong><span lang=\"es-ES\"><strong>\u201d<\/strong>, hasta el presente de <strong><em>\u201cUndotrecua\u201d<\/em><\/strong> con su homenaje al rock argentino de <strong>\u201c<\/strong><\/span><strong><span lang=\"es-ES\"><i>El nacional<\/i><\/span><\/strong><span lang=\"es-ES\"><strong>\u201d<\/strong> o la power balad<strong> \u201c<\/strong><\/span><strong><span lang=\"es-ES\"><i>El menos complicado de los hombres<\/i><\/span><span lang=\"es-ES\">\u201d.<\/span><\/strong><\/p>\n<p align=\"JUSTIFY\">\n<p lang=\"es-ES\" align=\"JUSTIFY\">Las <strong>entradas ya se encuentran a la venta en efectivo<\/strong> y a trav\u00e9s de la <strong>p\u00e1gina<\/strong>\u00a0<a href=\"http:\/\/www.tuentrada.com\/\">www.tuentrada.com<\/a>\u00a0donde se puede <strong>abonar con tarjeta.<\/strong><\/p>\n<p lang=\"es-ES\" align=\"JUSTIFY\">\n<p lang=\"es-ES\" align=\"JUSTIFY\"><strong>Valor de las entradas<\/strong><\/p>\n<p lang=\"es-ES\" align=\"JUSTIFY\">\n<p lang=\"es-ES\" align=\"JUSTIFY\">Platea: <strong>$3000<\/strong><\/p>\n<p lang=\"es-ES\" align=\"JUSTIFY\">\n<p lang=\"es-ES\" align=\"JUSTIFY\">Pullman: <strong>$2500<\/strong><\/p>\n<p lang=\"es-ES\" align=\"JUSTIFY\">\n<p lang=\"es-ES\" align=\"JUSTIFY\">Super Pullman: <strong>$2000<\/strong><\/p>\n<p align=\"JUSTIFY\">\n","protected":false},"excerpt":{"rendered":"<p>Se presentar\u00e1 en el Teatro Municipal el 8 de diciembre a las 21:30.<\/p>\n","protected":false},"author":6,"featured_media":36631,"comment_status":"closed","ping_status":"closed","sticky":false,"template":"","format":"standard","meta":{"_jetpack_memberships_contains_paid_content":false,"footnotes":""},"categories":[9,1],"tags":[],"class_list":["post-36630","post","type-post","status-publish","format-standard","has-post-thumbnail","hentry","category-cultura","category-portada"],"jetpack_featured_media_url":"https:\/\/i0.wp.com\/cdnoticias.com\/wp-content\/uploads\/2021\/10\/Cultura-Miguel-Mateos.jpg?fit=520%2C445&ssl=1","jetpack_sharing_enabled":true,"_links":{"self":[{"href":"https:\/\/cdnoticias.com\/index.php\/wp-json\/wp\/v2\/posts\/36630","targetHints":{"allow":["GET"]}}],"collection":[{"href":"https:\/\/cdnoticias.com\/index.php\/wp-json\/wp\/v2\/posts"}],"about":[{"href":"https:\/\/cdnoticias.com\/index.php\/wp-json\/wp\/v2\/types\/post"}],"author":[{"embeddable":true,"href":"https:\/\/cdnoticias.com\/index.php\/wp-json\/wp\/v2\/users\/6"}],"replies":[{"embeddable":true,"href":"https:\/\/cdnoticias.com\/index.php\/wp-json\/wp\/v2\/comments?post=36630"}],"version-history":[{"count":0,"href":"https:\/\/cdnoticias.com\/index.php\/wp-json\/wp\/v2\/posts\/36630\/revisions"}],"wp:featuredmedia":[{"embeddable":true,"href":"https:\/\/cdnoticias.com\/index.php\/wp-json\/wp\/v2\/media\/36631"}],"wp:attachment":[{"href":"https:\/\/cdnoticias.com\/index.php\/wp-json\/wp\/v2\/media?parent=36630"}],"wp:term":[{"taxonomy":"category","embeddable":true,"href":"https:\/\/cdnoticias.com\/index.php\/wp-json\/wp\/v2\/categories?post=36630"},{"taxonomy":"post_tag","embeddable":true,"href":"https:\/\/cdnoticias.com\/index.php\/wp-json\/wp\/v2\/tags?post=36630"}],"curies":[{"name":"wp","href":"https:\/\/api.w.org\/{rel}","templated":true}]}}