{"id":36627,"date":"2021-10-25T13:09:03","date_gmt":"2021-10-25T16:09:03","guid":{"rendered":"http:\/\/www.centraldenoticias.com.ar\/?p=36627"},"modified":"2021-10-25T13:09:18","modified_gmt":"2021-10-25T16:09:18","slug":"olavarria-se-suma-a-la-semana-de-vacunacion-bonaerense","status":"publish","type":"post","link":"https:\/\/cdnoticias.com\/index.php\/2021\/10\/25\/olavarria-se-suma-a-la-semana-de-vacunacion-bonaerense\/","title":{"rendered":"Olavarr\u00eda se suma a la Semana de Vacunaci\u00f3n Bonaerense"},"content":{"rendered":"<p>El Banco de Leche extender\u00e1 el horario de atenci\u00f3n y se priorizar\u00e1 el calendario de vacunaci\u00f3n anual.\u00a0<!--more--><\/p>\n<hr \/>\n<p>La <strong>Secretar\u00eda de Salud, a trav\u00e9s de la Direcci\u00f3n de Epidemiolog\u00eda e Inmunizaciones, participa de la Semana de la Vacunaci\u00f3n bonaerense, campa\u00f1a para completar esquemas de inmunizaci\u00f3n que se lleva a cabo durante los d\u00edas 25 al 31 de octubre.<\/strong><\/p>\n<p>&nbsp;<\/p>\n<blockquote><p>La campa\u00f1a est\u00e1 orientada a personas de todas las edades que tengan atrasado el calendario de vacunaci\u00f3n:<\/p><\/blockquote>\n<p>&nbsp;<\/p>\n<p>\u2013 <strong>Ni\u00f1os y ni\u00f1as nacidos en el a\u00f1o 2010<\/strong> (para completar o inmunizarse con las vacunas correspondientes a esa edad seg\u00fan Calendario Nacional -HPV \u2013segunda dosis-, Triple Bacteriana Aceclular, Antimeningococcica \u2013Menveo).<\/p>\n<p>&nbsp;<\/p>\n<p>\u2013 <strong>Chicos entre 5 y 6 a\u00f1os de edad<\/strong> (Ingreso Escolar: Triple Bacteriana Acelular, Triple Viral y Salk).<\/p>\n<p>&nbsp;<\/p>\n<p>\u2013 <strong>Embarazadas<\/strong><\/p>\n<p>&nbsp;<\/p>\n<p>\u2013<strong> Personas mayores<\/strong><\/p>\n<p>&nbsp;<\/p>\n<p>Podr\u00e1n acercarse a cualquier <strong>Centro de Atenci\u00f3n Primaria de la Salud cercano al domicilio, al vacunatorio del Hospital \u201cDr. H\u00e9ctor M. Cura\u201d, al Centro de Inmunizaciones y al Banco de Leche. Este \u00faltimo, cabe destacar, extiende su horario de atenci\u00f3n: los d\u00edas mi\u00e9rcoles 27 y viernes 29 funcionar\u00e1 en horario corrido, de 07:30 a 19 horas.<\/strong><\/p>\n<p>&nbsp;<\/p>\n<p>Ante dudas y\/o consultas sobre el esquema de vacunaci\u00f3n, se podr\u00e1n acercar a los centros de salud mencionados anteriormente.<\/p>\n<p>&nbsp;<\/p>\n<p>Desde la <strong>Direcci\u00f3n de Epidemiolog\u00eda del Municipio se recuerda que todas las vacunas del Calendario Nacional son obligatorias, gratuitas y se aplican en los vacunatorios, centros de salud y hospitales p\u00fablicos del pa\u00eds.<\/strong> El calendario incluye vacunas para todas las etapas de la vida, situaciones especiales o para grupos espec\u00edficos.<\/p>\n<p>&nbsp;<\/p>\n<p>Tal como expresa el Ministerio de Salud de la Naci\u00f3n, es muy importante mantener completo el Calendario de Vacunaci\u00f3n. <strong>Las vacunas constituyen una de las principales medidas para evitar un conjunto de enfermedades prevenibles por esta v\u00eda, que pueden ser graves para nuestra salud.<\/strong> Es nuestra responsabilidad y obligaci\u00f3n que nos apliquemos las vacunas que nos corresponden durante todas las etapas de la vida, as\u00ed como tambi\u00e9n acompa\u00f1ar a los m\u00e1s peque\u00f1os en este proceso, para evitar enfermarnos y contagiar a nuestra familia y otras personas.<\/p>\n<p>&nbsp;<\/p>\n<blockquote><p>Adem\u00e1s, es fundamental tomar conciencia de que no s\u00f3lo podemos enfermarnos nosotros, sino tambi\u00e9n contagiar a personas m\u00e1s vulnerables que no pueden recibir las vacunas por tener contraindicaciones para su aplicaci\u00f3n.<\/p><\/blockquote>\n<p>&nbsp;<\/p>\n<p>Por ello se dice que <strong>la vacunaci\u00f3n ofrece protecci\u00f3n de la salud \u201cen reba\u00f1o\u201d: cuando la mayor\u00eda de las personas en una comunidad est\u00e1n correctamente inmunizadas, si alguien adquiere una enfermedad inmunoprevenible, la enfermedad probablemente no se propague, ya que en su entorno entra en contacto con otras personas que est\u00e1n protegidas<\/strong>. De esta forma, la diseminaci\u00f3n de la enfermedad quedar\u00e1 limitada y no alcanzar\u00e1 a individuos susceptibles que no hayan podido vacunarse por contraindicaci\u00f3n m\u00e9dica (ejemplo: pacientes con c\u00e1ncer).<\/p>\n","protected":false},"excerpt":{"rendered":"<p>El Banco de Leche extender\u00e1 el horario de atenci\u00f3n y se priorizar\u00e1 el calendario de vacunaci\u00f3n anual.\u00a0<\/p>\n","protected":false},"author":2,"featured_media":35937,"comment_status":"closed","ping_status":"closed","sticky":false,"template":"","format":"standard","meta":{"_jetpack_memberships_contains_paid_content":false,"footnotes":""},"categories":[5],"tags":[],"class_list":["post-36627","post","type-post","status-publish","format-standard","has-post-thumbnail","hentry","category-informacion-general"],"jetpack_featured_media_url":"https:\/\/i0.wp.com\/cdnoticias.com\/wp-content\/uploads\/2021\/10\/Salud-Vacunacion.jpg?fit=624%2C454&ssl=1","jetpack_sharing_enabled":true,"_links":{"self":[{"href":"https:\/\/cdnoticias.com\/index.php\/wp-json\/wp\/v2\/posts\/36627","targetHints":{"allow":["GET"]}}],"collection":[{"href":"https:\/\/cdnoticias.com\/index.php\/wp-json\/wp\/v2\/posts"}],"about":[{"href":"https:\/\/cdnoticias.com\/index.php\/wp-json\/wp\/v2\/types\/post"}],"author":[{"embeddable":true,"href":"https:\/\/cdnoticias.com\/index.php\/wp-json\/wp\/v2\/users\/2"}],"replies":[{"embeddable":true,"href":"https:\/\/cdnoticias.com\/index.php\/wp-json\/wp\/v2\/comments?post=36627"}],"version-history":[{"count":0,"href":"https:\/\/cdnoticias.com\/index.php\/wp-json\/wp\/v2\/posts\/36627\/revisions"}],"wp:featuredmedia":[{"embeddable":true,"href":"https:\/\/cdnoticias.com\/index.php\/wp-json\/wp\/v2\/media\/35937"}],"wp:attachment":[{"href":"https:\/\/cdnoticias.com\/index.php\/wp-json\/wp\/v2\/media?parent=36627"}],"wp:term":[{"taxonomy":"category","embeddable":true,"href":"https:\/\/cdnoticias.com\/index.php\/wp-json\/wp\/v2\/categories?post=36627"},{"taxonomy":"post_tag","embeddable":true,"href":"https:\/\/cdnoticias.com\/index.php\/wp-json\/wp\/v2\/tags?post=36627"}],"curies":[{"name":"wp","href":"https:\/\/api.w.org\/{rel}","templated":true}]}}