{"id":36622,"date":"2021-10-25T12:35:34","date_gmt":"2021-10-25T15:35:34","guid":{"rendered":"http:\/\/www.centraldenoticias.com.ar\/?p=36622"},"modified":"2021-10-25T12:35:34","modified_gmt":"2021-10-25T15:35:34","slug":"el-hcd-buscara-declarar-de-interes-legislativo-el-libro-de-maria-ines-banegas","status":"publish","type":"post","link":"https:\/\/cdnoticias.com\/index.php\/2021\/10\/25\/el-hcd-buscara-declarar-de-interes-legislativo-el-libro-de-maria-ines-banegas\/","title":{"rendered":"El HCD buscar\u00e1 declarar de inter\u00e9s legislativo el libro de Mar\u00eda In\u00e9s Banegas"},"content":{"rendered":"<p>El interbloque del Frente de Todos, v\u00eda Foro Olavarr\u00eda present\u00f3 la propuesta para que \u201cComienzo del juego. El arte de las Estatuas Vivientes\u201d tenga reconocimiento legislativo.<!--more--><\/p>\n<hr \/>\n<p>Mediante una<strong> iniciativa del interbloque del Frente de Todos se buscar\u00e1 declarar de inter\u00e9s legislativo el libro \u201cComienzo del juego. El arte de las Estatuas Vivientes\u201d escrito por la artista local Mar\u00eda In\u00e9s Banegas y publicado por la editorial local Del Altillo.<\/strong><\/p>\n<p>&nbsp;<\/p>\n<p><strong>Foro Olavarr\u00eda present\u00f3 un proyecto de resoluci\u00f3n que se tratar\u00e1 este jueves en la pr\u00f3xima sesi\u00f3n ordinaria del Honorable Concejo Deliberante<\/strong>, para darle un reconocimiento a la artista local dedicada al arte de las estatuas vivientes.<\/p>\n<p>&nbsp;<\/p>\n<p>El libro<em><strong> \u201cComienzo del juego. El arte de las Estatuas Vivientes\u201d<\/strong> <\/em>es publicado por la<strong> Editorial Del Altillo, un emprendimiento olavarriense que de manera independiente viene publicando autores de Olavarr\u00eda y la regi\u00f3n.<\/strong> Su presentaci\u00f3n se realizar\u00e1 el d\u00eda s\u00e1bado 30 de octubre en la Casa del Bicentenario y el domingo 31 de octubre en el Centro Cultural Municipal San Jos\u00e9.<\/p>\n<p>&nbsp;<\/p>\n<p><strong>Mar\u00eda In\u00e9s Banegas ha realizado una extensa carrera como estatua viviente<\/strong> y ha desarrollado el estatuismo en nuestra ciudad y la regi\u00f3n a trav\u00e9s de su trabajo docente, adem\u00e1s de incursionar en distintas disciplinas art\u00edsticas. En su libro deja plasmada la experiencia de transformar el accionar individual y autogestivo del estatuismo en un trabajo comunitario y colectivo, a trav\u00e9s de historias que nacieron inspiradas en cada uno de sus personajes de estatuas vivientes.<\/p>\n<p>&nbsp;<\/p>\n<p>Adem\u00e1s,<strong> el desarrollo del estatuismo olavarriense ubica a Mar\u00eda In\u00e9s Banegas en un rol de protagonismo. Sus producciones le han posibilitado recorrer distintas ciudades del pa\u00eds y el mundo, representando a Olavarr\u00eda en Encuentros y Festivales.<\/strong> A su vez, con la organizaci\u00f3n de la artista y el apoyo del Municipio, se han realizado en nuestra ciudad numerosos Encuentros Nacionales y Festivales Internacionales de Estatuas Vivientes que han permitido brindar a Olavarr\u00eda la llegada de artistas de distintos puntos del pa\u00eds ofreciendo gran variedad de propuestas est\u00e9ticas que permitieron disfrutar al p\u00fablico olavarriense.<\/p>\n","protected":false},"excerpt":{"rendered":"<p>El interbloque del Frente de Todos, v\u00eda Foro Olavarr\u00eda present\u00f3 la propuesta para que \u201cComienzo del juego. El arte de<\/p>\n","protected":false},"author":2,"featured_media":36623,"comment_status":"closed","ping_status":"closed","sticky":false,"template":"","format":"standard","meta":{"_jetpack_memberships_contains_paid_content":false,"footnotes":""},"categories":[4,1],"tags":[],"class_list":["post-36622","post","type-post","status-publish","format-standard","has-post-thumbnail","hentry","category-politica","category-portada"],"jetpack_featured_media_url":"https:\/\/i0.wp.com\/cdnoticias.com\/wp-content\/uploads\/2021\/10\/Mar%C3%ADa-In%C3%A9s-Banegas.jpg?fit=800%2C500&ssl=1","jetpack_sharing_enabled":true,"_links":{"self":[{"href":"https:\/\/cdnoticias.com\/index.php\/wp-json\/wp\/v2\/posts\/36622","targetHints":{"allow":["GET"]}}],"collection":[{"href":"https:\/\/cdnoticias.com\/index.php\/wp-json\/wp\/v2\/posts"}],"about":[{"href":"https:\/\/cdnoticias.com\/index.php\/wp-json\/wp\/v2\/types\/post"}],"author":[{"embeddable":true,"href":"https:\/\/cdnoticias.com\/index.php\/wp-json\/wp\/v2\/users\/2"}],"replies":[{"embeddable":true,"href":"https:\/\/cdnoticias.com\/index.php\/wp-json\/wp\/v2\/comments?post=36622"}],"version-history":[{"count":0,"href":"https:\/\/cdnoticias.com\/index.php\/wp-json\/wp\/v2\/posts\/36622\/revisions"}],"wp:featuredmedia":[{"embeddable":true,"href":"https:\/\/cdnoticias.com\/index.php\/wp-json\/wp\/v2\/media\/36623"}],"wp:attachment":[{"href":"https:\/\/cdnoticias.com\/index.php\/wp-json\/wp\/v2\/media?parent=36622"}],"wp:term":[{"taxonomy":"category","embeddable":true,"href":"https:\/\/cdnoticias.com\/index.php\/wp-json\/wp\/v2\/categories?post=36622"},{"taxonomy":"post_tag","embeddable":true,"href":"https:\/\/cdnoticias.com\/index.php\/wp-json\/wp\/v2\/tags?post=36622"}],"curies":[{"name":"wp","href":"https:\/\/api.w.org\/{rel}","templated":true}]}}