{"id":36586,"date":"2021-10-25T08:20:02","date_gmt":"2021-10-25T11:20:02","guid":{"rendered":"http:\/\/www.centraldenoticias.com.ar\/?p=36586"},"modified":"2021-10-25T08:20:02","modified_gmt":"2021-10-25T11:20:02","slug":"susana-beatriz-tejo-pepona-q-e-p-d","status":"publish","type":"post","link":"https:\/\/cdnoticias.com\/index.php\/2021\/10\/25\/susana-beatriz-tejo-pepona-q-e-p-d\/","title":{"rendered":"Susana Beatriz Tejo &#8220;Pepona&#8221; (Q.E.P.D.)"},"content":{"rendered":"<p>Sus hijos N\u00e9stor Martin y Claudio Fabi\u00e1n Becker. Su hija pol\u00edtica Yolanda Lujan Piazza. Sus nietos Benjam\u00edn y Bautista Becker. Sus hermanos Norma Beatriz y German Manuel Tejo. Su hermana pol\u00edtica Rosilda Cardozo. Sus sobrinos Oscar, Diego, Nicol\u00e1s, Gabriela, Aldo y Antonella y dem\u00e1s deudos participan su fallecimiento.<\/p>\n<p>&nbsp;<\/p>\n<p>Velatorio: Espa\u00f1a 2942 departamento &#8220;D&#8221;, la sala abre a las 10:30. Sin responso. Inhumaci\u00f3n: Cementerio Loma de Paz, lunes 25 de octubre a las 14:30 horas. Servicio adherido a Coopelectric.<\/p>\n<p>&nbsp;<\/p>\n<p>Vecina de Barrio AOMA.<\/p>\n<p>&nbsp;<\/p>\n<p>Nacida en Olavarr\u00eda.<\/p>\n<p>&nbsp;<\/p>\n<p>Pensionada.<\/p>\n","protected":false},"excerpt":{"rendered":"<p>Sus hijos N\u00e9stor Martin y Claudio Fabi\u00e1n Becker. Su hija pol\u00edtica Yolanda Lujan Piazza. Sus nietos Benjam\u00edn y Bautista Becker.<\/p>\n","protected":false},"author":4,"featured_media":0,"comment_status":"closed","ping_status":"closed","sticky":false,"template":"","format":"standard","meta":{"_jetpack_memberships_contains_paid_content":false,"footnotes":""},"categories":[10],"tags":[],"class_list":["post-36586","post","type-post","status-publish","format-standard","hentry","category-necrologicas"],"jetpack_featured_media_url":"","jetpack_sharing_enabled":true,"_links":{"self":[{"href":"https:\/\/cdnoticias.com\/index.php\/wp-json\/wp\/v2\/posts\/36586","targetHints":{"allow":["GET"]}}],"collection":[{"href":"https:\/\/cdnoticias.com\/index.php\/wp-json\/wp\/v2\/posts"}],"about":[{"href":"https:\/\/cdnoticias.com\/index.php\/wp-json\/wp\/v2\/types\/post"}],"author":[{"embeddable":true,"href":"https:\/\/cdnoticias.com\/index.php\/wp-json\/wp\/v2\/users\/4"}],"replies":[{"embeddable":true,"href":"https:\/\/cdnoticias.com\/index.php\/wp-json\/wp\/v2\/comments?post=36586"}],"version-history":[{"count":0,"href":"https:\/\/cdnoticias.com\/index.php\/wp-json\/wp\/v2\/posts\/36586\/revisions"}],"wp:attachment":[{"href":"https:\/\/cdnoticias.com\/index.php\/wp-json\/wp\/v2\/media?parent=36586"}],"wp:term":[{"taxonomy":"category","embeddable":true,"href":"https:\/\/cdnoticias.com\/index.php\/wp-json\/wp\/v2\/categories?post=36586"},{"taxonomy":"post_tag","embeddable":true,"href":"https:\/\/cdnoticias.com\/index.php\/wp-json\/wp\/v2\/tags?post=36586"}],"curies":[{"name":"wp","href":"https:\/\/api.w.org\/{rel}","templated":true}]}}