{"id":3652,"date":"2020-10-10T17:31:40","date_gmt":"2020-10-10T20:31:40","guid":{"rendered":"http:\/\/www.centraldenoticias.com.ar\/?p=3652"},"modified":"2020-10-10T17:31:40","modified_gmt":"2020-10-10T20:31:40","slug":"preservar-y-mejorar-la-salud-mental-en-contexto-de-pandemia","status":"publish","type":"post","link":"https:\/\/cdnoticias.com\/index.php\/2020\/10\/10\/preservar-y-mejorar-la-salud-mental-en-contexto-de-pandemia\/","title":{"rendered":"Preservar y mejorar la salud mental en contexto de pandemia"},"content":{"rendered":"<p>Este s\u00e1bado se conmemora el D\u00eda Mundial de la Salud Mental. En ese marco se proclam\u00f3 la jefa del \u00e1rea de Salud Mental del Municipio, Claudia Elizaga.<\/p>\n<p><!--more--><\/p>\n<hr \/>\n<p>En un contexto de pandemia, que produjo una disrupci\u00f3n en la vida cotidiana en todos los pa\u00edses del globo, <strong>este s\u00e1bado 10 de octubre se conmemora el D\u00eda Mundial de la Salud Mental; la cual se ve atravesada por dicho contexto, lo que se traduce en un incremento del estr\u00e9s, cambios en el ciclo de sue\u00f1o, aumento de la ansiedad y cuadros depresivos<\/strong>, entre otros.<\/p>\n<p>&nbsp;<\/p>\n<p>La Organizaci\u00f3n Mundial de la Salud expresa al respecto: <strong>\u201cLos \u00faltimos meses han tra\u00eddo muchos retos: para el personal de salud, que presta sus servicios en circunstancias dif\u00edciles, y acude al trabajo con el temor de llevarse la COVID-19 a casa; para los estudiantes, que han tenido que adaptarse a las clases a distancia, con escaso contacto con profesores y compa\u00f1eros, y llenos de ansiedad sobre su futuro; para los trabajadores, cuyos medios de vida se ven amenazados; para el ingente n\u00famero de personas atrapadas en la pobreza o en entornos humanitarios fr\u00e1giles con muy poca protecci\u00f3n contra la COVID-19; y para las personas con afecciones de salud mental, muchas de las cuales est\u00e1n todav\u00eda m\u00e1s aisladas socialmente que antes. Por no hablar de la gesti\u00f3n del dolor de perder a un ser querido, a veces sin haber podido despedirse\u201d<\/strong>.<\/p>\n<p>&nbsp;<\/p>\n<p>Olavarr\u00eda no es ajena a toda esta situaci\u00f3n y en este marco, Claudia Elizaga, jefa del \u00e1rea de Salud Mental del Municipio, brind\u00f3 su aporte acerca de lo que significa la salud mental, c\u00f3mo repercute el contexto de pandemia en ella y cu\u00e1l es la ayuda terap\u00e9utica que ofrece el \u00e1rea que encabeza, a la que puede recurrir toda aquella persona que lo necesite. <strong>La profesional hizo hincapi\u00e9 en un concepto fundamental: saber pedir ayuda. Estamos atravesando momentos muy singulares, para los que, en tanto seres bio-psico-sociales, no estamos preparados. <\/strong><\/p>\n<p>&nbsp;<\/p>\n<p>Esto hace que, en mayor o menor medida, podamos vernos afectados por episodios de angustia o ansiedad. Para transitar y superar este tipo de crisis, sostiene Claudia Elizaga, <strong>es necesario apelar a los recursos individuales \u201cque todos tenemos\u201d resalt\u00f3: la pintura, la escritura o cualquier manifestaci\u00f3n creativa, la meditaci\u00f3n, el yoga, caminatas, etc. Lo importante es no quedarnos encerrados en nuestro estado de angustia o ansiedad.<\/strong><\/p>\n<p>&nbsp;<\/p>\n<p>Ahora bien, explica la titular del \u00e1rea de salud mental del Municipio: muchas veces, para poder desplegar estos recursos individuales, necesitamos ayuda. Entonces, sostiene Elizaga, es importante reiterar que <strong>el Municipio cuenta con un equipo de profesionales en salud mental, especialmente preparado para acompa\u00f1ar a cada persona que lo necesite en este proceso.<\/strong><\/p>\n<p>&nbsp;<\/p>\n<p>En este marco, la funcionaria destac\u00f3 la importancia de desmitificar la asistencia terap\u00e9utica como \u201ccosa de locos\u201d. El cuidado de la salud mental, sostiene Elizaga, es tan importante como la salud f\u00edsica. De hecho <strong>una incorrecta gesti\u00f3n de las emociones puede incidir desfavorablemente en nuestro organismo, ocasionando distintos malestares o dolencias. Por ello, invita a toda aquella persona que lo necesite a pedir ayuda.<\/strong><\/p>\n<p>&nbsp;<\/p>\n<p>La profesional a\u00f1ade que los prejuicios sobre el acompa\u00f1amiento psicoterap\u00e9utico son a\u00fan mayores al pensar en asistencia psiqui\u00e1trica. <strong>\u201cLas personas que recurren al psiquiatra no son personas que se encuentren totalmente aletargadas o adormecidas por la medicaci\u00f3n, hay que romper con ese estigma<\/strong>. Muchos de nosotros, incluso los que somos profesionales de la salud mental \u2013 que ante todo somos seres humanos \u2013 en alg\u00fan momento de nuestras vidas requerimos alg\u00fan tipo de medicaci\u00f3n que nos ayude a recobrar la salud mental. Por supuesto siempre bajo prescripci\u00f3n m\u00e9dica, es importante no recurrir a la automedicaci\u00f3n. Y aclaro que no siempre es necesario. Lo que s\u00ed es necesario es pedir ayuda cuando sentimos que estamos desbordados por la angustia o la ansiedad. Saber que no estamos solos en esto\u201d.<\/p>\n<p>&nbsp;<\/p>\n<p>Otro de los miedos en relaci\u00f3n a la asistencia terap\u00e9utica est\u00e1 directamente asociado al contexto actual y tiene que ver con el miedo a acercarse al centro de salud para iniciar o continuar un tratamiento. Por ello, <strong>el \u00e1rea de Salud Mental ofrece la l\u00ednea telef\u00f3nica 02284 \u2013 419910, la cual, adem\u00e1s de personal de Epidemiolog\u00eda cuenta con un profesional de Psicolog\u00eda a disposici\u00f3n de la comunidad, para quienes requieran contenci\u00f3n emocional puntual<\/strong>. Esta l\u00ednea telef\u00f3nica se encuentra disponible de lunes a viernes de 8 a 18 horas, s\u00e1bados de 8 a 13 horas y domingos de 9 a 12 horas.<\/p>\n<p>&nbsp;<\/p>\n<p>A su vez el \u00c1rea de Salud Mental<strong> para urgencias cuenta con guardias pasivas en Psiquiatr\u00eda y en Psicolog\u00eda, las 24 horas todos los d\u00edas del a\u00f1o.<\/strong><\/p>\n<p>&nbsp;<\/p>\n","protected":false},"excerpt":{"rendered":"<p>Este s\u00e1bado se conmemora el D\u00eda Mundial de la Salud Mental. En ese marco se proclam\u00f3 la jefa del \u00e1rea<\/p>\n","protected":false},"author":3,"featured_media":1503,"comment_status":"closed","ping_status":"closed","sticky":false,"template":"","format":"standard","meta":{"_jetpack_memberships_contains_paid_content":false,"footnotes":""},"categories":[1],"tags":[],"class_list":["post-3652","post","type-post","status-publish","format-standard","has-post-thumbnail","hentry","category-portada"],"jetpack_featured_media_url":"https:\/\/i0.wp.com\/cdnoticias.com\/wp-content\/uploads\/2020\/09\/Salud-Guardia-Hospital-1.jpg?fit=987%2C740&ssl=1","jetpack_sharing_enabled":true,"_links":{"self":[{"href":"https:\/\/cdnoticias.com\/index.php\/wp-json\/wp\/v2\/posts\/3652","targetHints":{"allow":["GET"]}}],"collection":[{"href":"https:\/\/cdnoticias.com\/index.php\/wp-json\/wp\/v2\/posts"}],"about":[{"href":"https:\/\/cdnoticias.com\/index.php\/wp-json\/wp\/v2\/types\/post"}],"author":[{"embeddable":true,"href":"https:\/\/cdnoticias.com\/index.php\/wp-json\/wp\/v2\/users\/3"}],"replies":[{"embeddable":true,"href":"https:\/\/cdnoticias.com\/index.php\/wp-json\/wp\/v2\/comments?post=3652"}],"version-history":[{"count":0,"href":"https:\/\/cdnoticias.com\/index.php\/wp-json\/wp\/v2\/posts\/3652\/revisions"}],"wp:featuredmedia":[{"embeddable":true,"href":"https:\/\/cdnoticias.com\/index.php\/wp-json\/wp\/v2\/media\/1503"}],"wp:attachment":[{"href":"https:\/\/cdnoticias.com\/index.php\/wp-json\/wp\/v2\/media?parent=3652"}],"wp:term":[{"taxonomy":"category","embeddable":true,"href":"https:\/\/cdnoticias.com\/index.php\/wp-json\/wp\/v2\/categories?post=3652"},{"taxonomy":"post_tag","embeddable":true,"href":"https:\/\/cdnoticias.com\/index.php\/wp-json\/wp\/v2\/tags?post=3652"}],"curies":[{"name":"wp","href":"https:\/\/api.w.org\/{rel}","templated":true}]}}