{"id":36517,"date":"2021-10-24T09:16:15","date_gmt":"2021-10-24T12:16:15","guid":{"rendered":"http:\/\/www.centraldenoticias.com.ar\/?p=36517"},"modified":"2021-10-24T11:18:24","modified_gmt":"2021-10-24T14:18:24","slug":"este-sabado-fueron-vacunadas-contra-el-covid19-mas-de-800-personas","status":"publish","type":"post","link":"https:\/\/cdnoticias.com\/index.php\/2021\/10\/24\/este-sabado-fueron-vacunadas-contra-el-covid19-mas-de-800-personas\/","title":{"rendered":"Este s\u00e1bado fueron vacunadas contra el Covid19 m\u00e1s de 800 personas"},"content":{"rendered":"<p>La mayor parte correspondi\u00f3 a ni\u00f1os, ni\u00f1as y adolescentes de entre 3 y 17 a\u00f1os. Los detalles.<!--more--><\/p>\n<hr \/>\n<p><strong>En la jornada del \u00faltimo s\u00e1bado m\u00e1s de 800 olavarrienses recibieron su dosis contra el Coronavirus<\/strong>, en el marco de la continuidad del Plan Provincial de Vacunaci\u00f3n contra el Covid19.<\/p>\n<p>&nbsp;<\/p>\n<p>De acuerdo con lo que se detall\u00f3 desde Regi\u00f3n Sanitaria IX, s<strong>e aplicaron 664 dosis contra el Covid-19 a menores de 3 a 17 de edad, sobre un total de 808 personas vacunadas<\/strong>. Las dosis fueron distribuidas de la siguiente manera: en el Servicio Territorial N\u00b02 fueron 424 las personas vacunadas, de ellas 172 corresponden a primeras dosis a menores de 3 a 11 a\u00f1os, 13 de primer componente en j\u00f3venes de 12 a 17, y 239 segundas dosis en j\u00f3venes de 12 a 17 a\u00f1os; en la Facultad de Ciencias de la Salud se inocularon 305 personas, de los cuales 240 son primeros componentes aplicados a menores de 3 a 11 a\u00f1os y 65 segundas dosis a mayor de edad; finalmente en la jornada de El Estado cerca Tuyo en Hinojo se aplicaron 50 primeras dosis y 29 de segundo componente.<\/p>\n<p>&nbsp;<\/p>\n<blockquote><p>Cualquier duda o consulta, podr\u00e1n acercarse a cualquiera de las tres postas: Servicio Territorial N\u00b02, Av. Alberdi 2543, de 8 a 18 hs; Facultad de Ciencias de la Salud, Merlo entre Av. Pringles y 9 de julio, de 8 a 18 hs, y en el Centro Cultural Universitario, San Martin 1955, de 8 a 18 hs.<\/p><\/blockquote>\n<p>&nbsp;<\/p>\n<p>A la par, <strong>sigue desarroll\u00e1ndose la vacunaci\u00f3n libre de primeras y segundas dosis para mayores de 18 a\u00f1os que acrediten domicilio en la localidad<\/strong> present\u00e1ndose con su DNI en cualquiera de las postas de vacunaci\u00f3n (como toda segunda dosis libre, se debe cumplir el plazo estipulado entre vacunas).<\/p>\n<p>&nbsp;<\/p>\n<p>Adem\u00e1s, recordamos que para obtener el turno de vacunaci\u00f3n a ni\u00f1os y ni\u00f1as de entre 3 y 11 a\u00f1os, se deber\u00e1n inscribir al igual que los menores de 12 a 17, a trav\u00e9s del <a href=\"http:\/\/www.vacunatepba.gba.gob.ar\" target=\"_blank\" rel=\"noopener\">sitio oficial del Plan Provincial de Vacunaci\u00f3n<\/a>. Asimismo, se habilit\u00f3 la primera dosis libre para mayores de 12 con enfermedades preexistentes.<\/p>\n","protected":false},"excerpt":{"rendered":"<p>La mayor parte correspondi\u00f3 a ni\u00f1os, ni\u00f1as y adolescentes de entre 3 y 17 a\u00f1os. Los detalles.<\/p>\n","protected":false},"author":3,"featured_media":33778,"comment_status":"closed","ping_status":"closed","sticky":false,"template":"","format":"standard","meta":{"_jetpack_memberships_contains_paid_content":false,"footnotes":""},"categories":[16,1],"tags":[],"class_list":["post-36517","post","type-post","status-publish","format-standard","has-post-thumbnail","hentry","category-covid-19","category-portada"],"jetpack_featured_media_url":"https:\/\/i0.wp.com\/cdnoticias.com\/wp-content\/uploads\/2021\/09\/vacunacion-covid-00.jpg?fit=800%2C445&ssl=1","jetpack_sharing_enabled":true,"_links":{"self":[{"href":"https:\/\/cdnoticias.com\/index.php\/wp-json\/wp\/v2\/posts\/36517","targetHints":{"allow":["GET"]}}],"collection":[{"href":"https:\/\/cdnoticias.com\/index.php\/wp-json\/wp\/v2\/posts"}],"about":[{"href":"https:\/\/cdnoticias.com\/index.php\/wp-json\/wp\/v2\/types\/post"}],"author":[{"embeddable":true,"href":"https:\/\/cdnoticias.com\/index.php\/wp-json\/wp\/v2\/users\/3"}],"replies":[{"embeddable":true,"href":"https:\/\/cdnoticias.com\/index.php\/wp-json\/wp\/v2\/comments?post=36517"}],"version-history":[{"count":0,"href":"https:\/\/cdnoticias.com\/index.php\/wp-json\/wp\/v2\/posts\/36517\/revisions"}],"wp:featuredmedia":[{"embeddable":true,"href":"https:\/\/cdnoticias.com\/index.php\/wp-json\/wp\/v2\/media\/33778"}],"wp:attachment":[{"href":"https:\/\/cdnoticias.com\/index.php\/wp-json\/wp\/v2\/media?parent=36517"}],"wp:term":[{"taxonomy":"category","embeddable":true,"href":"https:\/\/cdnoticias.com\/index.php\/wp-json\/wp\/v2\/categories?post=36517"},{"taxonomy":"post_tag","embeddable":true,"href":"https:\/\/cdnoticias.com\/index.php\/wp-json\/wp\/v2\/tags?post=36517"}],"curies":[{"name":"wp","href":"https:\/\/api.w.org\/{rel}","templated":true}]}}