{"id":36479,"date":"2021-10-23T14:58:48","date_gmt":"2021-10-23T17:58:48","guid":{"rendered":"http:\/\/www.centraldenoticias.com.ar\/?p=36479"},"modified":"2021-10-23T16:56:16","modified_gmt":"2021-10-23T19:56:16","slug":"la-fio-diseno-junto-al-municipio-un-proyecto-que-promueve-la-movilidad-sustentable-en-olavarria","status":"publish","type":"post","link":"https:\/\/cdnoticias.com\/index.php\/2021\/10\/23\/la-fio-diseno-junto-al-municipio-un-proyecto-que-promueve-la-movilidad-sustentable-en-olavarria\/","title":{"rendered":"La FIO dise\u00f1\u00f3 junto al Municipio un proyecto que promueve la movilidad sustentable en Olavarr\u00eda"},"content":{"rendered":"<p>Se enfatiz\u00f3 que el objetivo es promover el uso, registro y certificaci\u00f3n de veh\u00edculos el\u00e9ctricos en la ciudad.<!--more--><\/p>\n<hr \/>\n<p><strong>La Facultad de Ingenier\u00eda y el Municipio buscan promover el uso, registro y certificaci\u00f3n de veh\u00edculos el\u00e9ctricos en la ciudad.<\/strong> De acuerdo con lo que se a\u00f1adi\u00f3, apuestan a la reconversi\u00f3n con incentivos fiscales. <strong>La iniciativa ingres\u00f3 al Concejo Deliberante<\/strong> en septiembre y est\u00e1 en sinton\u00eda con la ley que el Gobierno nacional anunci\u00f3 la semana pasada.<\/p>\n<p>&nbsp;<\/p>\n<p><strong>Buscan que autos, bicicletas y monopatines sustentables o convertidos a electricidad sean parte del paisaje en Olavarr\u00eda y que tanto el transporte p\u00fablico como el parque automotor de la administraci\u00f3n p\u00fablica sean un ejemplo a seguir en la transici\u00f3n hacia la movilidad urbana<\/strong>. Eso promueve, en parte, el proyecto de ordenanza que la Facultad de Ingenier\u00eda trabaj\u00f3 junto con el Gobierno Municipal y present\u00f3 en el Concejo Deliberante. La iniciativa lleg\u00f3 un mes antes que la Ley de Promoci\u00f3n de la Movilidad Sustentable anunciada el 12 de octubre por la administraci\u00f3n de Alberto Fern\u00e1ndez.<\/p>\n<p>&nbsp;<\/p>\n<blockquote><p>\u201cPara la FIO las oportunidades est\u00e1n porque tenemos trayectoria desde 2010 a la fecha con los Pampas Solares, contamos con desarrollo tecnol\u00f3gico y est\u00e1 la visi\u00f3n\u201d<\/p><\/blockquote>\n<p>&nbsp;<\/p>\n<p><strong>A nivel acad\u00e9mico, el desaf\u00edo no es nuevo. Ya en 2010 la FIO hab\u00eda decidido apostar fuertemente al desarrollo de conocimiento, tecnolog\u00eda, dise\u00f1o, fabricaci\u00f3n y capacitaci\u00f3n en torno de la electromovilidad<\/strong>. A ese recorrido hoy le suma un paraguas legal que incentivar\u00e1 el uso de autos y medios de\u00a0 transporte de cero emisi\u00f3n en Olavarr\u00eda. Hoy lo acompa\u00f1an en este proyecto el ingeniero Federico Gachen, docente de la instituci\u00f3n y Nicol\u00e1s Birzzio, estudiante avanzado de la carrera de Ingenier\u00eda Electromec\u00e1nica<\/p>\n<p>&nbsp;<\/p>\n<p><strong>\u201cLa reconversi\u00f3n a la movilidad sustentable implica modificar el espacio p\u00fablico, planificarlo de otra forma\u201d<\/strong>, explica con entusiasmo el Ing. Marcelo Spina, luego de estacionar el veh\u00edculo el\u00e9ctrico que dise\u00f1\u00f3 con sus propias manos. Gasta casi 100 pesos por mes en recarga, no contamina y asegura que es posible imaginar una ciudad con medios de transporte compatibles con el ambiente.<\/p>\n<p>&nbsp;<\/p>\n<p>El optimismo del ex decano de Ingenier\u00eda tiene tres puntos de apoyo centrales: la FIO con m\u00e1s de 10 a\u00f1os de trayectoria en el desarrollo de conocimiento y tecnolog\u00eda; <strong>el proyecto de ordenanza ideado junto al Estado municipal para activar la movilidad sustentable en el distrito y el amplio mapa de oportunidades que disparar\u00e1 la ley nacional.<\/strong><\/p>\n<p>&nbsp;<\/p>\n<p><em><strong>Hay trayectoria<\/strong><\/em><\/p>\n<p>&nbsp;<\/p>\n<p><strong>\u201cLo m\u00e1s importante es la transici\u00f3n energ\u00e9tica y de movilidad urbana, que se ir\u00e1 dando<\/strong>. Son oportunidades para las grandes empresas, de radicarse en Argentina y fabricar veh\u00edculos con autopartes nacionales m\u00e1s el desarrollo de infraestructura\u201d, argumenta Spina.<\/p>\n<p>&nbsp;<\/p>\n<p>Es que la Ley de Promoci\u00f3n de la Movilidad Sustentable pretende impulsar el desarrollo de la electromovilidad a nivel industrial en todo el pa\u00eds.<strong> La estimaci\u00f3n oficial es que generar\u00eda unos 21.000 nuevos puestos de trabajo hacia 2041<\/strong> y para eso habr\u00e1 incentivos fiscales a la producci\u00f3n de veh\u00edculos el\u00e9ctricos, con el acompa\u00f1amiento de autopartistas y fabricantes de bater\u00edas. Tambi\u00e9n contempla descuentos para los usuarios que quieran adquirir modelos de este tipo.<\/p>\n<p>&nbsp;<\/p>\n<p>Eso s\u00ed, la propuesta le pone fecha de vencimiento a la venta de veh\u00edculos nuevos con motor naftero o diesel dado que, de acuerdo a lo proyectado, quedar\u00eda trunca en 20 a\u00f1os. Aunque la noticia no es el a\u00f1o 2041 sino la transici\u00f3n y su desarrollo con pol\u00edticas de Estado. En medio de este escenario, <strong>Olavarr\u00eda ya est\u00e1 un paso adelante<\/strong> o al menos generando acciones que faciliten ese cambio de paradigma respecto del uso y el tr\u00e1nsito en torno del espacio p\u00fablico.<\/p>\n<p>&nbsp;<\/p>\n<p><em><strong>Ley local<\/strong><\/em><\/p>\n<p>&nbsp;<\/p>\n<p>En este contexto, donde se ponen en discusi\u00f3n los medios de circulaci\u00f3n urbana, la pandemia tambi\u00e9n gener\u00f3 cambios en los patrones de movilidad que terminan siendo funcionales a los Objetivos para el Desarrollo Sostenible (ODS) de la Agenda 2030, que <strong>fomentan el uso de veh\u00edculos sustentables.<\/strong><\/p>\n<p>&nbsp;<\/p>\n<p>Por eso, <strong>la FIO decidi\u00f3 avanzar en Olavarr\u00eda con un proyecto capaz de regular b\u00e1sicamente veh\u00edculos de movilidad personal convertidos a el\u00e9ctricos<\/strong>.\u00a0La propuesta determina la necesidad de crear un Registro Municipal de Veh\u00edculos El\u00e9ctricos y establecer un Programa de Promoci\u00f3n de la Electromovilidad y Energ\u00edas Renovables en el \u00e1mbito de la Direcci\u00f3n de Desarrollo Sustentable municipal.<\/p>\n<p>&nbsp;<\/p>\n<p>El proyecto es ambicioso porque aspira a promover la movilidad sustentable, <strong>la generaci\u00f3n de energ\u00edas limpias, la capacitaci\u00f3n gratuit<\/strong>a y la planificaci\u00f3n de un plan piloto de utilizaci\u00f3n de veh\u00edculos el\u00e9ctricos puntualmente en el transporte p\u00fablico y el parque automotor municipal.<\/p>\n<p>&nbsp;<\/p>\n<p><img data-recalc-dims=\"1\" loading=\"lazy\" decoding=\"async\" class=\"alignnone size-full wp-image-36480\" src=\"https:\/\/i0.wp.com\/cdnoticias.com\/wp-content\/uploads\/2021\/10\/movilidad_sustentable.jpeg?resize=600%2C450&#038;ssl=1\" alt=\"\" width=\"600\" height=\"450\" srcset=\"https:\/\/i0.wp.com\/cdnoticias.com\/wp-content\/uploads\/2021\/10\/movilidad_sustentable.jpeg?w=600&amp;ssl=1 600w, https:\/\/i0.wp.com\/cdnoticias.com\/wp-content\/uploads\/2021\/10\/movilidad_sustentable.jpeg?resize=300%2C225&amp;ssl=1 300w\" sizes=\"auto, (max-width: 600px) 100vw, 600px\" \/><\/p>\n<p>&nbsp;<\/p>\n<p>Asimismo, contempla la <strong>eximici\u00f3n de pago de patentes municipalizadas<\/strong> mientras que podr\u00e1 ser la FIO la instituci\u00f3n que emitir\u00e1 un certificado de seguridad de conversi\u00f3n para circulaci\u00f3n en Olavarr\u00eda.\u00a0La propuesta logr\u00f3 anticiparse a la ley nacional. \u201c<strong>Lo armamos con la Secretar\u00eda de Desarrollo Econ\u00f3mico y el \u00e1rea Sustentable. Participaron concejales y el Centro de Formaci\u00f3n Profesional 401<\/strong>\u201d, se\u00f1ala Spina.<\/p>\n<p>&nbsp;<\/p>\n<p>Nicol\u00e1s Brizzio, que cursa el \u00faltimo a\u00f1o de Electromec\u00e1nica, tambi\u00e9n tuvo voz y voto en el trazado de esta ordenanza. \u201c<strong>Buscamos formalizar un registro municipal de veh\u00edculos el\u00e9ctricos y que a partir de ah\u00ed el Municipio brinde beneficios como el no cobro de patente o acceder a estaciones de carga gratuita, tengan prioridad de estacionamiento o carriles exclusivos\u201d<\/strong>, grafica el universitario.<\/p>\n<p>&nbsp;<\/p>\n<p>La promoci\u00f3n ser\u00e1 un engranaje clave.<strong> \u201cEl rol de la FIO ser\u00e1 capacitar en esto de c\u00f3mo har\u00e1n la reconversi\u00f3n de los talleres y ser una entidad certificadora. Olavarr\u00eda es un lugar propicio, con capacidades instaladas, que permitir\u00e1 conversiones de veh\u00edculos de combusti\u00f3n interna a el\u00e9ctricos dando una nueva vida al mismo y disminuyendo la chatarrizaci\u00f3n\u201d<\/strong>, dimensiona Spina.<\/p>\n<p>&nbsp;<\/p>\n<p>Esto demandar\u00e1 un <strong>\u201cdesarrollo de infraestructura de carga y ser\u00e1 una oportunidad qui\u00e9n genere esa energ\u00eda, que deber\u00e1 ser renovable. Habr\u00e1 que desarrollar infraestructura y en esto hay un retraso en toda la regi\u00f3n\u201d<\/strong>, apunta Nicol\u00e1s Brizzio, ubicando a Chile como ejemplo a seguir.<\/p>\n<p>&nbsp;<\/p>\n<blockquote><p>El objetivo de Ingenier\u00eda y el Municipio es que los vehiculos el\u00e9ctricos trasciendan el logro acad\u00e9mico y circulen en la ciudad.<\/p><\/blockquote>\n<p>&nbsp;<\/p>\n<p>Ahora, \u201c<strong>si el Municipio tiene decisi\u00f3n y hay sectores empresariales dispuestos a aprovechar esa oportunidad y la FIO se une con recursos humanos, ser\u00e1 m\u00e1s sencillo\u201d<\/strong>, pronostica Spina.\u00a0En toda la cadena de valor de la movilidad sustentable hay generaci\u00f3n energ\u00e9tica, distribuci\u00f3n, estaciones de carga, desarrollo de veh\u00edculos y conversiones que son sin\u00f3nimo de nuevos empleos y emprendimientos.<\/p>\n<p>&nbsp;<\/p>\n<p>\u201cHay contradicciones, s\u00ed. Ley de hidrocarburos es un retroceso\u201d, admite el Ing. Spina que prefiere apostar a pol\u00edticas que s\u00ed son sustentables como la ley de movilidad. \u201c<strong>Esta es una oportunidad y en la medida que haya instrumentos nos iremos sumando\u201d, remarca el profesional, cuyo auto el\u00e9ctrico permanece estacionado en el campus universitario y servir\u00e1 como plataforma experimental para trazar un ciclo de conducci\u00f3n sustentable en una ciudad intermedia como Olavarr\u00eda.<\/strong><\/p>\n","protected":false},"excerpt":{"rendered":"<p>Se enfatiz\u00f3 que el objetivo es promover el uso, registro y certificaci\u00f3n de veh\u00edculos el\u00e9ctricos en la ciudad.<\/p>\n","protected":false},"author":3,"featured_media":36481,"comment_status":"closed","ping_status":"closed","sticky":false,"template":"","format":"standard","meta":{"_jetpack_memberships_contains_paid_content":false,"footnotes":""},"categories":[5,1],"tags":[],"class_list":["post-36479","post","type-post","status-publish","format-standard","has-post-thumbnail","hentry","category-informacion-general","category-portada"],"jetpack_featured_media_url":"https:\/\/i0.wp.com\/cdnoticias.com\/wp-content\/uploads\/2021\/10\/3_PAMPAS.jpeg?fit=600%2C338&ssl=1","jetpack_sharing_enabled":true,"_links":{"self":[{"href":"https:\/\/cdnoticias.com\/index.php\/wp-json\/wp\/v2\/posts\/36479","targetHints":{"allow":["GET"]}}],"collection":[{"href":"https:\/\/cdnoticias.com\/index.php\/wp-json\/wp\/v2\/posts"}],"about":[{"href":"https:\/\/cdnoticias.com\/index.php\/wp-json\/wp\/v2\/types\/post"}],"author":[{"embeddable":true,"href":"https:\/\/cdnoticias.com\/index.php\/wp-json\/wp\/v2\/users\/3"}],"replies":[{"embeddable":true,"href":"https:\/\/cdnoticias.com\/index.php\/wp-json\/wp\/v2\/comments?post=36479"}],"version-history":[{"count":0,"href":"https:\/\/cdnoticias.com\/index.php\/wp-json\/wp\/v2\/posts\/36479\/revisions"}],"wp:featuredmedia":[{"embeddable":true,"href":"https:\/\/cdnoticias.com\/index.php\/wp-json\/wp\/v2\/media\/36481"}],"wp:attachment":[{"href":"https:\/\/cdnoticias.com\/index.php\/wp-json\/wp\/v2\/media?parent=36479"}],"wp:term":[{"taxonomy":"category","embeddable":true,"href":"https:\/\/cdnoticias.com\/index.php\/wp-json\/wp\/v2\/categories?post=36479"},{"taxonomy":"post_tag","embeddable":true,"href":"https:\/\/cdnoticias.com\/index.php\/wp-json\/wp\/v2\/tags?post=36479"}],"curies":[{"name":"wp","href":"https:\/\/api.w.org\/{rel}","templated":true}]}}