{"id":36390,"date":"2021-10-22T13:05:23","date_gmt":"2021-10-22T16:05:23","guid":{"rendered":"http:\/\/www.centraldenoticias.com.ar\/?p=36390"},"modified":"2021-10-22T13:09:44","modified_gmt":"2021-10-22T16:09:44","slug":"loma-negra-valicenti-pidio-una-respuesta-favorable-a-los-trabajadores","status":"publish","type":"post","link":"https:\/\/cdnoticias.com\/index.php\/2021\/10\/22\/loma-negra-valicenti-pidio-una-respuesta-favorable-a-los-trabajadores\/","title":{"rendered":"Loma Negra: Valicenti pidi\u00f3 \u201cuna respuesta favorable\u201d a los trabajadores"},"content":{"rendered":"<p>El diputado provincial se expres\u00f3 sobre el conflicto laboral que escal\u00f3 este viernes con la intervenci\u00f3n judicial. Remiti\u00f3 al planteo de Cristina Fern\u00e1ndez acerca de la distribuci\u00f3n de ingresos en contexto de crecimiento econ\u00f3mico.<!--more--><\/p>\n<hr \/>\n<p><strong>El diputado provincial C\u00e9sar Valicenti (Frente de Todos) retom\u00f3 un planteo de la vicepresidenta Cristina Fern\u00e1ndez acerca de la distribuci\u00f3n de ingresos para referirse al conflicto laboral entre AOMA y Loma Negra<\/strong>. El legislador se pronunci\u00f3 a trav\u00e9s de la red social Twitter para <em>\u201cque r\u00e1pidamente se pueda encontrar una soluci\u00f3n que permita la continuidad de las actividades y una respuesta favorable a las demandas genuinas de los trabajadores\u201d<\/em>.<\/p>\n<p>&nbsp;<\/p>\n<p>El sindicato AOMA plante\u00f3 una medida de bloqueo en el reclamo por el encuadre de los trabajadores de la empresa Minerar, subsidiaria de Loma Negra, y cuando se manifestaban en la sede<a href=\"https:\/\/cdnoticias.com\/index.php\/2021\/10\/22\/la-justicia-desalojo-a-aoma-del-bloqueo-a-loma-negra\/\" target=\"_blank\" rel=\"noopener\"> este jueves fueron desalojados mediante una intervenci\u00f3n judicial<\/a>. As\u00ed <strong>lo dio a conocer Alejandro Santill\u00e1n, secretario general de la asociaci\u00f3n minera en Olavarr\u00eda<\/strong>. La empresa se hab\u00eda manifestado en rechazo a la medida de fuerza y <a href=\"https:\/\/cdnoticias.com\/index.php\/2021\/10\/21\/loma-negra-denuncio-un-bloqueo-por-parte-de-aoma-y-anticiparon-medidas-legales\/\" target=\"_blank\" rel=\"noopener\">hab\u00eda anticipado que recurrir\u00eda a la Justicia<\/a>.<\/p>\n<p>&nbsp;<\/p>\n<blockquote class=\"twitter-tweet\">\n<p dir=\"ltr\" lang=\"es\">El conflicto que existe hoy entre la empresa Loma Negra y los trabajadores de AOMA Olavarr\u00eda, se enmarca en el desaf\u00edo que nos planteaba <a href=\"https:\/\/twitter.com\/CFKArgentina?ref_src=twsrc%5Etfw\">@CFKArgentina<\/a> hace apenas unos meses.<a href=\"https:\/\/twitter.com\/alferdez?ref_src=twsrc%5Etfw\">@alferdez<\/a> <a href=\"https:\/\/twitter.com\/Kicillofok?ref_src=twsrc%5Etfw\">@Kicillofok<\/a> <a href=\"https:\/\/twitter.com\/CostaAugusto9?ref_src=twsrc%5Etfw\">@CostaAugusto9<\/a> <a href=\"https:\/\/t.co\/8dOXPsZYV4\">pic.twitter.com\/8dOXPsZYV4<\/a><\/p>\n<p>\u2014 Cesar Valicenti (@CesarValicenti) <a href=\"https:\/\/twitter.com\/CesarValicenti\/status\/1451572101597446151?ref_src=twsrc%5Etfw\">October 22, 2021<\/a><\/p><\/blockquote>\n<p><script async src=\"https:\/\/platform.twitter.com\/widgets.js\" charset=\"utf-8\"><\/script><\/p>\n<p>&nbsp;<\/p>\n<p><strong>\u201cEl conflicto que existe hoy entre la empresa Loma Negra y los trabajadores de AOMA Olavarr\u00eda, se enmarca en el desaf\u00edo que nos planteaba Cristina Fern\u00e1ndez\u201d<\/strong> expuso Valicenti. Cit\u00f3 con ello las declaraciones de la vicepresidenta de la Naci\u00f3n cuando en un acto en diciembre pasado plante\u00f3 sobre el crecimiento de la econom\u00eda previsto que \u201cyo no quiero que ese crecimiento se lo queden 3 o 4 vivos nada m\u00e1s\u201d.<\/p>\n<p>&nbsp;<\/p>\n<blockquote><p>\u201cLa gran demanda de cemento que genera la obra p\u00fablica y privada en Argentina est\u00e1 logrando extraordinarios despachos y por lo tanto una importante y leg\u00edtima rentabilidad en la principal empresa de la ciudad de Olavarr\u00eda y una de las cementeras m\u00e1s grandes del continente\u201d sostuvo el diputado provincial en referencia a Loma Negra.<\/p><\/blockquote>\n<p>&nbsp;<\/p>\n<p>Consider\u00f3 que AOMA \u201cviene negociando hace meses mejor calidad de trabajo cotidiano para sus afiliados\u201d y que <strong>\u201cla mejora en los salarios de los trabajadores mineros redunda en mayor distribuci\u00f3n de recursos econ\u00f3micos en la ciudad\u201d<\/strong>.<\/p>\n","protected":false},"excerpt":{"rendered":"<p>El diputado provincial se expres\u00f3 sobre el conflicto laboral que escal\u00f3 este viernes con la intervenci\u00f3n judicial. Remiti\u00f3 al planteo<\/p>\n","protected":false},"author":4,"featured_media":36392,"comment_status":"closed","ping_status":"closed","sticky":false,"template":"","format":"standard","meta":{"_jetpack_memberships_contains_paid_content":false,"footnotes":""},"categories":[4,1],"tags":[],"class_list":["post-36390","post","type-post","status-publish","format-standard","has-post-thumbnail","hentry","category-politica","category-portada"],"jetpack_featured_media_url":"https:\/\/i0.wp.com\/cdnoticias.com\/wp-content\/uploads\/2021\/10\/cesar-valicenti00.jpg?fit=804%2C448&ssl=1","jetpack_sharing_enabled":true,"_links":{"self":[{"href":"https:\/\/cdnoticias.com\/index.php\/wp-json\/wp\/v2\/posts\/36390","targetHints":{"allow":["GET"]}}],"collection":[{"href":"https:\/\/cdnoticias.com\/index.php\/wp-json\/wp\/v2\/posts"}],"about":[{"href":"https:\/\/cdnoticias.com\/index.php\/wp-json\/wp\/v2\/types\/post"}],"author":[{"embeddable":true,"href":"https:\/\/cdnoticias.com\/index.php\/wp-json\/wp\/v2\/users\/4"}],"replies":[{"embeddable":true,"href":"https:\/\/cdnoticias.com\/index.php\/wp-json\/wp\/v2\/comments?post=36390"}],"version-history":[{"count":0,"href":"https:\/\/cdnoticias.com\/index.php\/wp-json\/wp\/v2\/posts\/36390\/revisions"}],"wp:featuredmedia":[{"embeddable":true,"href":"https:\/\/cdnoticias.com\/index.php\/wp-json\/wp\/v2\/media\/36392"}],"wp:attachment":[{"href":"https:\/\/cdnoticias.com\/index.php\/wp-json\/wp\/v2\/media?parent=36390"}],"wp:term":[{"taxonomy":"category","embeddable":true,"href":"https:\/\/cdnoticias.com\/index.php\/wp-json\/wp\/v2\/categories?post=36390"},{"taxonomy":"post_tag","embeddable":true,"href":"https:\/\/cdnoticias.com\/index.php\/wp-json\/wp\/v2\/tags?post=36390"}],"curies":[{"name":"wp","href":"https:\/\/api.w.org\/{rel}","templated":true}]}}