{"id":36382,"date":"2021-10-22T12:10:55","date_gmt":"2021-10-22T15:10:55","guid":{"rendered":"http:\/\/www.centraldenoticias.com.ar\/?p=36382"},"modified":"2021-10-22T12:10:55","modified_gmt":"2021-10-22T15:10:55","slug":"la-justicia-desalojo-a-aoma-del-bloqueo-a-loma-negra","status":"publish","type":"post","link":"https:\/\/cdnoticias.com\/index.php\/2021\/10\/22\/la-justicia-desalojo-a-aoma-del-bloqueo-a-loma-negra\/","title":{"rendered":"La Justicia desaloj\u00f3 a AOMA del bloqueo a Loma Negra"},"content":{"rendered":"<p>Fue tras la denuncia realizada por la empresa por \u201cusurpaci\u00f3n de la propiedad privada\u201d. El secretario general del gremio dijo que fueron notificados y que \u201ceste movimiento es porque atienden a la empresa que precariza trabajadores\u201d.\u00a0<!--more--><\/p>\n<hr \/>\n<p>Este viernes por la ma\u00f1ana, <strong>se confirm\u00f3 el desalojo dictaminado por la Justicia al sindicato AOMA, tras la denuncia de Loma Negra por \u201cusurpaci\u00f3n de la propiedad privada\u201d<\/strong> en medio de una protesta por derechos laborales y recategorizaciones de trabajadores en Minerar.<\/p>\n<p>&nbsp;<\/p>\n<p><a href=\"https:\/\/cdnoticias.com\/index.php\/2021\/10\/21\/loma-negra-denuncio-un-bloqueo-por-parte-de-aoma-y-anticiparon-medidas-legales\/\" target=\"_blank\" rel=\"noopener\">Loma Negra hab\u00eda anticipado medidas legales dado que AOMA no se present\u00f3 a una conciliaci\u00f3n obligatoria dictaminada por el Ministerio de Trabajo<\/a>, y la Justicia efectiviz\u00f3 el pedido haci\u00e9ndose presente en el lugar donde el sindicato desarrollaba la protesta.<\/p>\n<p>&nbsp;<\/p>\n<p><em>\u201c<strong>Estamos siendo notificados del desalojo por parte de una Jueza.<\/strong> Es m\u00e1s importante la propiedad privada de una firma multinacional como Loma Negra que precariza a los trabajadores, que para que cumpla con los derechos de los trabajadores hay que hacerle juicios y as\u00ed y todo nos cuesta much\u00edsimo\u201d<\/em> dijo Alejandro Santill\u00e1n en un video viralizado en el que se muestra la presencia de efectivos policiales y la jueza notificando el desalojo.<\/p>\n<p>&nbsp;<\/p>\n<blockquote class=\"instagram-media\" style=\"background: #FFF; border: 0; border-radius: 3px; box-shadow: 0 0 1px 0 rgba(0,0,0,0.5),0 1px 10px 0 rgba(0,0,0,0.15); margin: 1px; max-width: 540px; min-width: 326px; padding: 0; width: calc(100% - 2px);\" data-instgrm-captioned=\"\" data-instgrm-permalink=\"https:\/\/www.instagram.com\/reel\/CVVagkqFqyk\/?utm_source=ig_embed&amp;utm_campaign=loading\" data-instgrm-version=\"14\">\n<div style=\"padding: 16px;\">\n<p>&nbsp;<\/p>\n<div style=\"display: flex; flex-direction: row; align-items: center;\">\n<div style=\"background-color: #f4f4f4; border-radius: 50%; flex-grow: 0; height: 40px; margin-right: 14px; width: 40px;\"><\/div>\n<div style=\"display: flex; flex-direction: column; flex-grow: 1; justify-content: center;\">\n<div style=\"background-color: #f4f4f4; border-radius: 4px; flex-grow: 0; height: 14px; margin-bottom: 6px; width: 100px;\"><\/div>\n<div style=\"background-color: #f4f4f4; border-radius: 4px; flex-grow: 0; height: 14px; width: 60px;\"><\/div>\n<\/div>\n<\/div>\n<div style=\"padding: 19% 0;\"><\/div>\n<div style=\"display: block; height: 50px; margin: 0 auto 12px; width: 50px;\"><\/div>\n<div style=\"padding-top: 8px;\">\n<div style=\"color: #3897f0; font-family: Arial,sans-serif; font-size: 14px; font-style: normal; font-weight: 550; line-height: 18px;\">Ver esta publicaci\u00f3n en Instagram<\/div>\n<\/div>\n<div style=\"padding: 12.5% 0;\"><\/div>\n<div style=\"display: flex; flex-direction: row; margin-bottom: 14px; align-items: center;\">\n<div>\n<div style=\"background-color: #f4f4f4; border-radius: 50%; height: 12.5px; width: 12.5px; transform: translateX(0px) translateY(7px);\"><\/div>\n<div style=\"background-color: #f4f4f4; height: 12.5px; transform: rotate(-45deg) translateX(3px) translateY(1px); width: 12.5px; flex-grow: 0; margin-right: 14px; margin-left: 2px;\"><\/div>\n<div style=\"background-color: #f4f4f4; border-radius: 50%; height: 12.5px; width: 12.5px; transform: translateX(9px) translateY(-18px);\"><\/div>\n<\/div>\n<div style=\"margin-left: 8px;\">\n<div style=\"background-color: #f4f4f4; border-radius: 50%; flex-grow: 0; height: 20px; width: 20px;\"><\/div>\n<div style=\"width: 0; height: 0; border-top: 2px solid transparent; border-left: 6px solid #f4f4f4; border-bottom: 2px solid transparent; transform: translateX(16px) translateY(-4px) rotate(30deg);\"><\/div>\n<\/div>\n<div style=\"margin-left: auto;\">\n<div style=\"width: 0px; border-top: 8px solid #F4F4F4; border-right: 8px solid transparent; transform: translateY(16px);\"><\/div>\n<div style=\"background-color: #f4f4f4; flex-grow: 0; height: 12px; width: 16px; transform: translateY(-4px);\"><\/div>\n<div style=\"width: 0; height: 0; border-top: 8px solid #F4F4F4; border-left: 8px solid transparent; transform: translateY(-4px) translateX(8px);\"><\/div>\n<\/div>\n<\/div>\n<div style=\"display: flex; flex-direction: column; flex-grow: 1; justify-content: center; margin-bottom: 24px;\">\n<div style=\"background-color: #f4f4f4; border-radius: 4px; flex-grow: 0; height: 14px; margin-bottom: 6px; width: 224px;\"><\/div>\n<div style=\"background-color: #f4f4f4; border-radius: 4px; flex-grow: 0; height: 14px; width: 144px;\"><\/div>\n<\/div>\n<p>&nbsp;<\/p>\n<p style=\"color: #c9c8cd; font-family: Arial,sans-serif; font-size: 14px; line-height: 17px; margin-bottom: 0; margin-top: 8px; overflow: hidden; padding: 8px 0 7px; text-align: center; text-overflow: ellipsis; white-space: nowrap;\"><a style=\"color: #c9c8cd; font-family: Arial,sans-serif; font-size: 14px; font-style: normal; font-weight: normal; line-height: 17px; text-decoration: none;\" href=\"https:\/\/www.instagram.com\/reel\/CVVagkqFqyk\/?utm_source=ig_embed&amp;utm_campaign=loading\" target=\"_blank\" rel=\"noopener\">Una publicaci\u00f3n compartida por Central de Noticias Olavarr\u00eda (@cdnolavarria)<\/a><\/p>\n<\/div>\n<\/blockquote>\n<p><script async src=\"\/\/www.instagram.com\/embed.js\"><\/script><\/p>\n<p>&nbsp;<\/p>\n<p>Dijo, sobre el operativo, que <em>\u201cac\u00e1 est\u00e1n cuidando los intereses de las multinacionales, y seguramente est\u00e1 faltando polic\u00eda en alguno de los comercios, las localidades\u201d.<\/em><\/p>\n<p>&nbsp;<\/p>\n<p>De todas maneras, expres\u00f3 que <strong><em>\u201clos se\u00f1ores que est\u00e1n ac\u00e1 (por los efectivos policiales) tambi\u00e9n son trabajadores, se tienen que aprestar a esto porque no les queda otra. Pero todo este movimiento es porque est\u00e1n atendiendo a la empresa multinacional, a la n\u00famero uno de cemento\u201d.<\/em><\/strong><\/p>\n<p>&nbsp;<\/p>\n<p>Y tras ello, Santill\u00e1n acus\u00f3 de que la empresa<em> \u201cse est\u00e1 llenando los bolsillos y est\u00e1n precarizando a los trabajadores. Nosotros no somos c\u00f3mplices de esto. <strong>Ojal\u00e1 a Loma Negra le vaya bien, pero que respete a los trabajadores<\/strong>\u201d.<\/em><\/p>\n<p>&nbsp;<\/p>\n<p><em>\u201cEsto tambi\u00e9n es la Argentina. Esto es el poder de una multinacional en contra de los derechos de los trabajadores\u201d<\/em> cerr\u00f3, con dureza.<\/p>\n","protected":false},"excerpt":{"rendered":"<p>Fue tras la denuncia realizada por la empresa por \u201cusurpaci\u00f3n de la propiedad privada\u201d. El secretario general del gremio dijo<\/p>\n","protected":false},"author":2,"featured_media":36383,"comment_status":"closed","ping_status":"closed","sticky":false,"template":"","format":"standard","meta":{"_jetpack_memberships_contains_paid_content":false,"footnotes":""},"categories":[5,1],"tags":[],"class_list":["post-36382","post","type-post","status-publish","format-standard","has-post-thumbnail","hentry","category-informacion-general","category-portada"],"jetpack_featured_media_url":"https:\/\/i0.wp.com\/cdnoticias.com\/wp-content\/uploads\/2021\/10\/aomadesalojo.jpg?fit=707%2C433&ssl=1","jetpack_sharing_enabled":true,"_links":{"self":[{"href":"https:\/\/cdnoticias.com\/index.php\/wp-json\/wp\/v2\/posts\/36382","targetHints":{"allow":["GET"]}}],"collection":[{"href":"https:\/\/cdnoticias.com\/index.php\/wp-json\/wp\/v2\/posts"}],"about":[{"href":"https:\/\/cdnoticias.com\/index.php\/wp-json\/wp\/v2\/types\/post"}],"author":[{"embeddable":true,"href":"https:\/\/cdnoticias.com\/index.php\/wp-json\/wp\/v2\/users\/2"}],"replies":[{"embeddable":true,"href":"https:\/\/cdnoticias.com\/index.php\/wp-json\/wp\/v2\/comments?post=36382"}],"version-history":[{"count":0,"href":"https:\/\/cdnoticias.com\/index.php\/wp-json\/wp\/v2\/posts\/36382\/revisions"}],"wp:featuredmedia":[{"embeddable":true,"href":"https:\/\/cdnoticias.com\/index.php\/wp-json\/wp\/v2\/media\/36383"}],"wp:attachment":[{"href":"https:\/\/cdnoticias.com\/index.php\/wp-json\/wp\/v2\/media?parent=36382"}],"wp:term":[{"taxonomy":"category","embeddable":true,"href":"https:\/\/cdnoticias.com\/index.php\/wp-json\/wp\/v2\/categories?post=36382"},{"taxonomy":"post_tag","embeddable":true,"href":"https:\/\/cdnoticias.com\/index.php\/wp-json\/wp\/v2\/tags?post=36382"}],"curies":[{"name":"wp","href":"https:\/\/api.w.org\/{rel}","templated":true}]}}