{"id":36340,"date":"2021-10-22T08:18:19","date_gmt":"2021-10-22T11:18:19","guid":{"rendered":"http:\/\/www.centraldenoticias.com.ar\/?p=36340"},"modified":"2021-10-22T09:18:00","modified_gmt":"2021-10-22T12:18:00","slug":"con-adhesion-olavarriense-defensores-de-consumidores-apoyan-el-control-de-precios","status":"publish","type":"post","link":"https:\/\/cdnoticias.com\/index.php\/2021\/10\/22\/con-adhesion-olavarriense-defensores-de-consumidores-apoyan-el-control-de-precios\/","title":{"rendered":"Con adhesi\u00f3n olavarriense, defensores de consumidores apoyan el control de precios"},"content":{"rendered":"<p>En la jornada de este jueves emitieron un comunicado en el que \u201cnos ponemos a disposici\u00f3n para colaborar en que lo establecido se cumpla\u201d.<!--more--><\/p>\n<hr \/>\n<p>Sin dudas una de las medidas y, a la par, pol\u00e9mica de los \u00faltimos d\u00edas ha sido la postura del gobierno de poner en marcha <strong>un listado de precios m\u00e1ximos para m\u00e1s de 1400 productos<\/strong>, cuyo valor fue<a href=\"https:\/\/cdnoticias.com\/index.php\/2021\/10\/20\/sin-acuerdo-el-gobierno-retrotrae-precios-de-la-canasta-basica-al-1-de-octubre\/\" target=\"_blank\" rel=\"noopener\"> retrotra\u00eddo al 1 de octubre y permanecer\u00e1 \u201ccongelado\u201d hasta inicio del a\u00f1o que viene<\/a>. Esa pol\u00edtica adoptada desde la Secretar\u00eda de Comercio cosech\u00f3 voces en contra y favor desde diversos sectores.<\/p>\n<p>&nbsp;<\/p>\n<p>Quienes se proclamaron en sinton\u00eda en las \u00faltimas horas fueron asociaciones de defensa de las y los consumidores, quienes emitieron un comunicado para dejar plasmada esa adhesi\u00f3n a la medida. <strong>\u201cManifestamos nuestro respaldo a la resoluci\u00f3n de la Secretaria de Comercio por la que se fijan precios m\u00e1ximos para m\u00e1s de 1400 productos hasta el 7 de enero de 2022\u201d, expresaron en el escrito que cuenta con la firma de numerosas entidades, entre ellas la asociaci\u00f3n civil con una sede en Olavarr\u00eda &#8220;Defensa de Consumidores y Usuarios\u201d<\/strong>.<\/p>\n<p>&nbsp;<\/p>\n<blockquote><p>\u201cSe trata de una medida que busca proteger prioritariamente a los argentinos y argentinas en su rol de consumidores y consumidoras, por sobre las ganancias exponenciales de unas pocas empresas con posici\u00f3n dominante en el mercado\u201d<\/p><\/blockquote>\n<p>&nbsp;<\/p>\n<p>A la par, se enfatiz\u00f3 que <strong>\u201cen los \u00faltimos a\u00f1os se ha producido una transferencia de riquezas descomunal desde los sectores populares, trabajadores y de la clase media a manos de estas grandes compa\u00f1\u00edas, lo que profundizo la brecha de desigualdad social y las necesidades de quienes menos tienen\u201d<\/strong>.<\/p>\n<p>&nbsp;<\/p>\n<p><strong>\u201cEs inconcebible e inaceptable que, en el marco de una crisis global como la actual, haya quienes especulen con los precios de los productos de consumo b\u00e1sico, incluso cuando no hay ning\u00fan indicador que justifique estos aumentos<\/strong>, mientras los consumidores y consumidoras ven como cada d\u00eda les cuesta m\u00e1s acceder a la canasta b\u00e1sica\u201d, puntualizaron.<\/p>\n<p>&nbsp;<\/p>\n<p>Por \u00faltimo, narraron que <strong>\u201cnos ponemos a disposici\u00f3n para colaborar en que lo establecido se cumpla<\/strong>, tanto en los valores fijados a los productos como en su adecuado abastecimiento. Entendemos que resulta indispensable una articulaci\u00f3n constante y permanente entre el Estado y la Sociedad Civil, por lo que<strong> quedamos a la espera de ser convocados para participar de dicha tarea, en cumplimiento de nuestro rol fijado por la Constituci\u00f3n Nacional\u201d.<\/strong><\/p>\n","protected":false},"excerpt":{"rendered":"<p>En la jornada de este jueves emitieron un comunicado en el que \u201cnos ponemos a disposici\u00f3n para colaborar en que<\/p>\n","protected":false},"author":3,"featured_media":13166,"comment_status":"closed","ping_status":"closed","sticky":false,"template":"","format":"standard","meta":{"_jetpack_memberships_contains_paid_content":false,"footnotes":""},"categories":[5,1],"tags":[],"class_list":["post-36340","post","type-post","status-publish","format-standard","has-post-thumbnail","hentry","category-informacion-general","category-portada"],"jetpack_featured_media_url":"https:\/\/i0.wp.com\/cdnoticias.com\/wp-content\/uploads\/2021\/02\/5ff73f8fb1140.jpg?fit=718%2C405&ssl=1","jetpack_sharing_enabled":true,"_links":{"self":[{"href":"https:\/\/cdnoticias.com\/index.php\/wp-json\/wp\/v2\/posts\/36340","targetHints":{"allow":["GET"]}}],"collection":[{"href":"https:\/\/cdnoticias.com\/index.php\/wp-json\/wp\/v2\/posts"}],"about":[{"href":"https:\/\/cdnoticias.com\/index.php\/wp-json\/wp\/v2\/types\/post"}],"author":[{"embeddable":true,"href":"https:\/\/cdnoticias.com\/index.php\/wp-json\/wp\/v2\/users\/3"}],"replies":[{"embeddable":true,"href":"https:\/\/cdnoticias.com\/index.php\/wp-json\/wp\/v2\/comments?post=36340"}],"version-history":[{"count":0,"href":"https:\/\/cdnoticias.com\/index.php\/wp-json\/wp\/v2\/posts\/36340\/revisions"}],"wp:featuredmedia":[{"embeddable":true,"href":"https:\/\/cdnoticias.com\/index.php\/wp-json\/wp\/v2\/media\/13166"}],"wp:attachment":[{"href":"https:\/\/cdnoticias.com\/index.php\/wp-json\/wp\/v2\/media?parent=36340"}],"wp:term":[{"taxonomy":"category","embeddable":true,"href":"https:\/\/cdnoticias.com\/index.php\/wp-json\/wp\/v2\/categories?post=36340"},{"taxonomy":"post_tag","embeddable":true,"href":"https:\/\/cdnoticias.com\/index.php\/wp-json\/wp\/v2\/tags?post=36340"}],"curies":[{"name":"wp","href":"https:\/\/api.w.org\/{rel}","templated":true}]}}