{"id":36309,"date":"2021-10-21T18:53:20","date_gmt":"2021-10-21T21:53:20","guid":{"rendered":"http:\/\/www.centraldenoticias.com.ar\/?p=36309"},"modified":"2021-10-21T18:53:20","modified_gmt":"2021-10-21T21:53:20","slug":"bali-bucca-ningun-vecino-o-vecina-quiere-la-casa-regalada","status":"publish","type":"post","link":"https:\/\/cdnoticias.com\/index.php\/2021\/10\/21\/bali-bucca-ningun-vecino-o-vecina-quiere-la-casa-regalada\/","title":{"rendered":"\u201cBali\u201d Bucca: \u201cNing\u00fan vecino o vecina quiere la casa regalada\u201d"},"content":{"rendered":"<p>Lo asegur\u00f3 el diputado nacional en el marco de la presentaci\u00f3n del Desarrollo Urban\u00edstico de 240 viviendas Procrear que se construir\u00e1 en Bol\u00edvar. Agreg\u00f3 que las personas \u201cquieren dejar de sentir que tiran la plata en el alquiler\u201d.<!--more--><\/p>\n<hr \/>\n<p>El diputado nacional Eduardo \u201cBali\u201d Bucca junto al intendente Marcos Pisano y la directora de Vivienda e Infraestructura \u00c9rica Moriones, presentaron este jueves e<strong>l Desarrollo Urban\u00edstico de 240 viviendas Procrear que se construir\u00e1 en Bol\u00edvar.<\/strong><\/p>\n<p>&nbsp;<\/p>\n<p>Se trata de <strong>12 edificios de tres pisos m\u00e1s planta baja,<\/strong> que contemplan la construcci\u00f3n de 240 soluciones habitaciones, distribuidas en seis manzanas que ser\u00e1n divididas en tres sectores de 80 viviendas cada uno. Adem\u00e1s contar\u00e1 con l\u00edneas de estacionamiento y zonas verdes para compartir.<\/p>\n<p>&nbsp;<\/p>\n<p><em>\u201cYa son miles de familias bonaerenses que vuelven a abrazar el programa Procrear para cumplir el sue\u00f1o de la casa propia, porque cuentan con l\u00edneas crediticias accesibles y a tasa baja\u201d<\/em>, resalt\u00f3 el m\u00e9dico y diputado Bucca. Adem\u00e1s recalc\u00f3 que<strong><em> \u201cgenerar suelo urbano es el objetivo, y ser parte de la soluci\u00f3n al d\u00e9ficit habitacional de la provincia nos genera una gran alegr\u00eda\u201d.<\/em><\/strong><\/p>\n<p>&nbsp;<\/p>\n<p><img data-recalc-dims=\"1\" loading=\"lazy\" decoding=\"async\" class=\"alignnone size-full wp-image-36312\" src=\"https:\/\/i0.wp.com\/cdnoticias.com\/wp-content\/uploads\/2021\/10\/WhatsApp-Image-2021-10-21-at-17.11.47-1.jpeg?resize=800%2C534&#038;ssl=1\" alt=\"\" width=\"800\" height=\"534\" srcset=\"https:\/\/i0.wp.com\/cdnoticias.com\/wp-content\/uploads\/2021\/10\/WhatsApp-Image-2021-10-21-at-17.11.47-1.jpeg?w=1280&amp;ssl=1 1280w, https:\/\/i0.wp.com\/cdnoticias.com\/wp-content\/uploads\/2021\/10\/WhatsApp-Image-2021-10-21-at-17.11.47-1.jpeg?resize=300%2C200&amp;ssl=1 300w, https:\/\/i0.wp.com\/cdnoticias.com\/wp-content\/uploads\/2021\/10\/WhatsApp-Image-2021-10-21-at-17.11.47-1.jpeg?resize=768%2C513&amp;ssl=1 768w, https:\/\/i0.wp.com\/cdnoticias.com\/wp-content\/uploads\/2021\/10\/WhatsApp-Image-2021-10-21-at-17.11.47-1.jpeg?resize=1024%2C684&amp;ssl=1 1024w, https:\/\/i0.wp.com\/cdnoticias.com\/wp-content\/uploads\/2021\/10\/WhatsApp-Image-2021-10-21-at-17.11.47-1.jpeg?resize=272%2C182&amp;ssl=1 272w\" sizes=\"auto, (max-width: 800px) 100vw, 800px\" \/><\/p>\n<p>Durante la presentaci\u00f3n, Moriones describi\u00f3 detalles t\u00e9cnicos de las nuevas soluciones habitacionales para la ciudad y destac\u00f3: <em>\u201cGracias a esta l\u00f3gica de vivienda multifamiliar de Procrear es que hoy podemos contar con este proyecto de 240 viviendas para Bol\u00edvar\u201d<\/em>. Por su parte, Bucca le habl\u00f3 a los m\u00e1s j\u00f3venes e hizo hincapi\u00e9 en <em>&#8220;intensificar la pol\u00edtica habitacional, porque sabemos que los j\u00f3venes bolivarenses quieren independizarse de sus fam<\/em>ilias <em>y quieren tener su vivienda propia&#8221;.<\/em><\/p>\n<p>&nbsp;<\/p>\n<p>La construcci\u00f3n del nuevo Desarrollo Urban\u00edstico<strong> se emplazar\u00e1 en el predio ubicado entre el Campo de Golf y Barrio Cooperativa.<\/strong> Este fue aprobado el mes pasado por el Comit\u00e9 Ejecutivo de Procrear, a partir de las gestiones realizadas por el intendente Pisano y el diputado Bucca con el ministro de Desarrollo Territorial y H\u00e1bitat de Naci\u00f3n Jorge Ferraresi, que visit\u00f3 la ciudad en septiembre.<\/p>\n<p>&nbsp;<\/p>\n<p><img data-recalc-dims=\"1\" loading=\"lazy\" decoding=\"async\" class=\"alignnone size-full wp-image-36311\" src=\"https:\/\/i0.wp.com\/cdnoticias.com\/wp-content\/uploads\/2021\/10\/WhatsApp-Image-2021-10-21-at-17.11.48.jpeg?resize=749%2C501&#038;ssl=1\" alt=\"\" width=\"749\" height=\"501\" srcset=\"https:\/\/i0.wp.com\/cdnoticias.com\/wp-content\/uploads\/2021\/10\/WhatsApp-Image-2021-10-21-at-17.11.48.jpeg?w=749&amp;ssl=1 749w, https:\/\/i0.wp.com\/cdnoticias.com\/wp-content\/uploads\/2021\/10\/WhatsApp-Image-2021-10-21-at-17.11.48.jpeg?resize=300%2C201&amp;ssl=1 300w, https:\/\/i0.wp.com\/cdnoticias.com\/wp-content\/uploads\/2021\/10\/WhatsApp-Image-2021-10-21-at-17.11.48.jpeg?resize=272%2C182&amp;ssl=1 272w\" sizes=\"auto, (max-width: 749px) 100vw, 749px\" \/><\/p>\n<p>&nbsp;<\/p>\n<p>Bucca manifest\u00f3 una enorme felicidad porque<em> \u201cvamos a construir 240 hermosas viviendas, que significan <strong>crecimiento, generaci\u00f3n de empleo, movimiento econ\u00f3mico y expansi\u00f3n urbana planificada.<\/strong> Y no es m\u00e1s que fortalecer y consolidar este camino que hemos iniciado hace 10 a\u00f1os con todos los bolivarenses\u201d<\/em>. Por su parte, Pisano expres\u00f3: \u201c<em>Nosotros vemos el acceso a la vivienda como una prioridad. Una ciudad que se desarrolla tiene que generar oportunidad de trabajo y oportunidad de acceso a la vivienda\u201d.<\/em><\/p>\n<p>&nbsp;<\/p>\n<p>El intendente tambi\u00e9n destac\u00f3 la importancia del<strong> c\u00f3digo de zonificaci\u00f3n<\/strong> que la Municipalidad confeccion\u00f3 con el asesoramiento de la Facultad de Arquitectura de La Plata.<em> \u201cNos permite tener un ordenamiento de c\u00f3mo vamos a crecer, y ese ordenamiento va acompa\u00f1ado de las factibilidades de cada uno de los servicios. De esta manera, no solo estamos ofreciendo soluciones habitacionales, estamos facilitando el acceso a los servicios y brindando calidad de vida\u201d.<\/em><\/p>\n<p>&nbsp;<\/p>\n","protected":false},"excerpt":{"rendered":"<p>Lo asegur\u00f3 el diputado nacional en el marco de la presentaci\u00f3n del Desarrollo Urban\u00edstico de 240 viviendas Procrear que se<\/p>\n","protected":false},"author":5,"featured_media":36313,"comment_status":"closed","ping_status":"closed","sticky":false,"template":"","format":"standard","meta":{"_jetpack_memberships_contains_paid_content":false,"footnotes":""},"categories":[6,1],"tags":[],"class_list":["post-36309","post","type-post","status-publish","format-standard","has-post-thumbnail","hentry","category-nacionales","category-portada"],"jetpack_featured_media_url":"https:\/\/i0.wp.com\/cdnoticias.com\/wp-content\/uploads\/2021\/10\/WhatsApp-Image-2021-10-21-at-17.11.47.jpeg?fit=1280%2C959&ssl=1","jetpack_sharing_enabled":true,"_links":{"self":[{"href":"https:\/\/cdnoticias.com\/index.php\/wp-json\/wp\/v2\/posts\/36309","targetHints":{"allow":["GET"]}}],"collection":[{"href":"https:\/\/cdnoticias.com\/index.php\/wp-json\/wp\/v2\/posts"}],"about":[{"href":"https:\/\/cdnoticias.com\/index.php\/wp-json\/wp\/v2\/types\/post"}],"author":[{"embeddable":true,"href":"https:\/\/cdnoticias.com\/index.php\/wp-json\/wp\/v2\/users\/5"}],"replies":[{"embeddable":true,"href":"https:\/\/cdnoticias.com\/index.php\/wp-json\/wp\/v2\/comments?post=36309"}],"version-history":[{"count":0,"href":"https:\/\/cdnoticias.com\/index.php\/wp-json\/wp\/v2\/posts\/36309\/revisions"}],"wp:featuredmedia":[{"embeddable":true,"href":"https:\/\/cdnoticias.com\/index.php\/wp-json\/wp\/v2\/media\/36313"}],"wp:attachment":[{"href":"https:\/\/cdnoticias.com\/index.php\/wp-json\/wp\/v2\/media?parent=36309"}],"wp:term":[{"taxonomy":"category","embeddable":true,"href":"https:\/\/cdnoticias.com\/index.php\/wp-json\/wp\/v2\/categories?post=36309"},{"taxonomy":"post_tag","embeddable":true,"href":"https:\/\/cdnoticias.com\/index.php\/wp-json\/wp\/v2\/tags?post=36309"}],"curies":[{"name":"wp","href":"https:\/\/api.w.org\/{rel}","templated":true}]}}