{"id":36304,"date":"2021-10-22T12:19:27","date_gmt":"2021-10-22T15:19:27","guid":{"rendered":"http:\/\/www.centraldenoticias.com.ar\/?p=36304"},"modified":"2021-10-22T12:19:27","modified_gmt":"2021-10-22T15:19:27","slug":"lanzan-la-campana-argentina-unida-te-busca-en-apoyo-a-trabajo-de-abuelas","status":"publish","type":"post","link":"https:\/\/cdnoticias.com\/index.php\/2021\/10\/22\/lanzan-la-campana-argentina-unida-te-busca-en-apoyo-a-trabajo-de-abuelas\/","title":{"rendered":"Lanzan la campa\u00f1a &#8220;Argentina Unida Te Busca&#8221; en apoyo a trabajo de Abuelas"},"content":{"rendered":"<p>Es en el marco de la conmemoraci\u00f3n del D\u00eda Nacional por el Derecho a la Identidad, que coincide con la fecha en la cual se fund\u00f3 Abuelas de Plaza de Mayo, la emblem\u00e1tica entidad surgida para buscar a los ni\u00f1os y ni\u00f1as nacidos en cautiverio, que cumple 44 a\u00f1os de existencia.<!--more--><\/p>\n<hr \/>\n<div class=\"addthis_custom_sharing\" data-url=\"https:\/\/www.telam.com.ar\/notas\/202110\/572410-derechos-humanos-campana-argentina-unida-trabajo-abuelas.html\" data-title=\"Lanzan la campa\u00f1a &quot;Argentina Unida Te Busca&quot; en apoyo a trabajo de Abuelas\" data-description=\"Es en el marco de la conmemoraci\u00f3n del D\u00eda Nacional por el Derecho a la Identidad, que coincide con la fecha en la cual se fund\u00f3 Abuelas de Plaza de Mayo, la emblem\u00e1tica entidad surgida para buscar a los ni\u00f1os y ni\u00f1as nacidos en cautiverio, que cumple 44 a\u00f1os de existencia.\">\n<div role=\"region\" aria-labelledby=\"at-a7162b2e-2603-44d7-919b-05b69f526c17\"><\/div>\n<div id=\"atstbx\" class=\"at-resp-share-element at-style-responsive addthis-smartlayers addthis-animated at4-show\" role=\"region\" aria-labelledby=\"at-a7162b2e-2603-44d7-919b-05b69f526c17\">La\u00a0<strong>Secretar\u00eda de Derechos Humanos, a cargo de Horacio Pietragalla Corti<\/strong>, lanzar\u00e1 este <strong>viernes la campa\u00f1a\u00a0&#8220;Argentina Unida Te Busca&#8221;\u00a0<\/strong>en el <strong>marco de la conmemoraci\u00f3n del D\u00eda Nacional por el Derecho a la Identidad<\/strong>, con el objetivo de<strong> &#8220;colaborar con el trabajo que llevan adelante las Abuelas de Plaza de Mayo&#8221;<\/strong> para resolver la mayor cantidad de casos <strong>posibles de casos de nietos y nietas<\/strong> apropiados durante la <strong>\u00faltima dictadura c\u00edvico militar.<\/strong><\/div>\n<div role=\"region\" aria-labelledby=\"at-a7162b2e-2603-44d7-919b-05b69f526c17\"><\/div>\n<div class=\"at-resp-share-element at-style-responsive addthis-smartlayers addthis-animated at4-show\" role=\"region\" aria-labelledby=\"at-a7162b2e-2603-44d7-919b-05b69f526c17\">\n<p>El\u00a0<strong>D\u00eda Nacional por el Derechos a la Identidad fue instituido en 2004 y coincide con la fecha en la cual se fund\u00f3 Abuelas de Plaza de Mayo<\/strong>, la emblem\u00e1tica entidad de derechos humanos surgida para buscar a los ni\u00f1os y ni\u00f1as nacidos en cautiverio, que <strong>este viernes cumple 44 a\u00f1os de existencia.<\/strong><\/p>\n<p>&nbsp;<\/p>\n<\/div>\n<div class=\"at-resp-share-element at-style-responsive addthis-smartlayers addthis-animated at4-show\" role=\"region\" aria-labelledby=\"at-a7162b2e-2603-44d7-919b-05b69f526c17\">\n<p>En este contexto, la <strong>Secretar\u00eda de DDHH presentar\u00e1 una campa\u00f1a federal<\/strong> en la que relaciona dos objetos simb\u00f3licos que ten\u00edan una vinculaci\u00f3n especial con los <strong>h\u00e1bitos de los j\u00f3venes en los a\u00f1os &#8217;70 y &#8217;80.<\/strong><\/p>\n<p>&nbsp;<\/p>\n<\/div>\n<div class=\"at-resp-share-element at-style-responsive addthis-smartlayers addthis-animated at4-show\" role=\"region\" aria-labelledby=\"at-a7162b2e-2603-44d7-919b-05b69f526c17\">\n<p>Se trata de una <strong>imagen de una cassette y una birome con el fin de rebobinar la cinta,<\/strong> en la que la campa\u00f1a de difusi\u00f3n pregunta: &#8220;\u00bfSab\u00e9s que relaci\u00f3n hay entre estos dos objetos?&#8221;. Y remata:<strong> &#8220;Si entend\u00e9s esta imagen, seguramente naciste entre 1975 y 1983&#8221;.<\/strong><\/p>\n<p>&nbsp;<\/p>\n<\/div>\n<div class=\"at-resp-share-element at-style-responsive addthis-smartlayers addthis-animated at4-show\" role=\"region\" aria-labelledby=\"at-a7162b2e-2603-44d7-919b-05b69f526c17\">\n<p>&#8220;Si sab\u00e9s que los cassettes se pod\u00edan rebobinar con una birome, entonces probablemente naciste entre 1975 y 1983 y <strong>podr\u00edas ser uno de los nietos o nietas que faltan<\/strong>&#8220;, se se\u00f1ala en uno de los mensajes que acompa\u00f1a esta campa\u00f1a de difusi\u00f3n.<\/p>\n<\/div>\n<\/div>\n<div role=\"region\" aria-labelledby=\"at-a7162b2e-2603-44d7-919b-05b69f526c17\"><\/div>\n<div role=\"region\" aria-labelledby=\"at-a7162b2e-2603-44d7-919b-05b69f526c17\"><\/div>\n<div role=\"region\" aria-labelledby=\"at-a7162b2e-2603-44d7-919b-05b69f526c17\">\n<div class=\"auth\"><strong>La campa\u00f1a<\/strong><\/div>\n<div><\/div>\n<p>Desde la Secretar\u00eda explicaron, a trav\u00e9s de un comunicado, que apunta a &#8220;<strong>difundir la lucha de Abuelas entre las nuevas generaciones<\/strong>\u00a0<strong>y el concepto de derechos a la identidad&#8221;.<\/strong><\/p>\n<p>&nbsp;<\/p>\n<\/div>\n<div role=\"region\" aria-labelledby=\"at-a7162b2e-2603-44d7-919b-05b69f526c17\">\n<p>&#8220;Gracias al trabajo que <strong>Abuelas vienen sosteniendo desde hace m\u00e1s de cuatro d\u00e9cadas<\/strong>,\u00a0<strong>se pudieron resolver 130 casos de apropiaciones de beb\u00e9s ocurridas durante la \u00faltima dictadura c\u00edvico militar<\/strong>. Sin embargo, y a pesar del tiempo transcurrido, <strong>a\u00fan falta encontrar a casi 300 nietos y nietas&#8221;,<\/strong> resaltaron desde el organismo.<\/p>\n<p>&nbsp;<\/p>\n<\/div>\n<div role=\"region\" aria-labelledby=\"at-a7162b2e-2603-44d7-919b-05b69f526c17\">\n<p>La campa\u00f1a de comunicaci\u00f3n que da inicio a <strong>#ArgentinaUnidaTeBusca<\/strong> <strong>fue articulada con Abuelas de Plaza de Mayo, encabezada por Estela de Carlotto.<\/strong><\/p>\n<p>&nbsp;<\/p>\n<\/div>\n<div role=\"region\" aria-labelledby=\"at-a7162b2e-2603-44d7-919b-05b69f526c17\">\n<p>La\u00a0<strong>acci\u00f3n de comunicaci\u00f3n est\u00e1 dirigido a hombres y mujeres nacidos entre 1975 y 1983<\/strong>, <strong>que duden sobre su identidad<\/strong>, y<strong> a la poblaci\u00f3n en general que pueda aportar informaci\u00f3n<\/strong> para la b\u00fasqueda de nietos y nietas que faltan.<\/p>\n<p>&nbsp;<\/p>\n<\/div>\n<div role=\"region\" aria-labelledby=\"at-a7162b2e-2603-44d7-919b-05b69f526c17\">\n<p>&#8220;Mediante la apelaci\u00f3n a la sensibilidad y el recuerdo se buscar\u00e1 generar empat\u00eda para &#8220;franquear el circuito habitual de comunicaci\u00f3n de los derechos humanos y extender a todas las \u00e1reas del Estado <strong>el compromiso del derecho a la identidad como pol\u00edtica p\u00fablica<\/strong>&#8220;, precisaron.<\/p>\n<p>&nbsp;<\/p>\n<\/div>\n<div role=\"region\" aria-labelledby=\"at-a7162b2e-2603-44d7-919b-05b69f526c17\">\n<p>Adem\u00e1s de comunicarse por las <strong>distintas redes sociales<\/strong> de la Secretar\u00eda &#8211;<strong>@sdhargentina<\/strong>-, se pueden <strong>realizar denuncias an\u00f3nimas en el sitio de Abuelas<\/strong> \u2013<strong><a href=\"http:\/\/www.abuelas.org.ar\/\" target=\"_blank\" rel=\"noopener\">www.abuelas.org.ar<\/a><\/strong>&#8211; o <strong>llamando a la Comisi\u00f3n Nacional por el Derecho a la Identidad<\/strong> (CONADI) al\u00a0<strong>0800-2222-66234<\/strong>.<\/p>\n<\/div>\n<div role=\"region\" aria-labelledby=\"at-a7162b2e-2603-44d7-919b-05b69f526c17\"><\/div>\n<div role=\"region\" aria-labelledby=\"at-a7162b2e-2603-44d7-919b-05b69f526c17\"><\/div>\n<div role=\"region\" aria-labelledby=\"at-a7162b2e-2603-44d7-919b-05b69f526c17\"><em>Fuente: T\u00e9lam\u00a0<\/em><\/div>\n","protected":false},"excerpt":{"rendered":"<p>Es en el marco de la conmemoraci\u00f3n del D\u00eda Nacional por el Derecho a la Identidad, que coincide con la<\/p>\n","protected":false},"author":6,"featured_media":36306,"comment_status":"closed","ping_status":"closed","sticky":false,"template":"","format":"standard","meta":{"_jetpack_memberships_contains_paid_content":false,"footnotes":""},"categories":[6,1],"tags":[],"class_list":["post-36304","post","type-post","status-publish","format-standard","has-post-thumbnail","hentry","category-nacionales","category-portada"],"jetpack_featured_media_url":"https:\/\/i0.wp.com\/cdnoticias.com\/wp-content\/uploads\/2021\/10\/5447d8f9da6f2_1004x850.jpg?fit=1004%2C850&ssl=1","jetpack_sharing_enabled":true,"_links":{"self":[{"href":"https:\/\/cdnoticias.com\/index.php\/wp-json\/wp\/v2\/posts\/36304","targetHints":{"allow":["GET"]}}],"collection":[{"href":"https:\/\/cdnoticias.com\/index.php\/wp-json\/wp\/v2\/posts"}],"about":[{"href":"https:\/\/cdnoticias.com\/index.php\/wp-json\/wp\/v2\/types\/post"}],"author":[{"embeddable":true,"href":"https:\/\/cdnoticias.com\/index.php\/wp-json\/wp\/v2\/users\/6"}],"replies":[{"embeddable":true,"href":"https:\/\/cdnoticias.com\/index.php\/wp-json\/wp\/v2\/comments?post=36304"}],"version-history":[{"count":0,"href":"https:\/\/cdnoticias.com\/index.php\/wp-json\/wp\/v2\/posts\/36304\/revisions"}],"wp:featuredmedia":[{"embeddable":true,"href":"https:\/\/cdnoticias.com\/index.php\/wp-json\/wp\/v2\/media\/36306"}],"wp:attachment":[{"href":"https:\/\/cdnoticias.com\/index.php\/wp-json\/wp\/v2\/media?parent=36304"}],"wp:term":[{"taxonomy":"category","embeddable":true,"href":"https:\/\/cdnoticias.com\/index.php\/wp-json\/wp\/v2\/categories?post=36304"},{"taxonomy":"post_tag","embeddable":true,"href":"https:\/\/cdnoticias.com\/index.php\/wp-json\/wp\/v2\/tags?post=36304"}],"curies":[{"name":"wp","href":"https:\/\/api.w.org\/{rel}","templated":true}]}}