{"id":36301,"date":"2021-10-22T09:37:19","date_gmt":"2021-10-22T12:37:19","guid":{"rendered":"http:\/\/www.centraldenoticias.com.ar\/?p=36301"},"modified":"2021-10-22T09:37:19","modified_gmt":"2021-10-22T12:37:19","slug":"caminata-por-la-vida-en-el-mes-de-la-mujer","status":"publish","type":"post","link":"https:\/\/cdnoticias.com\/index.php\/2021\/10\/22\/caminata-por-la-vida-en-el-mes-de-la-mujer\/","title":{"rendered":"\u201cCaminata por la vida\u201d en el Mes de la Mujer"},"content":{"rendered":"<p>Ser\u00e1 este s\u00e1bado en el Parque Helios Eseverri desde las 14:30.\u00a0 La propuesta fue organizada en conjunto por la Subsecretar\u00eda de Deportes municipal y\u00a0LALCEC.<!--more--><\/p>\n<hr \/>\n<p>&nbsp;<\/p>\n<p>En el marco de la<strong> iniciativa \u201cLolas en campa\u00f1a\u201d<\/strong>, propuesta de <strong>concientizaci\u00f3n sobre la importancia de la prevenci\u00f3n y detecci\u00f3n temprana del c\u00e1ncer de mama<\/strong>, este <strong>s\u00e1bado <\/strong>se prev\u00e9 la realizaci\u00f3n de la <strong>Caminata por la Vida <\/strong>la cual est\u00e1 sujeta a los<strong> protocolos sanitarios vigentes.\u00a0<\/strong><\/p>\n<p>&nbsp;<\/p>\n<p>Organizada en conjunto por la <strong>Subsecretar\u00eda de Deportes y Recreaci\u00f3n<\/strong> de la Municipalidad de Olavarr\u00eda y la <strong>filial local de LALCEC;<\/strong> la actividad se llevar\u00e1 a cabo en el <strong>Parque Helios Eseverri, desde las 14:30<\/strong>. Ser\u00e1 coordinada por <strong>Alejandro Dirgam<\/strong>, profesor del staff de Deportes municipal.<\/p>\n<p>&nbsp;<\/p>\n<p>La<strong> Caminata por la Vida<\/strong> se suma a las tantas <strong>actividades que se llevan a cabo durante octubre<\/strong> (\u201cMes de la Mujer\u201d), que incluyen <strong>controles rutinarios de salud de la mujer<\/strong> (PAP y Colposcopia, mamograf\u00edas, ecograf\u00eda\u00a0mamaria y ginecol\u00f3gica y asesoramiento sobre m\u00e9todos\u00a0anticonceptivos) y entrega de <strong>folleter\u00eda informativa<\/strong> en distintos puntos de la ciudad, principalmente en el <strong>Paseo Jes\u00fas Mend\u00eda<\/strong>, donde<strong> integrantes de la campa\u00f1a<\/strong> reparten folletos y prendedores con lazos rosas y dialogan con los transe\u00fantes acerca de esta tem\u00e1tica.<\/p>\n<p>&nbsp;<\/p>\n<p>Asimismo, como es habitual, se efectu\u00f3 la <strong>colocaci\u00f3n de lazos gigantes de color rosa<\/strong>, que <strong>simbolizan la lucha contra esta enfermedad.<\/strong> Tambi\u00e9n los<strong> edificios p\u00fablicos<\/strong> se <strong>iluminaron<\/strong> de dicho color el <strong>19 de octubre<\/strong> (D\u00eda Internacional de lucha contra el C\u00e1ncer de Mama), acompa\u00f1ando la\u00a0campa\u00f1a\u00a0y promoviendo la sensibilizaci\u00f3n sobre la tem\u00e1tica.<\/p>\n<p>&nbsp;<\/p>\n<p><strong>\u201cLolas\u00a0en\u00a0Campa\u00f1a\u201d<\/strong><\/p>\n<p>&nbsp;<\/p>\n<p>Con la colaboraci\u00f3n permanente del Municipio,\u00a0resultado del trabajo conjunto entre estudiantes, docentes y directivos de nivel secundario del Colegio Ntra. Sra. de F\u00e1tima, junto a LALCEC\u00a0y dem\u00e1s instituciones educativas, <strong>\u201cLolas\u00a0en\u00a0Campa\u00f1a\u201d<\/strong>\u00a0ha logrado sostenerse en el tiempo, y m\u00e1s a\u00fan <strong>se ha consolidado con el correr de los a\u00f1os<\/strong>, aumentando el n\u00famero de propuestas y buscando ampliarse hacia otras instituciones de la comunidad, con el fin de<strong> incrementar el alcance de\u00a0la iniciativa.<\/strong><\/p>\n<p>&nbsp;<\/p>\n<p>Mediante esta<strong>\u00a0campa\u00f1a\u00a0informativa y de concientizaci\u00f3n\u00a0acerca del c\u00e1ncer de mama<\/strong>,\u00a0que<strong> se realiza cada a\u00f1o,<\/strong> se hace especial hincapi\u00e9 en las<strong> medidas de prevenci\u00f3n primaria,<\/strong> importantes no s\u00f3lo para <strong>prevenir la enfermedad<\/strong> sino tambi\u00e9n para <strong>detectar cualquier anomal\u00eda de forma temprana<\/strong>, lo que mitiga sustancialmente el desarrollo de la enfermedad.<\/p>\n<p>&nbsp;<\/p>\n","protected":false},"excerpt":{"rendered":"<p>Ser\u00e1 este s\u00e1bado en el Parque Helios Eseverri desde las 14:30.\u00a0 La propuesta fue organizada en conjunto por la Subsecretar\u00eda<\/p>\n","protected":false},"author":6,"featured_media":36302,"comment_status":"closed","ping_status":"closed","sticky":false,"template":"","format":"standard","meta":{"_jetpack_memberships_contains_paid_content":false,"footnotes":""},"categories":[5,1],"tags":[],"class_list":["post-36301","post","type-post","status-publish","format-standard","has-post-thumbnail","hentry","category-informacion-general","category-portada"],"jetpack_featured_media_url":"https:\/\/i0.wp.com\/cdnoticias.com\/wp-content\/uploads\/2021\/10\/Salud-Mes-Rosa-2-scaled.jpg?fit=2560%2C1711&ssl=1","jetpack_sharing_enabled":true,"_links":{"self":[{"href":"https:\/\/cdnoticias.com\/index.php\/wp-json\/wp\/v2\/posts\/36301","targetHints":{"allow":["GET"]}}],"collection":[{"href":"https:\/\/cdnoticias.com\/index.php\/wp-json\/wp\/v2\/posts"}],"about":[{"href":"https:\/\/cdnoticias.com\/index.php\/wp-json\/wp\/v2\/types\/post"}],"author":[{"embeddable":true,"href":"https:\/\/cdnoticias.com\/index.php\/wp-json\/wp\/v2\/users\/6"}],"replies":[{"embeddable":true,"href":"https:\/\/cdnoticias.com\/index.php\/wp-json\/wp\/v2\/comments?post=36301"}],"version-history":[{"count":0,"href":"https:\/\/cdnoticias.com\/index.php\/wp-json\/wp\/v2\/posts\/36301\/revisions"}],"wp:featuredmedia":[{"embeddable":true,"href":"https:\/\/cdnoticias.com\/index.php\/wp-json\/wp\/v2\/media\/36302"}],"wp:attachment":[{"href":"https:\/\/cdnoticias.com\/index.php\/wp-json\/wp\/v2\/media?parent=36301"}],"wp:term":[{"taxonomy":"category","embeddable":true,"href":"https:\/\/cdnoticias.com\/index.php\/wp-json\/wp\/v2\/categories?post=36301"},{"taxonomy":"post_tag","embeddable":true,"href":"https:\/\/cdnoticias.com\/index.php\/wp-json\/wp\/v2\/tags?post=36301"}],"curies":[{"name":"wp","href":"https:\/\/api.w.org\/{rel}","templated":true}]}}