{"id":36265,"date":"2021-10-21T14:28:28","date_gmt":"2021-10-21T17:28:28","guid":{"rendered":"http:\/\/www.centraldenoticias.com.ar\/?p=36265"},"modified":"2021-10-21T17:29:48","modified_gmt":"2021-10-21T20:29:48","slug":"colonia-nievas-el-municipio-habia-rechazado-la-antena-y-ahora-apoya-a-los-vecinos","status":"publish","type":"post","link":"https:\/\/cdnoticias.com\/index.php\/2021\/10\/21\/colonia-nievas-el-municipio-habia-rechazado-la-antena-y-ahora-apoya-a-los-vecinos\/","title":{"rendered":"Colonia Nievas: el Municipio hab\u00eda rechazado la antena y ahora apoya a los vecinos"},"content":{"rendered":"<p>As\u00ed lo informaron los funcionarios que este jueves recibieron a los vecinos de la localidad en una reuni\u00f3n. \u201cLes planteamos los temas y nos vamos con mucha satisfacci\u00f3n\u201d dijeron.<!--more--><\/p>\n<hr \/>\n<p><strong>En la ma\u00f1ana de este jueves, tres vecinos de Colonia Nievas estuvieron en el Palacio Municipal<\/strong> donde se reunieron con funcionarios y concejales para plantear su reclamo por la <a href=\"https:\/\/cdnoticias.com\/index.php\/2021\/10\/20\/colonia-nievas-polemica-y-reclamo-por-la-colocacion-de-una-antena-de-telefonia\/\" target=\"_blank\" rel=\"noopener\">instalaci\u00f3n de una antena de telefon\u00eda<\/a>. Asistieron <strong>Osvaldo Bugliese, presidente de la Sociedad de Fomento de Colonia Nievas, Franco Illescas y Gabriel Armesto<\/strong>.<\/p>\n<p>&nbsp;<\/p>\n<p>Uno de los datos centrales surgidos es que <strong>el Municipio hab\u00eda rechazado la instalaci\u00f3n de la antena<\/strong>, pero ante ello la empresa solicitante, Telecom, present\u00f3 un listado de firmas de los vecinos que dieron el aval y cambiaron la decisi\u00f3n municipal.<\/p>\n<p>&nbsp;<\/p>\n<p><img data-recalc-dims=\"1\" loading=\"lazy\" decoding=\"async\" class=\"size-large wp-image-36237 aligncenter\" src=\"https:\/\/i0.wp.com\/cdnoticias.com\/wp-content\/uploads\/2021\/10\/reunionantena1.jpg?resize=800%2C445&#038;ssl=1\" alt=\"\" width=\"800\" height=\"445\" srcset=\"https:\/\/i0.wp.com\/cdnoticias.com\/wp-content\/uploads\/2021\/10\/reunionantena1.jpg?resize=1024%2C570&amp;ssl=1 1024w, https:\/\/i0.wp.com\/cdnoticias.com\/wp-content\/uploads\/2021\/10\/reunionantena1.jpg?resize=300%2C167&amp;ssl=1 300w, https:\/\/i0.wp.com\/cdnoticias.com\/wp-content\/uploads\/2021\/10\/reunionantena1.jpg?resize=768%2C427&amp;ssl=1 768w, https:\/\/i0.wp.com\/cdnoticias.com\/wp-content\/uploads\/2021\/10\/reunionantena1.jpg?resize=800%2C445&amp;ssl=1 800w, https:\/\/i0.wp.com\/cdnoticias.com\/wp-content\/uploads\/2021\/10\/reunionantena1.jpg?w=1600&amp;ssl=1 1600w\" sizes=\"auto, (max-width: 800px) 100vw, 800px\" \/><\/p>\n<p>&nbsp;<\/p>\n<p>Desde la Sociedad de Fomento se hab\u00eda solicitado la reuni\u00f3n que tuvo lugar en el Sal\u00f3n Blanco y se extendi\u00f3 por m\u00e1s de una hora. \u201c<strong>Vinimos a presentar nuestra queja por la instalaci\u00f3n de una antena de telefon\u00eda<\/strong> que afecta una serie de derechos de los vecinos, fundamentalmente el derecho a la salud. Tambi\u00e9n afecta significativamente al paisaje que es algo que siempre la Municipalidad ha bregado porque se mantenga como es desde sus 140 a\u00f1os\u201d explic\u00f3 Bugliese tras el encuentro.<\/p>\n<p>&nbsp;<\/p>\n<p>Fueron recibidos por <strong>el secretario de Obras P\u00fablicas, Julio Ferraro, el subsecretario de Asuntos Legales, Marcelo Fabbi<\/strong>, y los concejales oficialistas <strong>Cecilia Krivochen, Nicolas Marinangeli, Maite Salerno y Mart\u00edn Lastape<\/strong>, entre otros. Asimismo se present\u00f3 junto a los funcionarios <strong>Carlos Coscia, quien es vecino de la localidad y candidato a concejal de Juntos<\/strong>.<\/p>\n<p>&nbsp;<\/p>\n<p><strong>\u201cLes planteamos los temas y nos vamos con mucha satisfacci\u00f3n, porque se han puesto a disposici\u00f3n para lo que sea\u201d<\/strong> resumi\u00f3 Blugliese sobre el encuentro. Detall\u00f3 que el Municipio puso a su disposici\u00f3n el expediente iniciado y facilitaron informaci\u00f3n.<\/p>\n<p>&nbsp;<\/p>\n<p><img data-recalc-dims=\"1\" loading=\"lazy\" decoding=\"async\" class=\"size-large wp-image-36240 aligncenter\" src=\"https:\/\/i0.wp.com\/cdnoticias.com\/wp-content\/uploads\/2021\/10\/reunionantena4.jpg?resize=800%2C445&#038;ssl=1\" alt=\"\" width=\"800\" height=\"445\" srcset=\"https:\/\/i0.wp.com\/cdnoticias.com\/wp-content\/uploads\/2021\/10\/reunionantena4.jpg?resize=1024%2C570&amp;ssl=1 1024w, https:\/\/i0.wp.com\/cdnoticias.com\/wp-content\/uploads\/2021\/10\/reunionantena4.jpg?resize=300%2C167&amp;ssl=1 300w, https:\/\/i0.wp.com\/cdnoticias.com\/wp-content\/uploads\/2021\/10\/reunionantena4.jpg?resize=768%2C427&amp;ssl=1 768w, https:\/\/i0.wp.com\/cdnoticias.com\/wp-content\/uploads\/2021\/10\/reunionantena4.jpg?resize=800%2C445&amp;ssl=1 800w, https:\/\/i0.wp.com\/cdnoticias.com\/wp-content\/uploads\/2021\/10\/reunionantena4.jpg?w=1600&amp;ssl=1 1600w\" sizes=\"auto, (max-width: 800px) 100vw, 800px\" \/><\/p>\n<p>&nbsp;<\/p>\n<blockquote><p>\u201cNos llevamos la sorpresa que en principio el Municipio hab\u00eda dicho que no, que la antena no se pod\u00eda instalar, porque hab\u00eda determinadas condiciones que no lo permit\u00edan. Pero hubo un aval de algunos vecinos que firmaron una nota para presentar como constancia de conformidad de que la antena s\u00ed ven\u00eda bien por una serie de cosas\u201d explic\u00f3 el referente vecinal.<\/p><\/blockquote>\n<p>&nbsp;<\/p>\n<p>El Municipio rechaz\u00f3 inicialmente la instalaci\u00f3n de la antena debido a<strong> lo establecido en la ordenanza 3.153\/08<\/strong> que regula el tema: <strong>aludi\u00f3 a la afectaci\u00f3n al patrimonio arquitect\u00f3nico<\/strong>. Cabe recordar que la iglesia San Migue Arc\u00e1ngel, ubicada a pocos metros, fue declarada patrimonio cultural municipal.<\/p>\n<p>&nbsp;<\/p>\n<p>Respecto del aval de los vecinos, se explic\u00f3 que <strong>\u201cla persona que hizo firmar eso les dio una informaci\u00f3n err\u00f3nea o falsa, o no dijo qu\u00e9 tipo de antena<\/strong>. La planilla que firmaron no tiene las caracter\u00edstica ni dimensiones. Simplemente dice que es una antena de telefon\u00eda, quien hizo firmar dijo que era una antena de peque\u00f1o porte\u201d. <strong>Se reunieron 23 firmas de vecinos hace aproximadamente un a\u00f1o,<\/strong> los cuales fueron visitados individualmente. Con esa planilla presentada es que el Municipio habilit\u00f3 la instalaci\u00f3n que comenz\u00f3 hace pocos d\u00edas.<\/p>\n<p>&nbsp;<\/p>\n<p><img data-recalc-dims=\"1\" loading=\"lazy\" decoding=\"async\" class=\"size-large wp-image-36241 aligncenter\" src=\"https:\/\/i0.wp.com\/cdnoticias.com\/wp-content\/uploads\/2021\/10\/reunionantena5.jpg?resize=800%2C445&#038;ssl=1\" alt=\"\" width=\"800\" height=\"445\" srcset=\"https:\/\/i0.wp.com\/cdnoticias.com\/wp-content\/uploads\/2021\/10\/reunionantena5.jpg?resize=1024%2C570&amp;ssl=1 1024w, https:\/\/i0.wp.com\/cdnoticias.com\/wp-content\/uploads\/2021\/10\/reunionantena5.jpg?resize=300%2C167&amp;ssl=1 300w, https:\/\/i0.wp.com\/cdnoticias.com\/wp-content\/uploads\/2021\/10\/reunionantena5.jpg?resize=768%2C427&amp;ssl=1 768w, https:\/\/i0.wp.com\/cdnoticias.com\/wp-content\/uploads\/2021\/10\/reunionantena5.jpg?resize=800%2C445&amp;ssl=1 800w, https:\/\/i0.wp.com\/cdnoticias.com\/wp-content\/uploads\/2021\/10\/reunionantena5.jpg?w=1600&amp;ssl=1 1600w\" sizes=\"auto, (max-width: 800px) 100vw, 800px\" \/><\/p>\n<p>&nbsp;<\/p>\n<blockquote><p>Franco Illescas, en tanto, se\u00f1al\u00f3 que los funcionarios municipales \u201cdespu\u00e9s de la reuni\u00f3n se mostraron totalmente predispuestos a acceder al reclamo y darle soluci\u00f3n. Tenemos que ver a trav\u00e9s de qu\u00e9 medio podemos resolver este conflicto. Pero tenemos que destacar que en principio se hab\u00eda rechazo la instalaci\u00f3n\u201d.<\/p><\/blockquote>\n<p>&nbsp;<\/p>\n<p>Para el vecino de la localidad, <strong>el Municipio \u201cobr\u00f3 de buena fe\u201d<\/strong> al habilitar la antena en la segunda instancia, \u201cdio aprobaci\u00f3n a la autorizaci\u00f3n de la antena para beneficio de la poblaci\u00f3n. Pero despu\u00e9s nos desayunamos con que las dimensiones que iba a tener esa antena eran totalmente diferentes a las que supuestamente iban a hace, y que <strong>los vecinos que firmaron la nota lo hicieron con falta de informaci\u00f3n para el consentimiento<\/strong>\u201d.<\/p>\n<p>&nbsp;<\/p>\n<p><img data-recalc-dims=\"1\" loading=\"lazy\" decoding=\"async\" class=\"size-full wp-image-36219 aligncenter\" src=\"https:\/\/i0.wp.com\/cdnoticias.com\/wp-content\/uploads\/2021\/10\/colonia-nievas-protesta-antena-00.jpg?resize=800%2C445&#038;ssl=1\" alt=\"\" width=\"800\" height=\"445\" srcset=\"https:\/\/i0.wp.com\/cdnoticias.com\/wp-content\/uploads\/2021\/10\/colonia-nievas-protesta-antena-00.jpg?w=800&amp;ssl=1 800w, https:\/\/i0.wp.com\/cdnoticias.com\/wp-content\/uploads\/2021\/10\/colonia-nievas-protesta-antena-00.jpg?resize=300%2C167&amp;ssl=1 300w, https:\/\/i0.wp.com\/cdnoticias.com\/wp-content\/uploads\/2021\/10\/colonia-nievas-protesta-antena-00.jpg?resize=768%2C427&amp;ssl=1 768w\" sizes=\"auto, (max-width: 800px) 100vw, 800px\" \/><\/p>\n<p>&nbsp;<\/p>\n<p><strong>Contacto con la empresa de telefon\u00eda<\/strong><\/p>\n<p>&nbsp;<\/p>\n<blockquote><p>En cuanto al apoyo de la Municipalidad, el titular de la Sociedad de Fomento adelant\u00f3 que \u201cla Municipalidad a trav\u00e9s de su equipo de profesionales se van a poner en contacto con la empresa Telecom, para tratar de solucionar este problema y llevar adelante la reubicaci\u00f3n de la antena\u201d indic\u00f3 Blugliese. M\u00e1s adelante inform\u00f3 que tambi\u00e9n la Sociedad de Fomento elev\u00f3 una nota al Ente Nacional de Comunicaciones (Enacom) para plantear el mismo tema.<\/p><\/blockquote>\n<p>&nbsp;<\/p>\n<p><strong>Los vecinos que firmaron aquella planilla \u201choy est\u00e1n en desacuerdo con la antena\u201d<\/strong>, y se sumaron a los reclamos del resto de los vecinos que <a href=\"https:\/\/cdnoticias.com\/index.php\/2021\/10\/21\/en-una-protesta-en-el-municipio-vecinos-de-colonia-nievas-piden-trasladar-la-antena\/\" target=\"_blank\" rel=\"noopener\">llevaron adelante una manifestaci\u00f3n durante la tarde del mi\u00e9rcoles<\/a>.<\/p>\n<p>&nbsp;<\/p>\n<p>Por \u00faltimo, Osvaldo Bugliese fue consultado acerca de<strong> la postura del vecino que arrend\u00f3 el predio<\/strong>. \u201cAyer (por el mi\u00e9rcoles) tuve una breve charla. Las palabras de \u00e9l fueron que tambi\u00e9n fue enga\u00f1ado porque no sab\u00eda de qu\u00e9 se trataba. Cosa que descarto, porque cuando uno firma un contrato est\u00e1n espec\u00edficamente los detalles de lo que se contrata. Y<strong> se mostraba arrepentido y muy dolido<\/strong>\u201d inform\u00f3.<\/p>\n","protected":false},"excerpt":{"rendered":"<p>As\u00ed lo informaron los funcionarios que este jueves recibieron a los vecinos de la localidad en una reuni\u00f3n. \u201cLes planteamos<\/p>\n","protected":false},"author":4,"featured_media":36238,"comment_status":"closed","ping_status":"closed","sticky":false,"template":"","format":"standard","meta":{"_jetpack_memberships_contains_paid_content":false,"footnotes":""},"categories":[5,1],"tags":[],"class_list":["post-36265","post","type-post","status-publish","format-standard","has-post-thumbnail","hentry","category-informacion-general","category-portada"],"jetpack_featured_media_url":"https:\/\/i0.wp.com\/cdnoticias.com\/wp-content\/uploads\/2021\/10\/reunionantena2.jpg?fit=1528%2C850&ssl=1","jetpack_sharing_enabled":true,"_links":{"self":[{"href":"https:\/\/cdnoticias.com\/index.php\/wp-json\/wp\/v2\/posts\/36265","targetHints":{"allow":["GET"]}}],"collection":[{"href":"https:\/\/cdnoticias.com\/index.php\/wp-json\/wp\/v2\/posts"}],"about":[{"href":"https:\/\/cdnoticias.com\/index.php\/wp-json\/wp\/v2\/types\/post"}],"author":[{"embeddable":true,"href":"https:\/\/cdnoticias.com\/index.php\/wp-json\/wp\/v2\/users\/4"}],"replies":[{"embeddable":true,"href":"https:\/\/cdnoticias.com\/index.php\/wp-json\/wp\/v2\/comments?post=36265"}],"version-history":[{"count":0,"href":"https:\/\/cdnoticias.com\/index.php\/wp-json\/wp\/v2\/posts\/36265\/revisions"}],"wp:featuredmedia":[{"embeddable":true,"href":"https:\/\/cdnoticias.com\/index.php\/wp-json\/wp\/v2\/media\/36238"}],"wp:attachment":[{"href":"https:\/\/cdnoticias.com\/index.php\/wp-json\/wp\/v2\/media?parent=36265"}],"wp:term":[{"taxonomy":"category","embeddable":true,"href":"https:\/\/cdnoticias.com\/index.php\/wp-json\/wp\/v2\/categories?post=36265"},{"taxonomy":"post_tag","embeddable":true,"href":"https:\/\/cdnoticias.com\/index.php\/wp-json\/wp\/v2\/tags?post=36265"}],"curies":[{"name":"wp","href":"https:\/\/api.w.org\/{rel}","templated":true}]}}