{"id":36256,"date":"2021-10-21T13:37:45","date_gmt":"2021-10-21T16:37:45","guid":{"rendered":"http:\/\/www.centraldenoticias.com.ar\/?p=36256"},"modified":"2021-10-21T13:37:45","modified_gmt":"2021-10-21T16:37:45","slug":"el-ceco-participo-de-la-marcha-organizada-por-la-cgt","status":"publish","type":"post","link":"https:\/\/cdnoticias.com\/index.php\/2021\/10\/21\/el-ceco-participo-de-la-marcha-organizada-por-la-cgt\/","title":{"rendered":"El CECO particip\u00f3 de la marcha organizada por la CGT"},"content":{"rendered":"<p>Fue el pasado lunes, en Capital Federal. La comitiva estuvo encabezada por el secretario general del gremio en Olavarr\u00eda, Miguel Santell\u00e1n.<!--more--><\/p>\n<hr \/>\n<p>Una <strong>delegaci\u00f3n de trabajadores y trabajadoras mercantiles particip\u00f3 junto a gremios de comercio de todo el pa\u00eds de la multitudinaria manifestaci\u00f3n convocada por la CGT<\/strong> en apoyo a la gesti\u00f3n del Presidente Alberto Fern\u00e1ndez y para demostrar la unidad del movimiento obrero.<\/p>\n<p>&nbsp;<\/p>\n<p><img data-recalc-dims=\"1\" loading=\"lazy\" decoding=\"async\" class=\"alignnone size-large wp-image-36259\" src=\"https:\/\/i0.wp.com\/cdnoticias.com\/wp-content\/uploads\/2021\/10\/Movilizacion-CGT-18-de-octubre-2.jpg?resize=800%2C600&#038;ssl=1\" alt=\"\" width=\"800\" height=\"600\" srcset=\"https:\/\/i0.wp.com\/cdnoticias.com\/wp-content\/uploads\/2021\/10\/Movilizacion-CGT-18-de-octubre-2.jpg?resize=1024%2C768&amp;ssl=1 1024w, https:\/\/i0.wp.com\/cdnoticias.com\/wp-content\/uploads\/2021\/10\/Movilizacion-CGT-18-de-octubre-2.jpg?resize=300%2C225&amp;ssl=1 300w, https:\/\/i0.wp.com\/cdnoticias.com\/wp-content\/uploads\/2021\/10\/Movilizacion-CGT-18-de-octubre-2.jpg?resize=768%2C576&amp;ssl=1 768w, https:\/\/i0.wp.com\/cdnoticias.com\/wp-content\/uploads\/2021\/10\/Movilizacion-CGT-18-de-octubre-2.jpg?w=1280&amp;ssl=1 1280w\" sizes=\"auto, (max-width: 800px) 100vw, 800px\" \/><\/p>\n<p>&nbsp;<\/p>\n<p>Con la consigna &#8220;por el desarrollo, la producci\u00f3n y el trabajo&#8221; participaron de un acto convocado por la CGT para celebrar del D\u00eda de la Lealtad Peronista, la columna de los empleados y empleadas de comercio estuvo encabezada por el Secretario General de la FAECyS Armando Cavallieri y el Secretario General del CECO Miguel Santell\u00e1n.<\/p>\n<p>&nbsp;<\/p>\n<p><img data-recalc-dims=\"1\" loading=\"lazy\" decoding=\"async\" class=\"alignnone size-full wp-image-36257\" src=\"https:\/\/i0.wp.com\/cdnoticias.com\/wp-content\/uploads\/2021\/10\/Movilizacion-CGT-18-de-octubre-3.jpg?resize=800%2C601&#038;ssl=1\" alt=\"\" width=\"800\" height=\"601\" srcset=\"https:\/\/i0.wp.com\/cdnoticias.com\/wp-content\/uploads\/2021\/10\/Movilizacion-CGT-18-de-octubre-3.jpg?w=960&amp;ssl=1 960w, https:\/\/i0.wp.com\/cdnoticias.com\/wp-content\/uploads\/2021\/10\/Movilizacion-CGT-18-de-octubre-3.jpg?resize=300%2C225&amp;ssl=1 300w, https:\/\/i0.wp.com\/cdnoticias.com\/wp-content\/uploads\/2021\/10\/Movilizacion-CGT-18-de-octubre-3.jpg?resize=768%2C577&amp;ssl=1 768w\" sizes=\"auto, (max-width: 800px) 100vw, 800px\" \/><\/p>\n","protected":false},"excerpt":{"rendered":"<p>Fue el pasado lunes, en Capital Federal. La comitiva estuvo encabezada por el secretario general del gremio en Olavarr\u00eda, Miguel<\/p>\n","protected":false},"author":2,"featured_media":36258,"comment_status":"closed","ping_status":"closed","sticky":false,"template":"","format":"standard","meta":{"_jetpack_memberships_contains_paid_content":false,"footnotes":""},"categories":[4],"tags":[],"class_list":["post-36256","post","type-post","status-publish","format-standard","has-post-thumbnail","hentry","category-politica"],"jetpack_featured_media_url":"https:\/\/i0.wp.com\/cdnoticias.com\/wp-content\/uploads\/2021\/10\/Movilizacion-CGT-18-de-octubre-1.jpg?fit=1280%2C622&ssl=1","jetpack_sharing_enabled":true,"_links":{"self":[{"href":"https:\/\/cdnoticias.com\/index.php\/wp-json\/wp\/v2\/posts\/36256","targetHints":{"allow":["GET"]}}],"collection":[{"href":"https:\/\/cdnoticias.com\/index.php\/wp-json\/wp\/v2\/posts"}],"about":[{"href":"https:\/\/cdnoticias.com\/index.php\/wp-json\/wp\/v2\/types\/post"}],"author":[{"embeddable":true,"href":"https:\/\/cdnoticias.com\/index.php\/wp-json\/wp\/v2\/users\/2"}],"replies":[{"embeddable":true,"href":"https:\/\/cdnoticias.com\/index.php\/wp-json\/wp\/v2\/comments?post=36256"}],"version-history":[{"count":0,"href":"https:\/\/cdnoticias.com\/index.php\/wp-json\/wp\/v2\/posts\/36256\/revisions"}],"wp:featuredmedia":[{"embeddable":true,"href":"https:\/\/cdnoticias.com\/index.php\/wp-json\/wp\/v2\/media\/36258"}],"wp:attachment":[{"href":"https:\/\/cdnoticias.com\/index.php\/wp-json\/wp\/v2\/media?parent=36256"}],"wp:term":[{"taxonomy":"category","embeddable":true,"href":"https:\/\/cdnoticias.com\/index.php\/wp-json\/wp\/v2\/categories?post=36256"},{"taxonomy":"post_tag","embeddable":true,"href":"https:\/\/cdnoticias.com\/index.php\/wp-json\/wp\/v2\/tags?post=36256"}],"curies":[{"name":"wp","href":"https:\/\/api.w.org\/{rel}","templated":true}]}}