{"id":36233,"date":"2021-10-21T10:58:06","date_gmt":"2021-10-21T13:58:06","guid":{"rendered":"http:\/\/www.centraldenoticias.com.ar\/?p=36233"},"modified":"2021-10-21T10:58:06","modified_gmt":"2021-10-21T13:58:06","slug":"importante-reunion-entre-la-union-industral-y-la-asociacion-de-bomberos-voluntarios","status":"publish","type":"post","link":"https:\/\/cdnoticias.com\/index.php\/2021\/10\/21\/importante-reunion-entre-la-union-industral-y-la-asociacion-de-bomberos-voluntarios\/","title":{"rendered":"Importante reuni\u00f3n entre la Uni\u00f3n Industral y la Asociaci\u00f3n de Bomberos Voluntarios"},"content":{"rendered":"<p>Fue encabezada por C\u00e9sar Longo y Hugo Fayan\u00e1s. Buscar\u00e1n trabajar en conjunto en varios temas, entre ellos relevamiento de materiales y los cuidados de las empresas para evitar incendios.\u00a0<!--more--><\/p>\n<hr \/>\n<p>En la ma\u00f1ana del \u00faltimo mi\u00e9rcoles, y encabezados por los titulares de las dos entidades,<strong> se realiz\u00f3 una importante reuni\u00f3n entre la Uni\u00f3n Industrial de Olavarr\u00eda y la Asociaci\u00f3n de Bomberos Voluntarios.<\/strong><\/p>\n<p>&nbsp;<\/p>\n<p><strong>Participaron el presidente de la UIO, C\u00e9sar Longo y su par de la Asociaci\u00f3n de Bomberos, Hugo Fayan\u00e1s.<\/strong> Adem\u00e1s, estuvieron presentes el secretario, Sergio Corso, y Vanesa Andreis, gerencia de la UIO, y por Bomberos su vicepresidente Jos\u00e9 Luis Veyrand. Tambi\u00e9n estuvieron presentes Osvaldo Castrovinci, secretario general; los consejeros Marcelo Cunioli y Daniel Bettiga; y Adri\u00e1n Guevara, jefe de Defensa Civil.<\/p>\n<p>&nbsp;<\/p>\n<p>El encuentro tuvo como eje central <strong>plantear la posibilidad de comenzar a trabajar de forma conjunta temas tales como el relevamiento de los materiales que acopian y trabajan las distintas empresas instaladas en los predios de los Parques Industriales<\/strong>, ya que a que en la actualidad esa informaci\u00f3n es desconocida por Bomberos y, en caso de posibles siniestros, ser\u00eda de gran utilidad para no trabajar \u201ca ciegas\u201d y evitar accidentes mayores.<\/p>\n<p>&nbsp;<\/p>\n<p><img data-recalc-dims=\"1\" loading=\"lazy\" decoding=\"async\" class=\"size-large wp-image-36234 aligncenter\" src=\"https:\/\/i0.wp.com\/cdnoticias.com\/wp-content\/uploads\/2021\/10\/Foto-UIO-1.jpg?resize=800%2C533&#038;ssl=1\" alt=\"\" width=\"800\" height=\"533\" srcset=\"https:\/\/i0.wp.com\/cdnoticias.com\/wp-content\/uploads\/2021\/10\/Foto-UIO-1.jpg?resize=1024%2C682&amp;ssl=1 1024w, https:\/\/i0.wp.com\/cdnoticias.com\/wp-content\/uploads\/2021\/10\/Foto-UIO-1.jpg?resize=300%2C200&amp;ssl=1 300w, https:\/\/i0.wp.com\/cdnoticias.com\/wp-content\/uploads\/2021\/10\/Foto-UIO-1.jpg?resize=768%2C512&amp;ssl=1 768w, https:\/\/i0.wp.com\/cdnoticias.com\/wp-content\/uploads\/2021\/10\/Foto-UIO-1.jpg?resize=272%2C182&amp;ssl=1 272w, https:\/\/i0.wp.com\/cdnoticias.com\/wp-content\/uploads\/2021\/10\/Foto-UIO-1.jpg?w=1280&amp;ssl=1 1280w\" sizes=\"auto, (max-width: 800px) 100vw, 800px\" \/><\/p>\n<p>&nbsp;<\/p>\n<p>Adem\u00e1s,<strong> pidieron diagramar entre el Municipio, Bomberos y la UIO una normativa que les exija a las empresas brindar informaci\u00f3n sobre los materiales que guardan dentro de sus establecimientos<\/strong> y, con esos datos, los bomberos voluntarios realicen una certificaci\u00f3n de aprobaci\u00f3n.<\/p>\n<p>&nbsp;<\/p>\n<p>A su vez,<strong> buscar\u00e1n dictar capacitaciones en las f\u00e1bricas e industrias ante posibles accidentes e incendios<\/strong>: plan de evacuaci\u00f3n, RCP, simulacros, etc. A su vez, disponer de los planos de los Parques y edificios para ver las disposiciones de entradas\/salidas y acceso para ambulancias y equipos de rescate y buscar\u00e1n impulsar la manera de facilitar donaciones destinadas a esta Asociaci\u00f3n Civil a trav\u00e9s del cr\u00e9dito fiscal y las deducciones del impuesto a las Ganancias y, de esa forma, logren invertir en m\u00e1s equipamientos y herramientas, entre otras necesidades.<\/p>\n","protected":false},"excerpt":{"rendered":"<p>Fue encabezada por C\u00e9sar Longo y Hugo Fayan\u00e1s. Buscar\u00e1n trabajar en conjunto en varios temas, entre ellos relevamiento de materiales<\/p>\n","protected":false},"author":2,"featured_media":36235,"comment_status":"closed","ping_status":"closed","sticky":false,"template":"","format":"standard","meta":{"_jetpack_memberships_contains_paid_content":false,"footnotes":""},"categories":[5,1],"tags":[],"class_list":["post-36233","post","type-post","status-publish","format-standard","has-post-thumbnail","hentry","category-informacion-general","category-portada"],"jetpack_featured_media_url":"https:\/\/i0.wp.com\/cdnoticias.com\/wp-content\/uploads\/2021\/10\/Foto-UIO.jpg?fit=1280%2C853&ssl=1","jetpack_sharing_enabled":true,"_links":{"self":[{"href":"https:\/\/cdnoticias.com\/index.php\/wp-json\/wp\/v2\/posts\/36233","targetHints":{"allow":["GET"]}}],"collection":[{"href":"https:\/\/cdnoticias.com\/index.php\/wp-json\/wp\/v2\/posts"}],"about":[{"href":"https:\/\/cdnoticias.com\/index.php\/wp-json\/wp\/v2\/types\/post"}],"author":[{"embeddable":true,"href":"https:\/\/cdnoticias.com\/index.php\/wp-json\/wp\/v2\/users\/2"}],"replies":[{"embeddable":true,"href":"https:\/\/cdnoticias.com\/index.php\/wp-json\/wp\/v2\/comments?post=36233"}],"version-history":[{"count":0,"href":"https:\/\/cdnoticias.com\/index.php\/wp-json\/wp\/v2\/posts\/36233\/revisions"}],"wp:featuredmedia":[{"embeddable":true,"href":"https:\/\/cdnoticias.com\/index.php\/wp-json\/wp\/v2\/media\/36235"}],"wp:attachment":[{"href":"https:\/\/cdnoticias.com\/index.php\/wp-json\/wp\/v2\/media?parent=36233"}],"wp:term":[{"taxonomy":"category","embeddable":true,"href":"https:\/\/cdnoticias.com\/index.php\/wp-json\/wp\/v2\/categories?post=36233"},{"taxonomy":"post_tag","embeddable":true,"href":"https:\/\/cdnoticias.com\/index.php\/wp-json\/wp\/v2\/tags?post=36233"}],"curies":[{"name":"wp","href":"https:\/\/api.w.org\/{rel}","templated":true}]}}