{"id":36211,"date":"2021-10-21T08:19:53","date_gmt":"2021-10-21T11:19:53","guid":{"rendered":"http:\/\/www.centraldenoticias.com.ar\/?p=36211"},"modified":"2021-10-21T08:19:53","modified_gmt":"2021-10-21T11:19:53","slug":"juan-jose-ortiz-flaco-q-e-p-d","status":"publish","type":"post","link":"https:\/\/cdnoticias.com\/index.php\/2021\/10\/21\/juan-jose-ortiz-flaco-q-e-p-d\/","title":{"rendered":"Juan Jos\u00e9 Ort\u00edz &#8220;Flaco&#8221; (Q.E.P.D.)"},"content":{"rendered":"<p>Falleci\u00f3 en Olavarr\u00eda el d\u00eda 20 de octubre de 2021 a los 76 \u00a0a\u00f1os de edad.<\/p>\n<p>&nbsp;<\/p>\n<p>Velatorio: Espa\u00f1a 2942, Depto. &#8220;A&#8221;, jueves 21 de 12:30 a 14:30. Responso: Capilla Ardiente. Inhumaci\u00f3n: Cementerio Loma de Paz, jueves 21 a las 14:30.<\/p>\n<p>&nbsp;<\/p>\n<p>Barrio en el que viv\u00eda: Sarmiento<\/p>\n<p>&nbsp;<\/p>\n<p>Lugar de nacimiento: Olavarr\u00eda<\/p>\n<p>&nbsp;<\/p>\n<p>Actividad que desarrollaba: Jubilado Rural<\/p>\n","protected":false},"excerpt":{"rendered":"<p>Falleci\u00f3 en Olavarr\u00eda el d\u00eda 20 de octubre de 2021 a los 76 \u00a0a\u00f1os de edad. &nbsp; Velatorio: Espa\u00f1a 2942,<\/p>\n","protected":false},"author":4,"featured_media":0,"comment_status":"closed","ping_status":"closed","sticky":false,"template":"","format":"standard","meta":{"_jetpack_memberships_contains_paid_content":false,"footnotes":""},"categories":[10],"tags":[],"class_list":["post-36211","post","type-post","status-publish","format-standard","hentry","category-necrologicas"],"jetpack_featured_media_url":"","jetpack_sharing_enabled":true,"_links":{"self":[{"href":"https:\/\/cdnoticias.com\/index.php\/wp-json\/wp\/v2\/posts\/36211","targetHints":{"allow":["GET"]}}],"collection":[{"href":"https:\/\/cdnoticias.com\/index.php\/wp-json\/wp\/v2\/posts"}],"about":[{"href":"https:\/\/cdnoticias.com\/index.php\/wp-json\/wp\/v2\/types\/post"}],"author":[{"embeddable":true,"href":"https:\/\/cdnoticias.com\/index.php\/wp-json\/wp\/v2\/users\/4"}],"replies":[{"embeddable":true,"href":"https:\/\/cdnoticias.com\/index.php\/wp-json\/wp\/v2\/comments?post=36211"}],"version-history":[{"count":0,"href":"https:\/\/cdnoticias.com\/index.php\/wp-json\/wp\/v2\/posts\/36211\/revisions"}],"wp:attachment":[{"href":"https:\/\/cdnoticias.com\/index.php\/wp-json\/wp\/v2\/media?parent=36211"}],"wp:term":[{"taxonomy":"category","embeddable":true,"href":"https:\/\/cdnoticias.com\/index.php\/wp-json\/wp\/v2\/categories?post=36211"},{"taxonomy":"post_tag","embeddable":true,"href":"https:\/\/cdnoticias.com\/index.php\/wp-json\/wp\/v2\/tags?post=36211"}],"curies":[{"name":"wp","href":"https:\/\/api.w.org\/{rel}","templated":true}]}}