{"id":36184,"date":"2021-10-20T20:48:59","date_gmt":"2021-10-20T23:48:59","guid":{"rendered":"http:\/\/www.centraldenoticias.com.ar\/?p=36184"},"modified":"2021-10-21T08:46:10","modified_gmt":"2021-10-21T11:46:10","slug":"montoya-carlotto-sobre-la-serie-de-netflix-una-de-las-historias-es-la-de-mi-abuela","status":"publish","type":"post","link":"https:\/\/cdnoticias.com\/index.php\/2021\/10\/20\/montoya-carlotto-sobre-la-serie-de-netflix-una-de-las-historias-es-la-de-mi-abuela\/","title":{"rendered":"Montoya Carlotto sobre la serie de Netflix: &#8220;Una de las historias es la de mi abuela&#8221;"},"content":{"rendered":"<p>Ignacio Montoya Carlotto participar\u00e1 de la nueva serie de Netlix &#8220;StoriesOfAGeneration&#8221;. Los detalles sobre la producci\u00f3n, el tema musical elegido para uno de los episodios y la importancia de Abuelas de Plaza de Mayo.<!--more--><\/p>\n<hr \/>\n<p><em>Por: Danisa Jaime<\/em><\/p>\n<p>&nbsp;<\/p>\n<p>Ignacio Montoya Carlotto participar\u00e1 en una nueva serie de Netflix Italia llamada <strong>&#8220;StoriesOfAGeneration&#8221;.<\/strong> El m\u00fasico realiz\u00f3 el anuncio oficial a trav\u00e9s de sus redes sociales aunque todav\u00eda no hay fecha de estreno ni tampoco Netflix adelant\u00f3 demasiados detalles sobre el contenido de las historias.<\/p>\n<p>&nbsp;<\/p>\n<p><em>-\u00bfC\u00f3mo es tu participaci\u00f3n en la serie de Netflix?<\/em><\/p>\n<p>Se trata de una\u00a0\u00a0serie de historias basadas en un libro del Papa Francisco, <em>&#8220;La sabidur\u00eda de los a\u00f1os&#8221;.<\/em>\u00a0Una productora italiana compr\u00f3 los derechos para hacer la serie y el concepto es muy simple: personas mayores de 80 a\u00f1os que hayan hecho alguna acci\u00f3n destacable o merecedora de ser retratada a lo largo del mundo. Es una serie que se va a estrenar en todo el mundo. Esas historias son filmadas por directores regionales menores de 30 para hacer ese cruce generacional.<strong> Una de las historias es la de mi abuela, no la m\u00eda, pero yo participo aunque no tenga que ver conmigo directamente.<\/strong> <strong>Es un reportaje a ella, sus b\u00fasquedas.<\/strong> No tengo mucha idea porque no estuve, pero si estoy en una escena. El foco esta puesto en la historia de mi abuela.<\/p>\n<p>&nbsp;<\/p>\n<p>-\u00bfC\u00f3mo llega un tema tuyo a formar parte de la serie?<\/p>\n<p>En el medio de todo esto, de cuando me sugieren hacer la participaci\u00f3n, el productor que me contact\u00f3 se pone a escuchar algunas cosas y me ofrece que participe haciendo algo de m\u00fasica y ah\u00ed arranc\u00f3 todo. <strong>Escrib\u00ed una pieza que se llama <em>\u201cLa silla vac\u00eda\u201d,<\/em> se la mostr\u00e9 les pareci\u00f3 que cuadra perfecto y seguimos avanzando, as\u00ed que esa pieza forma parte de esa banda de sonido.<\/strong><\/p>\n<p>&nbsp;<\/p>\n<p><em>-\u00bfC\u00f3mo fue la convocatoria, como la llaman a tu abuela?<\/em><\/p>\n<p>Si se hace un proyecto de este tipo, a m\u00ed me parece muy dif\u00edcil dejar afuera a la figura de la abuela, no lo digo porque es mi abuela, lo digo porque un poco he recorrido el mundo y s\u00e9 que la figura de Abuelas (no solamente de la m\u00eda) es muy poderosa. <strong>Es una figura autorizada en cuando al activismo de derechos humanos y creo, no lo s\u00e9, lo creo, que ha sido una de las primeras personas seleccionadas.<\/strong>\u00a0La historia nuestra de las Abuelas buscando a los nietos es una historia mundial.<\/p>\n<p>&nbsp;<\/p>\n<p><em>-\u00bfHace cu\u00e1nto est\u00e1 el proyecto y d\u00f3nde se va a estrenar?<\/em><\/p>\n<p>Trabajamos durante todo el a\u00f1o pasado,<strong> es una puesta que va a salir en m\u00e1s de 100 pa\u00edses.<\/strong>\u00a0No tengo fecha, no se si va a ser este a\u00f1o o al a\u00f1o que viene, supongo que debe estar todo terminado.<\/p>\n<p>&nbsp;<\/p>\n<p><img data-recalc-dims=\"1\" loading=\"lazy\" decoding=\"async\" class=\"alignnone size-full wp-image-36193\" src=\"https:\/\/i0.wp.com\/cdnoticias.com\/wp-content\/uploads\/2021\/10\/FBBCQdCVQAQyTbT.jpg?resize=800%2C450&#038;ssl=1\" alt=\"\" width=\"800\" height=\"450\" srcset=\"https:\/\/i0.wp.com\/cdnoticias.com\/wp-content\/uploads\/2021\/10\/FBBCQdCVQAQyTbT.jpg?w=1920&amp;ssl=1 1920w, https:\/\/i0.wp.com\/cdnoticias.com\/wp-content\/uploads\/2021\/10\/FBBCQdCVQAQyTbT.jpg?resize=300%2C169&amp;ssl=1 300w, https:\/\/i0.wp.com\/cdnoticias.com\/wp-content\/uploads\/2021\/10\/FBBCQdCVQAQyTbT.jpg?resize=768%2C432&amp;ssl=1 768w, https:\/\/i0.wp.com\/cdnoticias.com\/wp-content\/uploads\/2021\/10\/FBBCQdCVQAQyTbT.jpg?resize=1024%2C576&amp;ssl=1 1024w, https:\/\/i0.wp.com\/cdnoticias.com\/wp-content\/uploads\/2021\/10\/FBBCQdCVQAQyTbT.jpg?w=1600&amp;ssl=1 1600w\" sizes=\"auto, (max-width: 800px) 100vw, 800px\" \/><\/p>\n<p>&nbsp;<\/p>\n<p><em>-\u00bfQu\u00e9 se siente personalmente trabajar con esta plataforma tan instalada hoy en d\u00eda?<\/em><\/p>\n<p>La verdad me da v\u00e9rtigo. Por un lado, porque s\u00e9 el alcance que eso tiene, pero tambi\u00e9n <strong>el v\u00e9rtigo de estar haciendo algo que quiero hacer.<\/strong> Hace muchos a\u00f1os que estoy trabajando haciendo m\u00fasica para audiovisuales, tengo m\u00fasicas para pel\u00edculas que supuestamente este a\u00f1o se ten\u00edan que haber estrenado pero se retras\u00f3 por la pandemia, la m\u00fasica de un documental de Abuelas, en el cual participan Le\u00f3n Gieco, Ra\u00fal Porchetto, Gustavo Santaollala, Ricardo Mollo, es una canci\u00f3n de cierre porque el documental no tiene m\u00fasica pr\u00e1cticamente pero todav\u00eda no sali\u00f3 del circuito comercial. Tambi\u00e9n la m\u00fasica de una pel\u00edcula que se llama &#8220;Los Felices&#8221; esta en Cine.ar que ya se estren\u00f3 hace tres a\u00f1os y adem\u00e1s otras m\u00fasicas que no son muy comerciales.<\/p>\n<p>&nbsp;<\/p>\n<p><em>-\u00bfQue destac\u00e1s de esta participaci\u00f3n?<\/em><\/p>\n<p>Esto es m\u00fasica que se hace siempre ac\u00e1, en Olavarr\u00eda, con m\u00fasicos de ac\u00e1, que se produce ac\u00e1 ,se termina ac\u00e1. La m\u00fasica de Olavarr\u00eda va a terminar dando un poco la vuelta al mundo por circunstancias que por ah\u00ed no tienen que ver con la propia m\u00fasica, pero me parece lindo tambi\u00e9n mencionarlo porque en realidad yo todo esto lo puedo hacer porque tengo el material, que son los m\u00fasicos que hace muchos a\u00f1os que venimos tocando juntos y que podamos hacer propuestas de mucha calidad, que pueden subirse al ring y est\u00e1 bueno proponerlo. <strong>No es que yo lo puedo hacer, hay un medio ambiente olavarriense que est\u00e1 luchando por hacer estas cosas y que lo logra muchas veces, a m\u00ed me toca ponerle el nombre pero en realidad tiene que ver con un trabajo m\u00e1s colectivo.<\/strong><\/p>\n<p>&nbsp;<\/p>\n<p><em>-\u00bfHablaste con tu abuela de la serie?<\/em><\/p>\n<p>No hablamos para nada, no mira Netflix (risas). Nosotros hablamos con la abuela de las cosas cotidianas, de mi hija, del d\u00eda a d\u00eda y cosas muy mundanas. Ella mira otros canales. Yo estaba m\u00e1s emocionado por trabajar en esto.<\/p>\n<p>&nbsp;<\/p>\n<p><em>-Y vos&#8230; \u00bfMir\u00e1s Netflix?<\/em><\/p>\n<p>Much\u00edsimo. Miro mucho y muchas cosas. De hecho en mi Facebook personal tengo una gu\u00eda de recomendaciones que tiene muchos seguidores. Miro mucho cine de muchas plataformas, de Netflix miro por un lado esas cosas que est\u00e1n muy escondidas y que encontr\u00e1s en blogs y por otro lado miro lo primero que me aparece, lo que miran todos para divertirme.<\/p>\n<p>&nbsp;<\/p>\n<p>&nbsp;<\/p>\n","protected":false},"excerpt":{"rendered":"<p>Ignacio Montoya Carlotto participar\u00e1 de la nueva serie de Netlix &#8220;StoriesOfAGeneration&#8221;. Los detalles sobre la producci\u00f3n, el tema musical elegido<\/p>\n","protected":false},"author":6,"featured_media":36201,"comment_status":"closed","ping_status":"closed","sticky":false,"template":"","format":"standard","meta":{"_jetpack_memberships_contains_paid_content":false,"footnotes":""},"categories":[9,1],"tags":[],"class_list":["post-36184","post","type-post","status-publish","format-standard","has-post-thumbnail","hentry","category-cultura","category-portada"],"jetpack_featured_media_url":"https:\/\/i0.wp.com\/cdnoticias.com\/wp-content\/uploads\/2021\/10\/serie.jpg?fit=800%2C517&ssl=1","jetpack_sharing_enabled":true,"_links":{"self":[{"href":"https:\/\/cdnoticias.com\/index.php\/wp-json\/wp\/v2\/posts\/36184","targetHints":{"allow":["GET"]}}],"collection":[{"href":"https:\/\/cdnoticias.com\/index.php\/wp-json\/wp\/v2\/posts"}],"about":[{"href":"https:\/\/cdnoticias.com\/index.php\/wp-json\/wp\/v2\/types\/post"}],"author":[{"embeddable":true,"href":"https:\/\/cdnoticias.com\/index.php\/wp-json\/wp\/v2\/users\/6"}],"replies":[{"embeddable":true,"href":"https:\/\/cdnoticias.com\/index.php\/wp-json\/wp\/v2\/comments?post=36184"}],"version-history":[{"count":0,"href":"https:\/\/cdnoticias.com\/index.php\/wp-json\/wp\/v2\/posts\/36184\/revisions"}],"wp:featuredmedia":[{"embeddable":true,"href":"https:\/\/cdnoticias.com\/index.php\/wp-json\/wp\/v2\/media\/36201"}],"wp:attachment":[{"href":"https:\/\/cdnoticias.com\/index.php\/wp-json\/wp\/v2\/media?parent=36184"}],"wp:term":[{"taxonomy":"category","embeddable":true,"href":"https:\/\/cdnoticias.com\/index.php\/wp-json\/wp\/v2\/categories?post=36184"},{"taxonomy":"post_tag","embeddable":true,"href":"https:\/\/cdnoticias.com\/index.php\/wp-json\/wp\/v2\/tags?post=36184"}],"curies":[{"name":"wp","href":"https:\/\/api.w.org\/{rel}","templated":true}]}}