{"id":36163,"date":"2021-10-20T13:54:47","date_gmt":"2021-10-20T16:54:47","guid":{"rendered":"http:\/\/www.centraldenoticias.com.ar\/?p=36163"},"modified":"2021-10-20T13:54:47","modified_gmt":"2021-10-20T16:54:47","slug":"este-miercoles-se-celebraron-los-142-anos-de-sierras-bayas","status":"publish","type":"post","link":"https:\/\/cdnoticias.com\/index.php\/2021\/10\/20\/este-miercoles-se-celebraron-los-142-anos-de-sierras-bayas\/","title":{"rendered":"Este mi\u00e9rcoles se celebraron los 142 a\u00f1os de Sierras Bayas"},"content":{"rendered":"<p>Se resaltaron las caracter\u00edsticas del paisaje, de su gente y su rol en la generaci\u00f3n de emprendimientos y empleo. En un clima de cr\u00edtica por parte de algunos vecinos, el intendente Galli no asisti\u00f3.<!--more--><\/p>\n<hr \/>\n<p>\u201cDesde un elevado mirador imaginario y estrat\u00e9gico, la geograf\u00eda de Sierras Bayas es \u00fanica e incomparable, no s\u00f3lo ante los ojos del fan\u00e1tico pueblerino, sino tambi\u00e9n para el asombrado visitante. <strong>Es un lugar de sortilegio atrapante, sorprendente, po\u00e9tico y de extraordinarias bellezas naturales. Sierras Bayas est\u00e1 ah\u00ed<\/strong>, al alcance de quien es amante del paisaje agreste, salpicado de matices incre\u00edbles\u201d. Con esta descripci\u00f3n se iniciaba el <strong>acto protocolar por el 142 Aniversario de Sierras Bayas<\/strong>, que se llev\u00f3 a cabo en el Paseo del M\u00e1stil \u201cCarlos M\u00e9dici\u201d, que se emplaza en el acceso a la localidad en la ma\u00f1ana de este mi\u00e9rcoles.<\/p>\n<p>&nbsp;<\/p>\n<p><strong>El acto fue encabezado por los secretarios de Gobierno Hilario Galli y de Desarrollo Humano y Calidad de Vida Diego Robbiani<\/strong>, el presidente del Honorable Concejo Deliberante Bruno Cenizo, el delegado de Sierras Bayas Guillermo Rikal y dem\u00e1s funcionarios municipales, concejales, consejeros escolares y autoridades educativas.<\/p>\n<p>&nbsp;<\/p>\n<p><img data-recalc-dims=\"1\" loading=\"lazy\" decoding=\"async\" class=\"size-large wp-image-36165 aligncenter\" src=\"https:\/\/i0.wp.com\/cdnoticias.com\/wp-content\/uploads\/2021\/10\/Acto-Aniversario-Sierras-Bayas-2-scaled.jpg?resize=800%2C534&#038;ssl=1\" alt=\"\" width=\"800\" height=\"534\" srcset=\"https:\/\/i0.wp.com\/cdnoticias.com\/wp-content\/uploads\/2021\/10\/Acto-Aniversario-Sierras-Bayas-2-scaled.jpg?resize=1024%2C684&amp;ssl=1 1024w, https:\/\/i0.wp.com\/cdnoticias.com\/wp-content\/uploads\/2021\/10\/Acto-Aniversario-Sierras-Bayas-2-scaled.jpg?resize=300%2C201&amp;ssl=1 300w, https:\/\/i0.wp.com\/cdnoticias.com\/wp-content\/uploads\/2021\/10\/Acto-Aniversario-Sierras-Bayas-2-scaled.jpg?resize=768%2C513&amp;ssl=1 768w, https:\/\/i0.wp.com\/cdnoticias.com\/wp-content\/uploads\/2021\/10\/Acto-Aniversario-Sierras-Bayas-2-scaled.jpg?resize=272%2C182&amp;ssl=1 272w, https:\/\/i0.wp.com\/cdnoticias.com\/wp-content\/uploads\/2021\/10\/Acto-Aniversario-Sierras-Bayas-2-scaled.jpg?w=1600&amp;ssl=1 1600w, https:\/\/i0.wp.com\/cdnoticias.com\/wp-content\/uploads\/2021\/10\/Acto-Aniversario-Sierras-Bayas-2-scaled.jpg?w=2400&amp;ssl=1 2400w\" sizes=\"auto, (max-width: 800px) 100vw, 800px\" \/><\/p>\n<p>&nbsp;<\/p>\n<p>Tambi\u00e9n se encontraban presentes abanderados y escoltas de los establecimientos educativos de la comunidad, representantes del grupo de scouts \u201cCristo Rey\u201d, del Centro de Jubilados \u201cLos Amigos\u201d, Bomberos y Polic\u00eda.<\/p>\n<p>&nbsp;<\/p>\n<p><strong>La jornada estuvo marcada por el clima de cr\u00edtica<\/strong> que plantearon algunos vecinos de la localidad quienes manifestaron su <strong>intenci\u00f3n de dialogar con el intendente Ezequiel Galli, que finalmente no asisti\u00f3 al acto<\/strong>. <a href=\"https:\/\/cdnoticias.com\/index.php\/2021\/10\/20\/vecinos-de-sierras-bayas-a-galli-lo-invitamos-a-que-al-menos-una-vez-venga-a-escucharnos\/\" target=\"_blank\" rel=\"noopener\">Los vecinos hab\u00edan hecho p\u00fablica una carta<\/a> en las horas previas al acto en la que hicieron saber su<strong> disconformidad por la falta de avances<\/strong> en el tr\u00e1mite para que terrenos donados se destinen a la construcci\u00f3n de viviendas.<\/p>\n<p>&nbsp;<\/p>\n<p><img data-recalc-dims=\"1\" loading=\"lazy\" decoding=\"async\" class=\"size-large wp-image-36166 aligncenter\" src=\"https:\/\/i0.wp.com\/cdnoticias.com\/wp-content\/uploads\/2021\/10\/Acto-Aniversario-Sierras-Bayas-1-scaled.jpg?resize=800%2C534&#038;ssl=1\" alt=\"\" width=\"800\" height=\"534\" srcset=\"https:\/\/i0.wp.com\/cdnoticias.com\/wp-content\/uploads\/2021\/10\/Acto-Aniversario-Sierras-Bayas-1-scaled.jpg?resize=1024%2C684&amp;ssl=1 1024w, https:\/\/i0.wp.com\/cdnoticias.com\/wp-content\/uploads\/2021\/10\/Acto-Aniversario-Sierras-Bayas-1-scaled.jpg?resize=300%2C201&amp;ssl=1 300w, https:\/\/i0.wp.com\/cdnoticias.com\/wp-content\/uploads\/2021\/10\/Acto-Aniversario-Sierras-Bayas-1-scaled.jpg?resize=768%2C513&amp;ssl=1 768w, https:\/\/i0.wp.com\/cdnoticias.com\/wp-content\/uploads\/2021\/10\/Acto-Aniversario-Sierras-Bayas-1-scaled.jpg?resize=272%2C182&amp;ssl=1 272w, https:\/\/i0.wp.com\/cdnoticias.com\/wp-content\/uploads\/2021\/10\/Acto-Aniversario-Sierras-Bayas-1-scaled.jpg?w=1600&amp;ssl=1 1600w, https:\/\/i0.wp.com\/cdnoticias.com\/wp-content\/uploads\/2021\/10\/Acto-Aniversario-Sierras-Bayas-1-scaled.jpg?w=2400&amp;ssl=1 2400w\" sizes=\"auto, (max-width: 800px) 100vw, 800px\" \/><\/p>\n<p>&nbsp;<\/p>\n<p><strong>El acto<\/strong><\/p>\n<p>&nbsp;<\/p>\n<p>Tras la presentaci\u00f3n de las autoridades se entonaron las estrofas del Himno Nacional Argentino. Posteriormente <strong>se hizo referencia a la historia del pueblo<\/strong> y a la llegada de los primeros inmigrantes a un lugar que promet\u00eda trabajo, donde hicieron posible sus sue\u00f1os, impulsando a Sierras Bayas como un territorio pr\u00f3spero, donde poder criar y educar a sus hijos.\u00a0D\u00eda a d\u00eda se fue escribiendo la historia del pueblo y lo hicieron aquellos que trabajaron el suelo con simples herramientas, los que exploraron cada veta del suelo y los que veneraron el sitio como cobijo de su familia.<\/p>\n<p>&nbsp;<\/p>\n<p>Seguidamente, hizo uso de la palabra <strong>el delegado de Sierras Bayas Guillermo Rikal<\/strong>: \u201cHoy es un d\u00eda muy especial para todos los habitantes de nuestra comunidad, podemos festejar mir\u00e1ndonos a los ojos y expresando nuestro sentir\u201d.<\/p>\n<p>&nbsp;<\/p>\n<p><img data-recalc-dims=\"1\" loading=\"lazy\" decoding=\"async\" class=\"size-large wp-image-36167 aligncenter\" src=\"https:\/\/i0.wp.com\/cdnoticias.com\/wp-content\/uploads\/2021\/10\/Acto-Aniversario-Sierras-Bayas-7-scaled.jpg?resize=800%2C534&#038;ssl=1\" alt=\"\" width=\"800\" height=\"534\" srcset=\"https:\/\/i0.wp.com\/cdnoticias.com\/wp-content\/uploads\/2021\/10\/Acto-Aniversario-Sierras-Bayas-7-scaled.jpg?resize=1024%2C684&amp;ssl=1 1024w, https:\/\/i0.wp.com\/cdnoticias.com\/wp-content\/uploads\/2021\/10\/Acto-Aniversario-Sierras-Bayas-7-scaled.jpg?resize=300%2C201&amp;ssl=1 300w, https:\/\/i0.wp.com\/cdnoticias.com\/wp-content\/uploads\/2021\/10\/Acto-Aniversario-Sierras-Bayas-7-scaled.jpg?resize=768%2C513&amp;ssl=1 768w, https:\/\/i0.wp.com\/cdnoticias.com\/wp-content\/uploads\/2021\/10\/Acto-Aniversario-Sierras-Bayas-7-scaled.jpg?resize=272%2C182&amp;ssl=1 272w, https:\/\/i0.wp.com\/cdnoticias.com\/wp-content\/uploads\/2021\/10\/Acto-Aniversario-Sierras-Bayas-7-scaled.jpg?w=1600&amp;ssl=1 1600w, https:\/\/i0.wp.com\/cdnoticias.com\/wp-content\/uploads\/2021\/10\/Acto-Aniversario-Sierras-Bayas-7-scaled.jpg?w=2400&amp;ssl=1 2400w\" sizes=\"auto, (max-width: 800px) 100vw, 800px\" \/><\/p>\n<p>&nbsp;<\/p>\n<p>En la oportunidad, el delegado tambi\u00e9n mencion\u00f3 el <strong>27\u00ba Aniversario del Museo La Estaci\u00f3n de Sierras Bayas<\/strong>, que se celebra cada 20 de octubre, en coincidencia con la fundaci\u00f3n del pueblo.<\/p>\n<p>&nbsp;<\/p>\n<p>El acto continu\u00f3 con la palabra del <strong>sub oficial Sebasti\u00e1n Rikal<\/strong> y el saludo y presentaci\u00f3n de nuevos integrantes del cuerpo de Bomberos Voluntarios del Destacamento N\u00ba 2 de Sierras Bayas.<\/p>\n<p>&nbsp;<\/p>\n<p><img data-recalc-dims=\"1\" loading=\"lazy\" decoding=\"async\" class=\"size-large wp-image-36168 aligncenter\" src=\"https:\/\/i0.wp.com\/cdnoticias.com\/wp-content\/uploads\/2021\/10\/Acto-Aniversario-Sierras-Bayas-5-scaled.jpg?resize=800%2C534&#038;ssl=1\" alt=\"\" width=\"800\" height=\"534\" srcset=\"https:\/\/i0.wp.com\/cdnoticias.com\/wp-content\/uploads\/2021\/10\/Acto-Aniversario-Sierras-Bayas-5-scaled.jpg?resize=1024%2C684&amp;ssl=1 1024w, https:\/\/i0.wp.com\/cdnoticias.com\/wp-content\/uploads\/2021\/10\/Acto-Aniversario-Sierras-Bayas-5-scaled.jpg?resize=300%2C201&amp;ssl=1 300w, https:\/\/i0.wp.com\/cdnoticias.com\/wp-content\/uploads\/2021\/10\/Acto-Aniversario-Sierras-Bayas-5-scaled.jpg?resize=768%2C513&amp;ssl=1 768w, https:\/\/i0.wp.com\/cdnoticias.com\/wp-content\/uploads\/2021\/10\/Acto-Aniversario-Sierras-Bayas-5-scaled.jpg?resize=272%2C182&amp;ssl=1 272w, https:\/\/i0.wp.com\/cdnoticias.com\/wp-content\/uploads\/2021\/10\/Acto-Aniversario-Sierras-Bayas-5-scaled.jpg?w=1600&amp;ssl=1 1600w, https:\/\/i0.wp.com\/cdnoticias.com\/wp-content\/uploads\/2021\/10\/Acto-Aniversario-Sierras-Bayas-5-scaled.jpg?w=2400&amp;ssl=1 2400w\" sizes=\"auto, (max-width: 800px) 100vw, 800px\" \/><\/p>\n<p>&nbsp;<\/p>\n<p>Luego <strong>Lorena Santana<\/strong> (integrante del grupo scout Cristo Rey) ley\u00f3 un poema escrito por \u00c1ngel Quintana, quien fuera vecino de la localidad. M\u00e1s tarde, <strong>Delia Bertelli<\/strong> del Centro de Jubilados \u201cLos Amigos\u201d procedi\u00f3 a la lectura de una poes\u00eda de Matilde Catriel. Sobre el final del acto, alumnas que concurren al Centro Educativo Complementario N\u00ba 805 \u201cMatilde Catriel\u201d leyeron una breve rese\u00f1a sobre la localidad y la identidad de cada barrio.<\/p>\n<p>&nbsp;<\/p>\n<blockquote><p>Para el cierre, el secretario de Gobierno Hilario Galli expres\u00f3 que \u201cla localidad est\u00e1 realmente hermosa. Hoy es un d\u00eda de festejo, 142 a\u00f1os. El intendente Ezequiel Galli comparte y adhiere a estas palabras, pero no ha podido estar presente\u201d.<\/p><\/blockquote>\n<p>&nbsp;<\/p>\n<p>\u201cPara m\u00ed es un orgullo como vecino y funcionario. Un cumplea\u00f1os es motivo de celebraci\u00f3n. Cuando repasamos la historia de la localidad, todos la conocemos pero <strong>cuando pensamos en Sierras Bayas se me viene a la mente el trabajo<\/strong> porque Sierras Bayas es trabajo. Estamos orgullosos del progreso y emprendedurismo que hay en esta localidad. Hoy es un d\u00eda para esperanzarnos con el futuro\u201d, concluy\u00f3 Hilario Galli.<\/p>\n","protected":false},"excerpt":{"rendered":"<p>Se resaltaron las caracter\u00edsticas del paisaje, de su gente y su rol en la generaci\u00f3n de emprendimientos y empleo. En<\/p>\n","protected":false},"author":4,"featured_media":36164,"comment_status":"closed","ping_status":"closed","sticky":false,"template":"","format":"standard","meta":{"_jetpack_memberships_contains_paid_content":false,"footnotes":""},"categories":[5,1],"tags":[],"class_list":["post-36163","post","type-post","status-publish","format-standard","has-post-thumbnail","hentry","category-informacion-general","category-portada"],"jetpack_featured_media_url":"https:\/\/i0.wp.com\/cdnoticias.com\/wp-content\/uploads\/2021\/10\/Acto-Aniversario-Sierras-Bayas-4-scaled.jpg?fit=2560%2C1711&ssl=1","jetpack_sharing_enabled":true,"_links":{"self":[{"href":"https:\/\/cdnoticias.com\/index.php\/wp-json\/wp\/v2\/posts\/36163","targetHints":{"allow":["GET"]}}],"collection":[{"href":"https:\/\/cdnoticias.com\/index.php\/wp-json\/wp\/v2\/posts"}],"about":[{"href":"https:\/\/cdnoticias.com\/index.php\/wp-json\/wp\/v2\/types\/post"}],"author":[{"embeddable":true,"href":"https:\/\/cdnoticias.com\/index.php\/wp-json\/wp\/v2\/users\/4"}],"replies":[{"embeddable":true,"href":"https:\/\/cdnoticias.com\/index.php\/wp-json\/wp\/v2\/comments?post=36163"}],"version-history":[{"count":0,"href":"https:\/\/cdnoticias.com\/index.php\/wp-json\/wp\/v2\/posts\/36163\/revisions"}],"wp:featuredmedia":[{"embeddable":true,"href":"https:\/\/cdnoticias.com\/index.php\/wp-json\/wp\/v2\/media\/36164"}],"wp:attachment":[{"href":"https:\/\/cdnoticias.com\/index.php\/wp-json\/wp\/v2\/media?parent=36163"}],"wp:term":[{"taxonomy":"category","embeddable":true,"href":"https:\/\/cdnoticias.com\/index.php\/wp-json\/wp\/v2\/categories?post=36163"},{"taxonomy":"post_tag","embeddable":true,"href":"https:\/\/cdnoticias.com\/index.php\/wp-json\/wp\/v2\/tags?post=36163"}],"curies":[{"name":"wp","href":"https:\/\/api.w.org\/{rel}","templated":true}]}}