{"id":36155,"date":"2021-10-20T12:52:18","date_gmt":"2021-10-20T15:52:18","guid":{"rendered":"http:\/\/www.centraldenoticias.com.ar\/?p=36155"},"modified":"2021-10-20T16:41:09","modified_gmt":"2021-10-20T19:41:09","slug":"colonia-nievas-polemica-y-reclamo-por-la-colocacion-de-una-antena-de-telefonia","status":"publish","type":"post","link":"https:\/\/cdnoticias.com\/index.php\/2021\/10\/20\/colonia-nievas-polemica-y-reclamo-por-la-colocacion-de-una-antena-de-telefonia\/","title":{"rendered":"Colonia Nievas: pol\u00e9mica y reclamo por la colocaci\u00f3n de una antena de telefon\u00eda"},"content":{"rendered":"<p>Los vecinos se manifestaron mediante un cartel en la plaza de acceso a la localidad: \u201cno autorizamos la antena\u201d. La afectaci\u00f3n al patrimonio cultural, el impacto visual y ambiental.<!--more--><\/p>\n<hr \/>\n<p><strong>Hace poco m\u00e1s de una semana que se inici\u00f3 la construcci\u00f3n de la base y la colocaci\u00f3n de una antena de telefon\u00eda en Colonia Nievas<\/strong>. La obra, que tom\u00f3 por sorpresa a los vecinos de localidad, gener\u00f3 el <strong>rechazo inmediato<\/strong> de la mayor\u00eda de ellos.<\/p>\n<p>&nbsp;<\/p>\n<blockquote><p>Inicialmente la queja corri\u00f3 de manera interna, en la charla entre vecinos, pero ahora tom\u00f3 estado p\u00fablico: en la plaza de acceso colocaron un cartel donde se expuso \u201clos vecinos de Nievas no autorizamos la antena\u201d con un pedido de apoyo.<\/p><\/blockquote>\n<p>&nbsp;<\/p>\n<p><strong>Central de Noticias<\/strong> pudo saber que se trata de una <strong>antena de la empresa Telecom-Personal, la cual alquil\u00f3 un predio<\/strong> <strong>ubicado a pocos metros de la iglesia San Miguel Arc\u00e1ngel<\/strong> y de la plaza central de la localidad. Y all\u00ed reside justamente un aspecto clave del reclamo de los vecinos.<\/p>\n<p>&nbsp;<\/p>\n<p>En tanto, cabe se\u00f1alar que este tipo de instalaciones requiere <strong>autorizaci\u00f3n por parte del Enacom (Ente Nacional de Comunicaciones)<\/strong> a nivel nacional, de la Provincia de Buenos Aires y del Municipio de Olavarr\u00eda. Y en este punto surgi\u00f3 otra de las quejas desde la localidad.<\/p>\n<p>&nbsp;<\/p>\n<p><img data-recalc-dims=\"1\" loading=\"lazy\" decoding=\"async\" class=\"size-full wp-image-36159 aligncenter\" src=\"https:\/\/i0.wp.com\/cdnoticias.com\/wp-content\/uploads\/2021\/10\/antena-colonia-nievas-01.jpg?resize=800%2C445&#038;ssl=1\" alt=\"\" width=\"800\" height=\"445\" srcset=\"https:\/\/i0.wp.com\/cdnoticias.com\/wp-content\/uploads\/2021\/10\/antena-colonia-nievas-01.jpg?w=800&amp;ssl=1 800w, https:\/\/i0.wp.com\/cdnoticias.com\/wp-content\/uploads\/2021\/10\/antena-colonia-nievas-01.jpg?resize=300%2C167&amp;ssl=1 300w, https:\/\/i0.wp.com\/cdnoticias.com\/wp-content\/uploads\/2021\/10\/antena-colonia-nievas-01.jpg?resize=768%2C427&amp;ssl=1 768w\" sizes=\"auto, (max-width: 800px) 100vw, 800px\" \/><\/p>\n<p>&nbsp;<\/p>\n<p><strong>La antena ya est\u00e1 en plena instalaci\u00f3n<\/strong>. En los primeros d\u00edas de trabajo de los operarios se construy\u00f3 la base y ya sum\u00f3 <strong>unos 20 metros de altura<\/strong>. La proyecci\u00f3n es que llegue a los 45 metros en total.<\/p>\n<p>&nbsp;<\/p>\n<p>Por estos d\u00edas hay mucho movimiento en Nievas donde, en general, el mensaje que se trasmite es de preocupaci\u00f3n. <strong>Se pudo saber que analizan distintos canales de para impulsar formalmente un reclamo.<\/strong><\/p>\n<p>&nbsp;<\/p>\n<p><strong>Impacto visual<\/strong><\/p>\n<p>&nbsp;<\/p>\n<p>Ante la consulta en estricto off con algunos vecinos, expusieron distintos aspectos por los cuales rechazaron la ubicaci\u00f3n de esta antena. El primero es el <strong>impacto visual<\/strong> y se vincula con el proyecto compartido de dar impulso al turismo en Colonia Nievas. Es que, evidentemente, <strong>la colocaci\u00f3n de una antena detr\u00e1s de la capilla \u201cafea\u201d el paisaje<\/strong>.<\/p>\n<p>&nbsp;<\/p>\n<p>A esto sumaron un argumento legal acerca de d\u00f3nde pueden colocarse este tipo de equipos. <strong>La iglesia fue declarada patrimonio hist\u00f3rico cultural por la Municipalidad<\/strong> mediante la ordenanza 4126 de 2017.<\/p>\n<p>&nbsp;<\/p>\n<p><img data-recalc-dims=\"1\" loading=\"lazy\" decoding=\"async\" class=\"aligncenter wp-image-36160\" src=\"https:\/\/i0.wp.com\/cdnoticias.com\/wp-content\/uploads\/2021\/10\/antena-colonia-nievas-02.jpg?resize=500%2C483&#038;ssl=1\" alt=\"\" width=\"500\" height=\"483\" srcset=\"https:\/\/i0.wp.com\/cdnoticias.com\/wp-content\/uploads\/2021\/10\/antena-colonia-nievas-02.jpg?w=800&amp;ssl=1 800w, https:\/\/i0.wp.com\/cdnoticias.com\/wp-content\/uploads\/2021\/10\/antena-colonia-nievas-02.jpg?resize=300%2C290&amp;ssl=1 300w, https:\/\/i0.wp.com\/cdnoticias.com\/wp-content\/uploads\/2021\/10\/antena-colonia-nievas-02.jpg?resize=768%2C741&amp;ssl=1 768w\" sizes=\"auto, (max-width: 500px) 100vw, 500px\" \/><\/p>\n<p>&nbsp;<\/p>\n<p>En la <strong>ordenanza 3.153\/08<\/strong>, mediante la que se regula la colocaci\u00f3n de antenas en Olavarr\u00eda, se establecieron distintas prohibiciones y varias de ellas pueden encuadrar en este caso.\u00a0<strong>Entre los lugares prohibidos se cuentan \u201cinmuebles ubicados frente a plazas\u201d e \u201cinmuebles de valor patrimonial cultural o hist\u00f3rico\u201d<\/strong>. En rigor, la antena est\u00e1 ubicada sobre un predio privado, pero justamente est\u00e1 a pocos metros de estos espacios, y eso tambi\u00e9n est\u00e1 contemplado en la ordenanza.<\/p>\n<p>&nbsp;<\/p>\n<blockquote><p>\u201cNo podr\u00e1n instalarse antenas en la zona de patrimonio arquitect\u00f3nico\u201d se determin\u00f3 en otro art\u00edculo donde se aclara adem\u00e1s que se puede considerar una excepci\u00f3n siempre que \u201cla empresa presente estudios que demuestren la necesidad de adopci\u00f3n de la localizaci\u00f3n propuesta y su justificaci\u00f3n para la no disponibilidad de sitios alternativos, necesidad de cobertura de servicio, etc\u201d. En un sector rural como Colonia Nievas, que no haya sitios alternativos al elegido no parece posible.<\/p><\/blockquote>\n<p>&nbsp;<\/p>\n<p>Y en este punto bien vale recordar un detalle: este a\u00f1o la Sociedad de Fomento de Colonia Nievas hab\u00eda presentado un proyecto en el Concejo Deliberante para crear la \u201cPlaza Juan Naviliat\u201d en el predio circundante a la iglesia San Miguel Arc\u00e1ngel. Pero la iniciativa fue modificada en el tr\u00e1mite legislativo: desde el oficialismo se argument\u00f3 que <strong>por aspectos t\u00e9cnicos vinculados las \u201ccaracter\u00edsticas dominiales\u201d no pod\u00eda ser una \u201cplaza\u201d y, en cambio, se habilit\u00f3 como \u201cpaseo\u201d<\/strong>, <a href=\"https:\/\/cdnoticias.com\/index.php\/2021\/06\/10\/se-creo-el-paseo-juan-naviliat-en-colonia-nievas\/\" target=\"_blank\" rel=\"noopener\">lo cual se aprob\u00f3 en junio pasado<\/a>.<\/p>\n<p>&nbsp;<\/p>\n<p><img data-recalc-dims=\"1\" loading=\"lazy\" decoding=\"async\" class=\"aligncenter wp-image-36161 size-full\" src=\"https:\/\/i0.wp.com\/cdnoticias.com\/wp-content\/uploads\/2021\/10\/antena-colonia-nievas-03.jpg?resize=500%2C667&#038;ssl=1\" alt=\"\" width=\"500\" height=\"667\" srcset=\"https:\/\/i0.wp.com\/cdnoticias.com\/wp-content\/uploads\/2021\/10\/antena-colonia-nievas-03.jpg?w=500&amp;ssl=1 500w, https:\/\/i0.wp.com\/cdnoticias.com\/wp-content\/uploads\/2021\/10\/antena-colonia-nievas-03.jpg?resize=225%2C300&amp;ssl=1 225w\" sizes=\"auto, (max-width: 500px) 100vw, 500px\" \/><\/p>\n<p>&nbsp;<\/p>\n<p><strong>Otros reclamos y quejas<\/strong><\/p>\n<p>&nbsp;<\/p>\n<p>Asimismo, hubo planteos de los vecinos en contacto con este medio por el <strong>\u201cimpacto ambiental\u201d<\/strong> de este tipo de equipos, e incluso expusieron algunos prejuicios vinculados con efectos en la salud.<\/p>\n<p>&nbsp;<\/p>\n<p>Por \u00faltimo, sumaron otro aspecto a sus quejas: el consumo el\u00e9ctrico que supone la antena. En este sentido, hicieron referencia a que actualmente en Nievas sufren <strong>\u201cmuchos cortes de luz\u201d<\/strong> y explicaron que se debe a que <strong>la provisi\u00f3n de energ\u00eda por parte de Coopelectric \u201cno es acorde a la demanda\u201d<\/strong>. La preocupaci\u00f3n pas\u00f3 por saber si la cooperativa de electricidad iba a mejorar la prestaci\u00f3n para atender este nuevo consumo.<\/p>\n<p>&nbsp;<\/p>\n<p>En paralelo se not\u00f3 <strong>cierta decepci\u00f3n con la gesti\u00f3n municipal<\/strong>. Los vecinos entienden que este tipo de medidas y obras se gestionan y habilitan a nivel nacional, pero no dejaron de se\u00f1alar que <strong>desde el Municipio \u201cnadie nos avis\u00f3\u201d<\/strong>, a\u00fan cuando \u201ccomparten\u201d el proyecto de impulso al turismo que desde Colonia Nievas pretenden volver una realidad.<\/p>\n","protected":false},"excerpt":{"rendered":"<p>Los vecinos se manifestaron mediante un cartel en la plaza de acceso a la localidad: \u201cno autorizamos la antena\u201d. La<\/p>\n","protected":false},"author":4,"featured_media":36158,"comment_status":"closed","ping_status":"closed","sticky":false,"template":"","format":"standard","meta":{"_jetpack_memberships_contains_paid_content":false,"footnotes":""},"categories":[5,1],"tags":[],"class_list":["post-36155","post","type-post","status-publish","format-standard","has-post-thumbnail","hentry","category-informacion-general","category-portada"],"jetpack_featured_media_url":"https:\/\/i0.wp.com\/cdnoticias.com\/wp-content\/uploads\/2021\/10\/antena-colonia-nievas-00.jpg?fit=800%2C445&ssl=1","jetpack_sharing_enabled":true,"_links":{"self":[{"href":"https:\/\/cdnoticias.com\/index.php\/wp-json\/wp\/v2\/posts\/36155","targetHints":{"allow":["GET"]}}],"collection":[{"href":"https:\/\/cdnoticias.com\/index.php\/wp-json\/wp\/v2\/posts"}],"about":[{"href":"https:\/\/cdnoticias.com\/index.php\/wp-json\/wp\/v2\/types\/post"}],"author":[{"embeddable":true,"href":"https:\/\/cdnoticias.com\/index.php\/wp-json\/wp\/v2\/users\/4"}],"replies":[{"embeddable":true,"href":"https:\/\/cdnoticias.com\/index.php\/wp-json\/wp\/v2\/comments?post=36155"}],"version-history":[{"count":0,"href":"https:\/\/cdnoticias.com\/index.php\/wp-json\/wp\/v2\/posts\/36155\/revisions"}],"wp:featuredmedia":[{"embeddable":true,"href":"https:\/\/cdnoticias.com\/index.php\/wp-json\/wp\/v2\/media\/36158"}],"wp:attachment":[{"href":"https:\/\/cdnoticias.com\/index.php\/wp-json\/wp\/v2\/media?parent=36155"}],"wp:term":[{"taxonomy":"category","embeddable":true,"href":"https:\/\/cdnoticias.com\/index.php\/wp-json\/wp\/v2\/categories?post=36155"},{"taxonomy":"post_tag","embeddable":true,"href":"https:\/\/cdnoticias.com\/index.php\/wp-json\/wp\/v2\/tags?post=36155"}],"curies":[{"name":"wp","href":"https:\/\/api.w.org\/{rel}","templated":true}]}}