{"id":36154,"date":"2021-10-20T12:46:41","date_gmt":"2021-10-20T15:46:41","guid":{"rendered":"http:\/\/www.centraldenoticias.com.ar\/?p=36154"},"modified":"2021-10-20T12:46:41","modified_gmt":"2021-10-20T15:46:41","slug":"este-sabado-sera-el-festival-cultural-y-competencia-de-freestyle","status":"publish","type":"post","link":"https:\/\/cdnoticias.com\/index.php\/2021\/10\/20\/este-sabado-sera-el-festival-cultural-y-competencia-de-freestyle\/","title":{"rendered":"Este s\u00e1bado ser\u00e1 el Festival Cultural y competencia de Freestyle"},"content":{"rendered":"<p>Ser\u00e1 desde las 14:00 horas en la plaza Luj\u00e1n, en \u00c1lvaro Barros entre Urquiza y Dean Funes. Es una instancia pre-distrital y el premio ser\u00e1 grabar un tema en un estudio profesional.\u00a0<!--more--><\/p>\n<hr \/>\n<p>Desde<strong> La Yumba y Olavarr\u00eda HH se organiza un festival cultural este s\u00e1bado que tendr\u00e1, entre otras actividades, una competencia de Freestyle en su instancia pre-distrital.<\/strong><\/p>\n<p>&nbsp;<\/p>\n<blockquote><p>Ser\u00e1 desde las 14:00 horas en la plaza Luj\u00e1n ubicada en \u00c1lvaro Barros entre Urquiza y Dean Funes.<\/p><\/blockquote>\n<p>&nbsp;<\/p>\n<p>La competencia de freestyle se caracteriza por ser pre-distrital, es decir que<strong> el o la ganadora pasar\u00e1 a rondas provinciales y quienes clasifiquen competir\u00e1n en instancias nacionales para obtener el premio mayor: grabar un tema en un estudio profesional.<\/strong><\/p>\n<p>&nbsp;<\/p>\n<blockquote><p>Todas las personas interesadas en participar podr\u00e1n enviar un mensaje privado por las redes sociales de La Yumba: en <a href=\"https:\/\/www.facebook.com\/Layumba.espaciocutural\" target=\"_blank\" rel=\"noopener\">Facebook como La Yumba espacio cultural<\/a> y en<a href=\"https:\/\/www.instagram.com\/layumba\/?hl=es\" target=\"_blank\" rel=\"noopener\"> Instagram @LaYumba.<\/a><\/p><\/blockquote>\n<p>&nbsp;<\/p>\n<p>Adem\u00e1s, habr\u00e1 artistas locales, feriantes y servicio de cantina.<\/p>\n","protected":false},"excerpt":{"rendered":"<p>Ser\u00e1 desde las 14:00 horas en la plaza Luj\u00e1n, en \u00c1lvaro Barros entre Urquiza y Dean Funes. Es una instancia<\/p>\n","protected":false},"author":2,"featured_media":36156,"comment_status":"closed","ping_status":"closed","sticky":false,"template":"","format":"standard","meta":{"_jetpack_memberships_contains_paid_content":false,"footnotes":""},"categories":[9,1],"tags":[],"class_list":["post-36154","post","type-post","status-publish","format-standard","has-post-thumbnail","hentry","category-cultura","category-portada"],"jetpack_featured_media_url":"https:\/\/i0.wp.com\/cdnoticias.com\/wp-content\/uploads\/2021\/10\/WhatsApp-Image-2021-10-19-at-10.32.40.jpeg?fit=1080%2C1080&ssl=1","jetpack_sharing_enabled":true,"_links":{"self":[{"href":"https:\/\/cdnoticias.com\/index.php\/wp-json\/wp\/v2\/posts\/36154","targetHints":{"allow":["GET"]}}],"collection":[{"href":"https:\/\/cdnoticias.com\/index.php\/wp-json\/wp\/v2\/posts"}],"about":[{"href":"https:\/\/cdnoticias.com\/index.php\/wp-json\/wp\/v2\/types\/post"}],"author":[{"embeddable":true,"href":"https:\/\/cdnoticias.com\/index.php\/wp-json\/wp\/v2\/users\/2"}],"replies":[{"embeddable":true,"href":"https:\/\/cdnoticias.com\/index.php\/wp-json\/wp\/v2\/comments?post=36154"}],"version-history":[{"count":0,"href":"https:\/\/cdnoticias.com\/index.php\/wp-json\/wp\/v2\/posts\/36154\/revisions"}],"wp:featuredmedia":[{"embeddable":true,"href":"https:\/\/cdnoticias.com\/index.php\/wp-json\/wp\/v2\/media\/36156"}],"wp:attachment":[{"href":"https:\/\/cdnoticias.com\/index.php\/wp-json\/wp\/v2\/media?parent=36154"}],"wp:term":[{"taxonomy":"category","embeddable":true,"href":"https:\/\/cdnoticias.com\/index.php\/wp-json\/wp\/v2\/categories?post=36154"},{"taxonomy":"post_tag","embeddable":true,"href":"https:\/\/cdnoticias.com\/index.php\/wp-json\/wp\/v2\/tags?post=36154"}],"curies":[{"name":"wp","href":"https:\/\/api.w.org\/{rel}","templated":true}]}}