{"id":36128,"date":"2021-10-20T09:22:53","date_gmt":"2021-10-20T12:22:53","guid":{"rendered":"http:\/\/www.centraldenoticias.com.ar\/?p=36128"},"modified":"2021-10-20T09:22:53","modified_gmt":"2021-10-20T12:22:53","slug":"vecinos-de-sierras-bayas-a-galli-lo-invitamos-a-que-al-menos-una-vez-venga-a-escucharnos","status":"publish","type":"post","link":"https:\/\/cdnoticias.com\/index.php\/2021\/10\/20\/vecinos-de-sierras-bayas-a-galli-lo-invitamos-a-que-al-menos-una-vez-venga-a-escucharnos\/","title":{"rendered":"Vecinos de Sierras Bayas a Galli: \u201cLo invitamos a que, al menos una vez, venga a escucharnos\u201d"},"content":{"rendered":"<p>En el marco del aniversario de la localidad, vecinos autoconvocados del barrio ETA ironizaron con reclamos hist\u00f3ricos y \u201cdispensaron\u201d al Intendente de desmentir sus dichos.\u00a0<!--more--><\/p>\n<hr \/>\n<p>En una <strong>carta p\u00fablica dirigida al Intendente Municipal, vecinos autoconvocados de Sierras Bayas criticaron la situaci\u00f3n de la localidad y \u201cdispensaron\u201d a Ezequiel Galli a desmentir sus dichos y se\u00f1alar que los vecinos \u201cnunca est\u00e1n conformes\u201d.<\/strong><\/p>\n<p>&nbsp;<\/p>\n<p>En primera instancia se\u00f1alaron estar <em>\u201cfelices\u201d<\/em> por festejar 142 a\u00f1os desde su fundaci\u00f3n, <em>\u201cconformado por miles de historias de personas del mundo entero que hicieron que hoy nos sintamos inmensamente agradecidos por su abnegaci\u00f3n, voluntad, resistencia y compromiso incondicional. Esas vidas se congregaron en este lugar para construir su porvenir y el de sus descendientes, por ellos y por todos aquellos que eligen este pueblo como parte de su proyecto\u201d.<\/em><\/p>\n<p>&nbsp;<\/p>\n<blockquote><p>\u201cSierrabayanses, en este d\u00eda no hay lugar para quejas. Solo para agradecimientos\u201d y destacaron<em> \u201ccada necesidad satisfecha; cada demanda escuchada; cada reconocimiento recibido; cada proyecto realizado; el confort, las garant\u00edas y el bienestar del que podemos disfrutar d\u00eda a d\u00eda\u201d.<\/em><\/p><\/blockquote>\n<p>&nbsp;<\/p>\n<p>Y si bien se\u00f1alaron que todos los agradecimientos son \u201cgenuinos\u201d son<strong><em> \u201ca pesar de que muchas familias no cuenten con servicio regular de agua en sus domicilios varios meses al a\u00f1o. Genuinos a pesar de no tener traslados garantizados que permitan el acceso a otras comunidades y a la ciudad de Olavarr\u00eda para elegir un trabajo o una oportunidad de otra naturaleza\u201d.<\/em><\/strong><\/p>\n<p>&nbsp;<\/p>\n<p>Y siguieron con la cr\u00edtica ir\u00f3nica:<em> \u201cgenuinos a pesar de carecer de un servicio de salud acorde a nuestras necesidades y depender, casi indefectiblemente, de un servicio de salud a 15 km de Sierras Bayas. Genuino a pesar de no ser considerados en un proyecto de pavimentaci\u00f3n al menos que se genere un excedente en la ciudad. Genuinos a pesar de que no seamos invitados, siquiera a conversar sobre la posibilidad, o no, de construir una red cloacal. Genuinos a pesar todo ello y de todos los pesar de los pesares\u201d.<\/em><\/p>\n<p>&nbsp;<\/p>\n<p>En continuaci\u00f3n de la iron\u00eda, los vecinos dejaron en claro que los agradecimientos &#8220;son genuinos&#8221; y las quejas<em> &#8220;no son quejas ni exigencias, por lo que<strong> lo dispensamos a usted, se\u00f1or Intendente, de tener que dar cuenta de que muchas de las cosas que no poseemos son solo relato de una comunidad que nunca est\u00e1 conforme, como suele decirse, o desmentir nuestros dichos enumerando todas las cosas que s\u00ed se hacen, ya que eso sonar\u00eda a discurso electoral y le restar\u00eda energ\u00eda para responder, esta vez s\u00ed, al pedido de informe que le realiz\u00e1ramos el 1 de octubre en relaci\u00f3n al expediente vinculado de la cesi\u00f3n de lotes con servicios en los terrenos cedidos por ETA S.A. al Municipio y del cual, a la fecha, solo hemos recibido indiferencia<\/strong>\u201d.<\/em><\/p>\n<p>&nbsp;<\/p>\n<p>Finalmente,<strong> agradecieron<em> \u201canticipadamente\u201d<\/em> los buenos deseos que el Intendente <em>\u201ces probable, enviar\u00e1 por las redes sociales a esta comunidad cumplea\u00f1era<\/em><\/strong><em><strong> y lo invitamos a que, al menos una vez venga a escucharnos<\/strong>, ya que nuestras necesidades superan el magro presupuesto que destin\u00f3 a la construcci\u00f3n de la bicisenda que, seguramente, va a inaugurar antes de las pr\u00f3ximas elecciones\u201d.<\/em><\/p>\n","protected":false},"excerpt":{"rendered":"<p>En el marco del aniversario de la localidad, vecinos autoconvocados del barrio ETA ironizaron con reclamos hist\u00f3ricos y \u201cdispensaron\u201d al<\/p>\n","protected":false},"author":2,"featured_media":34415,"comment_status":"closed","ping_status":"closed","sticky":false,"template":"","format":"standard","meta":{"_jetpack_memberships_contains_paid_content":false,"footnotes":""},"categories":[5,1],"tags":[],"class_list":["post-36128","post","type-post","status-publish","format-standard","has-post-thumbnail","hentry","category-informacion-general","category-portada"],"jetpack_featured_media_url":"https:\/\/i0.wp.com\/cdnoticias.com\/wp-content\/uploads\/2021\/10\/eta-sierras-bayas.jpg?fit=1024%2C576&ssl=1","jetpack_sharing_enabled":true,"_links":{"self":[{"href":"https:\/\/cdnoticias.com\/index.php\/wp-json\/wp\/v2\/posts\/36128","targetHints":{"allow":["GET"]}}],"collection":[{"href":"https:\/\/cdnoticias.com\/index.php\/wp-json\/wp\/v2\/posts"}],"about":[{"href":"https:\/\/cdnoticias.com\/index.php\/wp-json\/wp\/v2\/types\/post"}],"author":[{"embeddable":true,"href":"https:\/\/cdnoticias.com\/index.php\/wp-json\/wp\/v2\/users\/2"}],"replies":[{"embeddable":true,"href":"https:\/\/cdnoticias.com\/index.php\/wp-json\/wp\/v2\/comments?post=36128"}],"version-history":[{"count":0,"href":"https:\/\/cdnoticias.com\/index.php\/wp-json\/wp\/v2\/posts\/36128\/revisions"}],"wp:featuredmedia":[{"embeddable":true,"href":"https:\/\/cdnoticias.com\/index.php\/wp-json\/wp\/v2\/media\/34415"}],"wp:attachment":[{"href":"https:\/\/cdnoticias.com\/index.php\/wp-json\/wp\/v2\/media?parent=36128"}],"wp:term":[{"taxonomy":"category","embeddable":true,"href":"https:\/\/cdnoticias.com\/index.php\/wp-json\/wp\/v2\/categories?post=36128"},{"taxonomy":"post_tag","embeddable":true,"href":"https:\/\/cdnoticias.com\/index.php\/wp-json\/wp\/v2\/tags?post=36128"}],"curies":[{"name":"wp","href":"https:\/\/api.w.org\/{rel}","templated":true}]}}