{"id":36106,"date":"2021-10-19T20:23:18","date_gmt":"2021-10-19T23:23:18","guid":{"rendered":"http:\/\/www.centraldenoticias.com.ar\/?p=36106"},"modified":"2021-10-19T20:26:07","modified_gmt":"2021-10-19T23:26:07","slug":"la-historia-de-ignacio-montoya-carlotto-en-una-serie-de-netflix","status":"publish","type":"post","link":"https:\/\/cdnoticias.com\/index.php\/2021\/10\/19\/la-historia-de-ignacio-montoya-carlotto-en-una-serie-de-netflix\/","title":{"rendered":"La historia de Ignacio Montoya Carlotto en una serie de Netflix"},"content":{"rendered":"<p>El nieto recuperado y artista olavarriense hizo el anuncio a trav\u00e9s de las redes sociales. <strong>Todos los detalles<\/strong>.<!--more--><\/p>\n<hr \/>\n<p>En la tarde de este martes el nieto recuperado y artista olavarriense<strong> Ignacio Montoya Carlotto revel\u00f3 que su historia ser\u00e1 abordada en una serie pr\u00f3xima a estrenar en Netflix<\/strong>, la plataforma de contenidos audiovisuales m\u00e1s reconocida del planeta.<\/p>\n<p>&nbsp;<\/p>\n<p><strong>\u201cCon mucha alegr\u00eda les cuento que se est\u00e1 por estrenar en Netflix la serie documental #StoriesOfAGeneration, una producci\u00f3n italiana sobre dieciocho historias generacionales\u201d<\/strong>, public\u00f3 a trav\u00e9s de las redes sociales, citando una publicaci\u00f3n de la cuenta oficial de Netflix Italia.<\/p>\n<p>&nbsp;<\/p>\n<blockquote class=\"twitter-tweet\" data-width=\"550\" data-dnt=\"true\">\n<p lang=\"es\" dir=\"ltr\">Con mucha alegr\u00eda les cuento que se est\u00e1 por estrenar en Netflix la serie documental\u00a0<a href=\"https:\/\/twitter.com\/hashtag\/StoriesOfAGeneration?src=hash&amp;ref_src=twsrc%5Etfw\">#StoriesOfAGeneration<\/a>, una producci\u00f3n italiana sobre dieciocho historias generacionales. <a href=\"https:\/\/t.co\/djSp7pwvLU\">https:\/\/t.co\/djSp7pwvLU<\/a><\/p>\n<p>&mdash; Ignacio Montoya Carlotto (@montoyacarlotto) <a href=\"https:\/\/twitter.com\/montoyacarlotto\/status\/1450597923700494337?ref_src=twsrc%5Etfw\">October 19, 2021<\/a><\/p><\/blockquote>\n<p><script async src=\"https:\/\/platform.twitter.com\/widgets.js\" charset=\"utf-8\"><\/script><\/p>\n<p>&nbsp;<\/p>\n<p><strong>\u201c18 historias generacionales contadas por j\u00f3venes cineastas.#StoriesOfAGeneration , la nueva serie documental de Netflix con la extraordinaria presencia del Papa Francisco, presentada en estreno mundial en el Festival de Cine de Roma\u201d<\/strong>, fue lo que se public\u00f3 d\u00edas atr\u00e1s en la cuenta oficial de Netflix Italia, donde puede verse precisamente al olavarriense en una de las im\u00e1genes.<\/p>\n<p>&nbsp;<\/p>\n<p>Montoya Carlotto a\u00f1adi\u00f3 que <strong>\u201cparte de la banda sonora\u00a0 de uno de los cap\u00edtulos contiene &#8220;La silla vac\u00eda&#8221;, m\u00fasica que compuse y que interpretamos junto a mi querido amigo Valent\u00edn Reiners en guitarra\u201d<\/strong>. El estreno de la serie ser\u00eda a fines de a\u00f1o, pero resta conocer cu\u00e1ndo estar\u00e1 disponible para la Argentina.<\/p>\n","protected":false},"excerpt":{"rendered":"<p>El nieto recuperado y artista olavarriense hizo el anuncio a trav\u00e9s de las redes sociales. Todos los detalles.<\/p>\n","protected":false},"author":3,"featured_media":36107,"comment_status":"closed","ping_status":"closed","sticky":false,"template":"","format":"standard","meta":{"_jetpack_memberships_contains_paid_content":false,"footnotes":""},"categories":[9,1],"tags":[],"class_list":["post-36106","post","type-post","status-publish","format-standard","has-post-thumbnail","hentry","category-cultura","category-portada"],"jetpack_featured_media_url":"https:\/\/i0.wp.com\/cdnoticias.com\/wp-content\/uploads\/2021\/10\/pacho.jpg?fit=800%2C445&ssl=1","jetpack_sharing_enabled":true,"_links":{"self":[{"href":"https:\/\/cdnoticias.com\/index.php\/wp-json\/wp\/v2\/posts\/36106","targetHints":{"allow":["GET"]}}],"collection":[{"href":"https:\/\/cdnoticias.com\/index.php\/wp-json\/wp\/v2\/posts"}],"about":[{"href":"https:\/\/cdnoticias.com\/index.php\/wp-json\/wp\/v2\/types\/post"}],"author":[{"embeddable":true,"href":"https:\/\/cdnoticias.com\/index.php\/wp-json\/wp\/v2\/users\/3"}],"replies":[{"embeddable":true,"href":"https:\/\/cdnoticias.com\/index.php\/wp-json\/wp\/v2\/comments?post=36106"}],"version-history":[{"count":0,"href":"https:\/\/cdnoticias.com\/index.php\/wp-json\/wp\/v2\/posts\/36106\/revisions"}],"wp:featuredmedia":[{"embeddable":true,"href":"https:\/\/cdnoticias.com\/index.php\/wp-json\/wp\/v2\/media\/36107"}],"wp:attachment":[{"href":"https:\/\/cdnoticias.com\/index.php\/wp-json\/wp\/v2\/media?parent=36106"}],"wp:term":[{"taxonomy":"category","embeddable":true,"href":"https:\/\/cdnoticias.com\/index.php\/wp-json\/wp\/v2\/categories?post=36106"},{"taxonomy":"post_tag","embeddable":true,"href":"https:\/\/cdnoticias.com\/index.php\/wp-json\/wp\/v2\/tags?post=36106"}],"curies":[{"name":"wp","href":"https:\/\/api.w.org\/{rel}","templated":true}]}}