{"id":36090,"date":"2021-10-20T08:31:12","date_gmt":"2021-10-20T11:31:12","guid":{"rendered":"http:\/\/www.centraldenoticias.com.ar\/?p=36090"},"modified":"2021-10-20T08:31:12","modified_gmt":"2021-10-20T11:31:12","slug":"artistas-olavarrienses-en-el-primer-festival-nacional-de-estatuas-vivientes-de-mar-del-plata","status":"publish","type":"post","link":"https:\/\/cdnoticias.com\/index.php\/2021\/10\/20\/artistas-olavarrienses-en-el-primer-festival-nacional-de-estatuas-vivientes-de-mar-del-plata\/","title":{"rendered":"Artistas olavarrienses en el Primer Festival Nacional de Estatuas Vivientes de Mar del Plata"},"content":{"rendered":"<p>Participaron Mar\u00eda In\u00e9s Banegas, Eugenio Mitre y Trinidad Vailati quienes representaron a nuestra ciudad con distintos personajes.<!--more--><\/p>\n<hr \/>\n<p>Durante los d\u00edas s\u00e1bado 9 y domingo 10 de Octubre del 2021 se desarroll\u00f3 en la ciudad de Mar del Plata el <strong>primer Festival Nacional de Estatuas Vivientes.<\/strong> El evento cont\u00f3 con la participaci\u00f3n de tres artistas olavarrienses.<\/p>\n<p>&nbsp;<\/p>\n<p><strong>Mar\u00eda In\u00e9s Banegas<\/strong> particip\u00f3 con \u201cla pirata\u201d y \u201cla condensa\u201d; por su parte,<strong> Eugenio Mitre<\/strong> lo hizo con \u201cIndio Solari\u201d y \u201cMathama Gandhi\u201d; adem\u00e1s, <strong>Trinidad Vailati<\/strong> llev\u00f3 a \u201cla enfermera\u201d.<\/p>\n<p>&nbsp;<\/p>\n<p>Formaron parte del encuentro<strong> 22 estatuas de todo el pa\u00eds<\/strong> que expusieron su arte en la peatonal de la Calle San Mart\u00edn y sobre la Plaza del Agua ubicada en calle G\u00fcemes.<\/p>\n<p>&nbsp;<\/p>\n<p>Adem\u00e1s, se realizaron charlas y foros abiertos al p\u00fablico, como es el caso del foro sobre arte en espacios p\u00fablicos con perspectiva de g\u00e9nero.<\/p>\n","protected":false},"excerpt":{"rendered":"<p>Participaron Mar\u00eda In\u00e9s Banegas, Eugenio Mitre y Trinidad Vailati quienes representaron a nuestra ciudad con distintos personajes.<\/p>\n","protected":false},"author":5,"featured_media":36100,"comment_status":"closed","ping_status":"closed","sticky":false,"template":"","format":"standard","meta":{"_jetpack_memberships_contains_paid_content":false,"footnotes":""},"categories":[9,1],"tags":[],"class_list":["post-36090","post","type-post","status-publish","format-standard","has-post-thumbnail","hentry","category-cultura","category-portada"],"jetpack_featured_media_url":"https:\/\/i0.wp.com\/cdnoticias.com\/wp-content\/uploads\/2021\/10\/245201348_10216578451248679_1387848744928230449_n.jpg?fit=960%2C720&ssl=1","jetpack_sharing_enabled":true,"_links":{"self":[{"href":"https:\/\/cdnoticias.com\/index.php\/wp-json\/wp\/v2\/posts\/36090","targetHints":{"allow":["GET"]}}],"collection":[{"href":"https:\/\/cdnoticias.com\/index.php\/wp-json\/wp\/v2\/posts"}],"about":[{"href":"https:\/\/cdnoticias.com\/index.php\/wp-json\/wp\/v2\/types\/post"}],"author":[{"embeddable":true,"href":"https:\/\/cdnoticias.com\/index.php\/wp-json\/wp\/v2\/users\/5"}],"replies":[{"embeddable":true,"href":"https:\/\/cdnoticias.com\/index.php\/wp-json\/wp\/v2\/comments?post=36090"}],"version-history":[{"count":0,"href":"https:\/\/cdnoticias.com\/index.php\/wp-json\/wp\/v2\/posts\/36090\/revisions"}],"wp:featuredmedia":[{"embeddable":true,"href":"https:\/\/cdnoticias.com\/index.php\/wp-json\/wp\/v2\/media\/36100"}],"wp:attachment":[{"href":"https:\/\/cdnoticias.com\/index.php\/wp-json\/wp\/v2\/media?parent=36090"}],"wp:term":[{"taxonomy":"category","embeddable":true,"href":"https:\/\/cdnoticias.com\/index.php\/wp-json\/wp\/v2\/categories?post=36090"},{"taxonomy":"post_tag","embeddable":true,"href":"https:\/\/cdnoticias.com\/index.php\/wp-json\/wp\/v2\/tags?post=36090"}],"curies":[{"name":"wp","href":"https:\/\/api.w.org\/{rel}","templated":true}]}}