{"id":36026,"date":"2021-10-19T17:14:42","date_gmt":"2021-10-19T20:14:42","guid":{"rendered":"http:\/\/www.centraldenoticias.com.ar\/?p=36026"},"modified":"2021-10-19T17:17:03","modified_gmt":"2021-10-19T20:17:03","slug":"barrio-uocra-con-presencia-provincial-entregaron-las-ultimas-16-casas","status":"publish","type":"post","link":"https:\/\/cdnoticias.com\/index.php\/2021\/10\/19\/barrio-uocra-con-presencia-provincial-entregaron-las-ultimas-16-casas\/","title":{"rendered":"Barrio Uocra: con presencia provincial entregaron las \u00faltimas 16 casas"},"content":{"rendered":"<p>Del acto tomaron parte autoridades provinciales, regionales y municipales. Se trata de las \u00faltimas viviendas del barrio ubicado frente al CECO II. Durante la entrega, se reclam\u00f3 por la palabra de la diputada Liliana Schwindt como oradora.\u00a0<!--more--><\/p>\n<hr \/>\n<p><strong>\u201cLa emoci\u00f3n que van a sentir en este momento les va a quedar para el resto de sus vidas\u201d<\/strong>, expres\u00f3 el subsecretario de Miner\u00eda bonaerense Federico Aguilera en el inicio de la tarde de este martes, en el barrio Uocra.<\/p>\n<p>&nbsp;<\/p>\n<p><strong>Con la presencia del administrador del Instituto de la Vivienda (que posee rango de Ministerio), Agust\u00edn Simone, se llev\u00f3 a cabo el acto de entrega de las \u00faltimas 16 viviendas<\/strong> del barrio ubicado frente al Ceco II, sobre uno de los extremos del casco urbano local. Tambi\u00e9n tom\u00f3 parte activa del evento el titular de la oficina local de Anses, Maximiliano Wesner, y la directora Ejecutiva del Instituto de la Vivienda de los Trabajadores Red Uocra, Cristina Nieto, adem\u00e1s de la diputada nacional Liliana Schwindt. A la par, tambi\u00e9n pudo verse a autoridades municipales, algo que fue mencionado y resaltado en sus discursos tanto por Aguilera como por Simone.<\/p>\n<p>&nbsp;<\/p>\n<p><img data-recalc-dims=\"1\" loading=\"lazy\" decoding=\"async\" class=\"alignnone size-full wp-image-36017\" src=\"https:\/\/i0.wp.com\/cdnoticias.com\/wp-content\/uploads\/2021\/10\/Uocra07.jpg?resize=800%2C445&#038;ssl=1\" alt=\"\" width=\"800\" height=\"445\" srcset=\"https:\/\/i0.wp.com\/cdnoticias.com\/wp-content\/uploads\/2021\/10\/Uocra07.jpg?w=800&amp;ssl=1 800w, https:\/\/i0.wp.com\/cdnoticias.com\/wp-content\/uploads\/2021\/10\/Uocra07.jpg?resize=300%2C167&amp;ssl=1 300w, https:\/\/i0.wp.com\/cdnoticias.com\/wp-content\/uploads\/2021\/10\/Uocra07.jpg?resize=768%2C427&amp;ssl=1 768w\" sizes=\"auto, (max-width: 800px) 100vw, 800px\" \/><\/p>\n<p>&nbsp;<\/p>\n<p><strong>\u201cHoy es un d\u00eda de alegr\u00eda, de fiesta\u201d<\/strong>, enfatiz\u00f3 el referente del Instituto de la Vivienda quien en el inicio de su intervenci\u00f3n retom\u00f3 parte de lo dicho por Aguilera con respecto a las complicaciones que hoy en d\u00eda genera acceder y sostener el alquiler de una casa. Puso el acento tambi\u00e9n en la emoci\u00f3n de los due\u00f1os de las casas al recorrer cada uno de esos domicilios y c\u00f3mo ver eso \u201ca uno le da ganas de hacer muchas m\u00e1s casas\u201d.<\/p>\n<p>&nbsp;<\/p>\n<p><img data-recalc-dims=\"1\" loading=\"lazy\" decoding=\"async\" class=\"alignnone size-full wp-image-36051\" src=\"https:\/\/i0.wp.com\/cdnoticias.com\/wp-content\/uploads\/2021\/10\/WhatsApp-Image-2021-10-19-at-16.51.56-2.jpeg?resize=800%2C600&#038;ssl=1\" alt=\"\" width=\"800\" height=\"600\" srcset=\"https:\/\/i0.wp.com\/cdnoticias.com\/wp-content\/uploads\/2021\/10\/WhatsApp-Image-2021-10-19-at-16.51.56-2.jpeg?w=1600&amp;ssl=1 1600w, https:\/\/i0.wp.com\/cdnoticias.com\/wp-content\/uploads\/2021\/10\/WhatsApp-Image-2021-10-19-at-16.51.56-2.jpeg?resize=300%2C225&amp;ssl=1 300w, https:\/\/i0.wp.com\/cdnoticias.com\/wp-content\/uploads\/2021\/10\/WhatsApp-Image-2021-10-19-at-16.51.56-2.jpeg?resize=768%2C576&amp;ssl=1 768w, https:\/\/i0.wp.com\/cdnoticias.com\/wp-content\/uploads\/2021\/10\/WhatsApp-Image-2021-10-19-at-16.51.56-2.jpeg?resize=1024%2C768&amp;ssl=1 1024w\" sizes=\"auto, (max-width: 800px) 100vw, 800px\" \/><\/p>\n<p>&nbsp;<\/p>\n<p><img data-recalc-dims=\"1\" loading=\"lazy\" decoding=\"async\" class=\"alignnone size-full wp-image-36043\" src=\"https:\/\/i0.wp.com\/cdnoticias.com\/wp-content\/uploads\/2021\/10\/WhatsApp-Image-2021-10-19-at-16.32.46.jpeg?resize=800%2C533&#038;ssl=1\" alt=\"\" width=\"800\" height=\"533\" srcset=\"https:\/\/i0.wp.com\/cdnoticias.com\/wp-content\/uploads\/2021\/10\/WhatsApp-Image-2021-10-19-at-16.32.46.jpeg?w=1599&amp;ssl=1 1599w, https:\/\/i0.wp.com\/cdnoticias.com\/wp-content\/uploads\/2021\/10\/WhatsApp-Image-2021-10-19-at-16.32.46.jpeg?resize=300%2C200&amp;ssl=1 300w, https:\/\/i0.wp.com\/cdnoticias.com\/wp-content\/uploads\/2021\/10\/WhatsApp-Image-2021-10-19-at-16.32.46.jpeg?resize=768%2C512&amp;ssl=1 768w, https:\/\/i0.wp.com\/cdnoticias.com\/wp-content\/uploads\/2021\/10\/WhatsApp-Image-2021-10-19-at-16.32.46.jpeg?resize=1024%2C683&amp;ssl=1 1024w, https:\/\/i0.wp.com\/cdnoticias.com\/wp-content\/uploads\/2021\/10\/WhatsApp-Image-2021-10-19-at-16.32.46.jpeg?resize=272%2C182&amp;ssl=1 272w\" sizes=\"auto, (max-width: 800px) 100vw, 800px\" \/><\/p>\n<p>&nbsp;<\/p>\n<p>A la par, tambi\u00e9n se\u00f1al\u00f3 que <strong>\u201ctenemos que recuperar el compromiso para que todas las familias de los trabajadores tengan su casa, porque la casa es un derecho\u201d<\/strong>. En ese sentido, expres\u00f3 que el mandato del gobernador Axel Kicillof \u201ces que trabajemos para que \u00a0cada terreno disponible que haya en la provincia podamos hacer una casa\u201d.<\/p>\n<p>&nbsp;<\/p>\n<p><img data-recalc-dims=\"1\" loading=\"lazy\" decoding=\"async\" class=\"alignnone size-full wp-image-36018\" src=\"https:\/\/i0.wp.com\/cdnoticias.com\/wp-content\/uploads\/2021\/10\/Uocra06.jpg?resize=800%2C445&#038;ssl=1\" alt=\"\" width=\"800\" height=\"445\" srcset=\"https:\/\/i0.wp.com\/cdnoticias.com\/wp-content\/uploads\/2021\/10\/Uocra06.jpg?w=800&amp;ssl=1 800w, https:\/\/i0.wp.com\/cdnoticias.com\/wp-content\/uploads\/2021\/10\/Uocra06.jpg?resize=300%2C167&amp;ssl=1 300w, https:\/\/i0.wp.com\/cdnoticias.com\/wp-content\/uploads\/2021\/10\/Uocra06.jpg?resize=768%2C427&amp;ssl=1 768w\" sizes=\"auto, (max-width: 800px) 100vw, 800px\" \/><\/p>\n<p>&nbsp;<\/p>\n<p>Fue por ello se\u00f1al\u00f3 que uno de los desaf\u00edos para lograr ese objetivo es el \u201cde <strong>trabajar en la generaci\u00f3n de tierras y luego en la construcci\u00f3n de viviendas\u201d<\/strong>. Tambi\u00e9n defini\u00f3 como \u201cdesaf\u00edo\u201d el hecho de lograr <strong>\u201cque las viviendas se hagan en tiempo y forma\u201d<\/strong>, algo ubic\u00f3 en un plazo ideal de 12 meses, para lo cual se comprometi\u00f3 en hacer \u201clo posible y lo imposible para que eso suceda\u201d.<\/p>\n<p>&nbsp;<\/p>\n<p>Por \u00faltimo, detall\u00f3 tambi\u00e9n la intenci\u00f3n de generar m\u00e1s suelos para este tipo de obras, tanto urbanos como rurales, y c\u00f3mo la puesta en marcha de estas tareas permite mejorar la oferta de viviendas y con ello mantener los valores de los inmuebles. <strong>\u201cHoy empieza una vida nueva, con un espacio propio que lo van a convertir en un hogar\u201d, finaliz\u00f3.<\/strong><\/p>\n<p>&nbsp;<\/p>\n<p><img data-recalc-dims=\"1\" loading=\"lazy\" decoding=\"async\" class=\"alignnone size-full wp-image-36039\" src=\"https:\/\/i0.wp.com\/cdnoticias.com\/wp-content\/uploads\/2021\/10\/WhatsApp-Image-2021-10-19-at-16.32.49.jpeg?resize=800%2C533&#038;ssl=1\" alt=\"\" width=\"800\" height=\"533\" srcset=\"https:\/\/i0.wp.com\/cdnoticias.com\/wp-content\/uploads\/2021\/10\/WhatsApp-Image-2021-10-19-at-16.32.49.jpeg?w=1599&amp;ssl=1 1599w, https:\/\/i0.wp.com\/cdnoticias.com\/wp-content\/uploads\/2021\/10\/WhatsApp-Image-2021-10-19-at-16.32.49.jpeg?resize=300%2C200&amp;ssl=1 300w, https:\/\/i0.wp.com\/cdnoticias.com\/wp-content\/uploads\/2021\/10\/WhatsApp-Image-2021-10-19-at-16.32.49.jpeg?resize=768%2C512&amp;ssl=1 768w, https:\/\/i0.wp.com\/cdnoticias.com\/wp-content\/uploads\/2021\/10\/WhatsApp-Image-2021-10-19-at-16.32.49.jpeg?resize=1024%2C683&amp;ssl=1 1024w, https:\/\/i0.wp.com\/cdnoticias.com\/wp-content\/uploads\/2021\/10\/WhatsApp-Image-2021-10-19-at-16.32.49.jpeg?resize=272%2C182&amp;ssl=1 272w\" sizes=\"auto, (max-width: 800px) 100vw, 800px\" \/><\/p>\n<p>&nbsp;<\/p>\n<p><strong>Reclamo<\/strong><\/p>\n<p>&nbsp;<\/p>\n<p>Una situaci\u00f3n particular se vivi\u00f3 durante el acto. Una vez finalizados los discursos de Wesner, Aguilera y Simone, la directora Ejecutiva del Instituto de la Vivienda de los Trabajadores Red Uocra, Cristina Nieto, <strong>reclam\u00f3 la palabra de la diputada Liliana Schwindt.<\/strong><\/p>\n<p>&nbsp;<\/p>\n<p><strong><em>\u201cNo s\u00e9 por qu\u00e9 no la dejan hablar, esto es una falta de respeto\u201d<\/em><\/strong>, afirm\u00f3 y agreg\u00f3:<em> \u201cel machirulismo sigue estando, ten\u00eda raz\u00f3n Cristina\u201d.<\/em><\/p>\n<p>&nbsp;<\/p>\n<p>Finalmente,<strong> Schwindt tom\u00f3 el micr\u00f3fono<\/strong> y record\u00f3: <em>\u201cestuve ac\u00e1 una noche de febrero, estaban reclamando porque ten\u00edan el temor l\u00f3gico de que esto no se terminara m\u00e1s. Habl\u00e9 con Federico (Aguilera) era reci\u00e9n asumido el gobierno y bueno, hoy estamos ac\u00e1, gracias al trabajo que hemos hecho todos\u201d.<\/em><\/p>\n","protected":false},"excerpt":{"rendered":"<p>Del acto tomaron parte autoridades provinciales, regionales y municipales. Se trata de las \u00faltimas viviendas del barrio ubicado frente al<\/p>\n","protected":false},"author":3,"featured_media":36046,"comment_status":"closed","ping_status":"closed","sticky":false,"template":"","format":"standard","meta":{"_jetpack_memberships_contains_paid_content":false,"footnotes":""},"categories":[5,1],"tags":[],"class_list":["post-36026","post","type-post","status-publish","format-standard","has-post-thumbnail","hentry","category-informacion-general","category-portada"],"jetpack_featured_media_url":"https:\/\/i0.wp.com\/cdnoticias.com\/wp-content\/uploads\/2021\/10\/WhatsApp-Image-2021-10-19-at-16.44.37.jpeg?fit=1040%2C780&ssl=1","jetpack_sharing_enabled":true,"_links":{"self":[{"href":"https:\/\/cdnoticias.com\/index.php\/wp-json\/wp\/v2\/posts\/36026","targetHints":{"allow":["GET"]}}],"collection":[{"href":"https:\/\/cdnoticias.com\/index.php\/wp-json\/wp\/v2\/posts"}],"about":[{"href":"https:\/\/cdnoticias.com\/index.php\/wp-json\/wp\/v2\/types\/post"}],"author":[{"embeddable":true,"href":"https:\/\/cdnoticias.com\/index.php\/wp-json\/wp\/v2\/users\/3"}],"replies":[{"embeddable":true,"href":"https:\/\/cdnoticias.com\/index.php\/wp-json\/wp\/v2\/comments?post=36026"}],"version-history":[{"count":0,"href":"https:\/\/cdnoticias.com\/index.php\/wp-json\/wp\/v2\/posts\/36026\/revisions"}],"wp:featuredmedia":[{"embeddable":true,"href":"https:\/\/cdnoticias.com\/index.php\/wp-json\/wp\/v2\/media\/36046"}],"wp:attachment":[{"href":"https:\/\/cdnoticias.com\/index.php\/wp-json\/wp\/v2\/media?parent=36026"}],"wp:term":[{"taxonomy":"category","embeddable":true,"href":"https:\/\/cdnoticias.com\/index.php\/wp-json\/wp\/v2\/categories?post=36026"},{"taxonomy":"post_tag","embeddable":true,"href":"https:\/\/cdnoticias.com\/index.php\/wp-json\/wp\/v2\/tags?post=36026"}],"curies":[{"name":"wp","href":"https:\/\/api.w.org\/{rel}","templated":true}]}}