{"id":36001,"date":"2021-10-19T13:10:12","date_gmt":"2021-10-19T16:10:12","guid":{"rendered":"http:\/\/www.centraldenoticias.com.ar\/?p=36001"},"modified":"2021-10-19T16:56:13","modified_gmt":"2021-10-19T19:56:13","slug":"con-eje-en-la-calidad-educativa-galli-anuncio-la-construccion-del-jardin-929","status":"publish","type":"post","link":"https:\/\/cdnoticias.com\/index.php\/2021\/10\/19\/con-eje-en-la-calidad-educativa-galli-anuncio-la-construccion-del-jardin-929\/","title":{"rendered":"Con eje en la calidad educativa, Galli anunci\u00f3 la construcci\u00f3n del Jard\u00edn 929"},"content":{"rendered":"<p>Fue en un emotivo acto en la actual sede educativa, con las docentes, los padres y los alumnos. Se emplazar\u00e1 en Vicente L\u00f3pez al 3500 y tendr\u00e1 460 metros cuadrados en tres pisos.<!--more--><\/p>\n<hr \/>\n<p><strong>El intendente Ezequiel Galli encabez\u00f3 un acto este martes por la ma\u00f1ana en el cual anunci\u00f3 la construcci\u00f3n de una sede propia para el Jard\u00edn 929<\/strong>. Con un nutrido marco de p\u00fablico en Moreno al 2900, donde actualmente funciona el establecimiento, se present\u00f3 el proyecto de obra y el jefe comunal hizo hincapi\u00e9 en la<strong> mejora en la calidad educativa<\/strong> que representan las condiciones edilicias adecuadas.<\/p>\n<p>&nbsp;<\/p>\n<p>El nuevo edificio <strong>se emplazar\u00e1 en Vicente L\u00f3pez al 3500<\/strong> y tendr\u00e1 460 metros cuadrados distribuidos en tres plantas.<\/p>\n<p>&nbsp;<\/p>\n<p>El anuncio cont\u00f3 tambi\u00e9n con la presencial del<strong> secretario de Infraestructura municipal, Julio Ferraro, el secretario de Desarrollo Humano, Diego Robbiani, y la directora del establecimiento educativo, Magal\u00ed Correa<\/strong>. A su vez, asistieron el secretario de Gobierno, Hilario Galli, el presidente del Concejo Deliberante, Bruno Cenizo, y el presidente del Consejo Escolar, Bruno Di Carlo. M\u00e1s funcionarios, concejales, consejeros escolares, docentes, alumnos y padres completaron el escenario.<\/p>\n<p>&nbsp;<\/p>\n<p><img data-recalc-dims=\"1\" loading=\"lazy\" decoding=\"async\" class=\"size-full wp-image-36006 aligncenter\" src=\"https:\/\/i0.wp.com\/cdnoticias.com\/wp-content\/uploads\/2021\/10\/anuncio-jardin-929-02.jpg?resize=800%2C445&#038;ssl=1\" alt=\"\" width=\"800\" height=\"445\" srcset=\"https:\/\/i0.wp.com\/cdnoticias.com\/wp-content\/uploads\/2021\/10\/anuncio-jardin-929-02.jpg?w=800&amp;ssl=1 800w, https:\/\/i0.wp.com\/cdnoticias.com\/wp-content\/uploads\/2021\/10\/anuncio-jardin-929-02.jpg?resize=300%2C167&amp;ssl=1 300w, https:\/\/i0.wp.com\/cdnoticias.com\/wp-content\/uploads\/2021\/10\/anuncio-jardin-929-02.jpg?resize=768%2C427&amp;ssl=1 768w\" sizes=\"auto, (max-width: 800px) 100vw, 800px\" \/><\/p>\n<p>&nbsp;<\/p>\n<blockquote><p>Galli destac\u00f3 que con la obra pretende \u201cque los chicos tengan las condiciones edilicias que se merecen para tener una educaci\u00f3n de calidad\u201d.<\/p><\/blockquote>\n<p>&nbsp;<\/p>\n<p>Repas\u00f3 la historia del establecimiento educativo, que antiguamente funcionaba en el mismo edificio que la Escuela Normal. Hace un mes <strong>Di Carlo hab\u00eda informado que para el a\u00f1o pr\u00f3ximo el jard\u00edn deb\u00eda mudarse nuevamente<\/strong> y se hab\u00eda logrado alquilar una nueva sede en el barrio Mariano Moreno.<\/p>\n<p>&nbsp;<\/p>\n<p><strong>\u201cUn jard\u00edn con tanta historia, que educ\u00f3 a tantas personas\u201d<\/strong> valor\u00f3 el intendente quien adem\u00e1s hizo hincapi\u00e9 en que \u201cla educaci\u00f3n debe ser la prioridad\u201d.<\/p>\n<p>&nbsp;<\/p>\n<p>Si bien no se brindaron detalles del monto proyectado, <strong>se adelant\u00f3 que la obra ser\u00e1 financiada con el Fondo Educativo<\/strong> y que demandar\u00e1 <strong>de 14 a 18 meses para su finalizaci\u00f3n<\/strong> desde el inicio de los trabajos.<\/p>\n<p>&nbsp;<\/p>\n<p><img data-recalc-dims=\"1\" loading=\"lazy\" decoding=\"async\" class=\"size-full wp-image-36005 aligncenter\" src=\"https:\/\/i0.wp.com\/cdnoticias.com\/wp-content\/uploads\/2021\/10\/anuncio-jardin-929-01.jpg?resize=800%2C444&#038;ssl=1\" alt=\"\" width=\"800\" height=\"444\" srcset=\"https:\/\/i0.wp.com\/cdnoticias.com\/wp-content\/uploads\/2021\/10\/anuncio-jardin-929-01.jpg?w=800&amp;ssl=1 800w, https:\/\/i0.wp.com\/cdnoticias.com\/wp-content\/uploads\/2021\/10\/anuncio-jardin-929-01.jpg?resize=300%2C167&amp;ssl=1 300w, https:\/\/i0.wp.com\/cdnoticias.com\/wp-content\/uploads\/2021\/10\/anuncio-jardin-929-01.jpg?resize=768%2C426&amp;ssl=1 768w\" sizes=\"auto, (max-width: 800px) 100vw, 800px\" \/><\/p>\n<p>&nbsp;<\/p>\n<p>Al momento de profundizar sobre las caracter\u00edsticas de la obra, <strong>Galli se refiri\u00f3 a \u201cla precariedad del Jard\u00edn 919\u201d cuya sede se inaugur\u00f3 en febrero de 2018<\/strong> en el barrio Luj\u00e1n y que \u201choy es un modelo edilicio, queremos que el jard\u00edn 929 sea igual\u201d.<\/p>\n<p>&nbsp;<\/p>\n<p><strong>La nueva sede<\/strong><\/p>\n<p>&nbsp;<\/p>\n<p>Luego el secretario <strong>Ferraro destac\u00f3 que lo que se proyecta \u201ces una gran obra\u201d<\/strong> y agradeci\u00f3 al \u201cpersonal de Obras P\u00fablicas y el equipo del Jard\u00edn\u201d que trabajaron en conjunto para elaborar el <strong>\u201cprograma de necesidades\u201d<\/strong> para llevar adelante el plan de obra.<\/p>\n<p>&nbsp;<\/p>\n<p><img data-recalc-dims=\"1\" loading=\"lazy\" decoding=\"async\" class=\"size-full wp-image-36008 aligncenter\" src=\"https:\/\/i0.wp.com\/cdnoticias.com\/wp-content\/uploads\/2021\/10\/anuncio-jardin-929-04.jpg?resize=800%2C600&#038;ssl=1\" alt=\"\" width=\"800\" height=\"600\" srcset=\"https:\/\/i0.wp.com\/cdnoticias.com\/wp-content\/uploads\/2021\/10\/anuncio-jardin-929-04.jpg?w=800&amp;ssl=1 800w, https:\/\/i0.wp.com\/cdnoticias.com\/wp-content\/uploads\/2021\/10\/anuncio-jardin-929-04.jpg?resize=300%2C225&amp;ssl=1 300w, https:\/\/i0.wp.com\/cdnoticias.com\/wp-content\/uploads\/2021\/10\/anuncio-jardin-929-04.jpg?resize=768%2C576&amp;ssl=1 768w\" sizes=\"auto, (max-width: 800px) 100vw, 800px\" \/><\/p>\n<p>&nbsp;<\/p>\n<p><strong>El jard\u00edn tendr\u00e1 planta baja y dos niveles, con escalera y ascensor<\/strong>. Tendr\u00e1 un hall preparado para peque\u00f1as reuniones y actos, desde all\u00ed se acceder\u00e1 a la direcci\u00f3n y secretar\u00eda. Tambi\u00e9n contar\u00e1 con sanitarios, cocina y sala de m\u00fasica y biblioteca.<\/p>\n<p>&nbsp;<\/p>\n<p>En planta alta se ubicar\u00e1n cuatro aulas (de 30 metros cuadrados cada una), junto con la oficina de preceptor\u00eda y equipo orientador. <strong>Cada aula tendr\u00e1 ba\u00f1o individual, mesada y bacha<\/strong>. Mientras que en la terraza habr\u00e1 dos patios descubiertos y un sector de juegos cubierto. En planta baja, el patio de juegos ser\u00e1 en el espacio libre trasero.<\/p>\n<p>&nbsp;<\/p>\n<p><strong>Emoci\u00f3n<\/strong><\/p>\n<p>&nbsp;<\/p>\n<p><strong>\u201cQuiero decir gracias, es la palabra que define este momento, es un resultado de un mont\u00f3n de gestiones y muchos a\u00f1os\u201d<\/strong> defini\u00f3 la directora Correa visiblemente emocionada.<\/p>\n<p>&nbsp;<\/p>\n<p><img data-recalc-dims=\"1\" loading=\"lazy\" decoding=\"async\" class=\"size-full wp-image-36007 aligncenter\" src=\"https:\/\/i0.wp.com\/cdnoticias.com\/wp-content\/uploads\/2021\/10\/anuncio-jardin-929-03.jpg?resize=800%2C444&#038;ssl=1\" alt=\"\" width=\"800\" height=\"444\" srcset=\"https:\/\/i0.wp.com\/cdnoticias.com\/wp-content\/uploads\/2021\/10\/anuncio-jardin-929-03.jpg?w=800&amp;ssl=1 800w, https:\/\/i0.wp.com\/cdnoticias.com\/wp-content\/uploads\/2021\/10\/anuncio-jardin-929-03.jpg?resize=300%2C167&amp;ssl=1 300w, https:\/\/i0.wp.com\/cdnoticias.com\/wp-content\/uploads\/2021\/10\/anuncio-jardin-929-03.jpg?resize=768%2C426&amp;ssl=1 768w\" sizes=\"auto, (max-width: 800px) 100vw, 800px\" \/><\/p>\n<p>&nbsp;<\/p>\n<p>Indic\u00f3 que el jard\u00edn cuenta con <strong>150 alumnos<\/strong>. Record\u00f3 tambi\u00e9n a las inspectoras retiradas y a los consejeros escolares que apoyaron sus gestiones.<\/p>\n<p>&nbsp;<\/p>\n<blockquote><p>Cont\u00f3 que hace tres a\u00f1os, en la inauguraci\u00f3n del Jard\u00edn 919 le hab\u00edan pedido a Ezequiel Galli la construcci\u00f3n de un edificio para el Jard\u00edn 929 \u201cy cre\u00ed que nunca lo iba a ver\u201d.<\/p><\/blockquote>\n<p>&nbsp;<\/p>\n<p><strong>\u201cEs un impacto muy positivo en la calidad de la educaci\u00f3n\u201d<\/strong> cerr\u00f3 la directora Magal\u00ed Correa.<\/p>\n<p>&nbsp;<\/p>\n<p><img data-recalc-dims=\"1\" loading=\"lazy\" decoding=\"async\" class=\"size-full wp-image-36009 aligncenter\" src=\"https:\/\/i0.wp.com\/cdnoticias.com\/wp-content\/uploads\/2021\/10\/anuncio-jardin-929-05.jpg?resize=800%2C444&#038;ssl=1\" alt=\"\" width=\"800\" height=\"444\" srcset=\"https:\/\/i0.wp.com\/cdnoticias.com\/wp-content\/uploads\/2021\/10\/anuncio-jardin-929-05.jpg?w=800&amp;ssl=1 800w, https:\/\/i0.wp.com\/cdnoticias.com\/wp-content\/uploads\/2021\/10\/anuncio-jardin-929-05.jpg?resize=300%2C167&amp;ssl=1 300w, https:\/\/i0.wp.com\/cdnoticias.com\/wp-content\/uploads\/2021\/10\/anuncio-jardin-929-05.jpg?resize=768%2C426&amp;ssl=1 768w\" sizes=\"auto, (max-width: 800px) 100vw, 800px\" \/><\/p>\n<p>&nbsp;<\/p>\n<p><strong>La historia del jard\u00edn<\/strong><\/p>\n<p>&nbsp;<\/p>\n<p><strong>El Jard\u00edn N\u00ba 929, fue fundado el 28 de abril de 1952<\/strong>. Comenz\u00f3 a funcionar dentro de la unidad acad\u00e9mica de la Escuela Normal. En 1993 se mud\u00f3 de la biblioteca a un aula sobre la calle Belgrano. Tres a\u00f1os m\u00e1s tarde, se instal\u00f3 en la planta alta, ex casa del portero.<\/p>\n<p>&nbsp;<\/p>\n<p>Como parte de la demanda social y considerando el espacio reducido, y la peligrosidad de la escalera por la cual acced\u00edan los alumnos, <strong>se iniciaron los tr\u00e1mites para alquilar una propiedad<\/strong> a trav\u00e9s de la Direcci\u00f3n General de Cultura y Educaci\u00f3n de la provincia de Buenos Aires.<\/p>\n<p>&nbsp;<\/p>\n<p><strong>En el a\u00f1o 2011, el Jard\u00edn se instal\u00f3 en una vivienda situada en la calle Espa\u00f1a al 3277<\/strong>, en condiciones precarias y con muchos problemas edilicios. Con un gran esfuerzo del personal docente, el jard\u00edn se mud\u00f3 a la calle Moreno en el a\u00f1o 2020, donde funciona en la actualidad. El Consejo Escolar, la cooperadora, y el trabajo incansable de las maestras, profes y familias, fueron acondicionando el espacio actual.<\/p>\n<p>&nbsp;<\/p>\n<p><img data-recalc-dims=\"1\" loading=\"lazy\" decoding=\"async\" class=\"alignnone size-large wp-image-36010\" src=\"https:\/\/i0.wp.com\/cdnoticias.com\/wp-content\/uploads\/2021\/10\/Obras-Anuncio-Jardin-N%C2%B0929-2-scaled-1024x684.jpg?resize=800%2C534&#038;ssl=1\" alt=\"\" width=\"800\" height=\"534\" srcset=\"https:\/\/i0.wp.com\/cdnoticias.com\/wp-content\/uploads\/2021\/10\/Obras-Anuncio-Jardin-N%C2%B0929-2-scaled.jpg?resize=1024%2C684&amp;ssl=1 1024w, https:\/\/i0.wp.com\/cdnoticias.com\/wp-content\/uploads\/2021\/10\/Obras-Anuncio-Jardin-N%C2%B0929-2-scaled.jpg?resize=300%2C201&amp;ssl=1 300w, https:\/\/i0.wp.com\/cdnoticias.com\/wp-content\/uploads\/2021\/10\/Obras-Anuncio-Jardin-N%C2%B0929-2-scaled.jpg?resize=768%2C513&amp;ssl=1 768w, https:\/\/i0.wp.com\/cdnoticias.com\/wp-content\/uploads\/2021\/10\/Obras-Anuncio-Jardin-N%C2%B0929-2-scaled.jpg?resize=272%2C182&amp;ssl=1 272w, https:\/\/i0.wp.com\/cdnoticias.com\/wp-content\/uploads\/2021\/10\/Obras-Anuncio-Jardin-N%C2%B0929-2-scaled.jpg?w=1600&amp;ssl=1 1600w, https:\/\/i0.wp.com\/cdnoticias.com\/wp-content\/uploads\/2021\/10\/Obras-Anuncio-Jardin-N%C2%B0929-2-scaled.jpg?w=2400&amp;ssl=1 2400w\" sizes=\"auto, (max-width: 800px) 100vw, 800px\" \/><\/p>\n","protected":false},"excerpt":{"rendered":"<p>Fue en un emotivo acto en la actual sede educativa, con las docentes, los padres y los alumnos. Se emplazar\u00e1<\/p>\n","protected":false},"author":4,"featured_media":36004,"comment_status":"closed","ping_status":"closed","sticky":false,"template":"","format":"standard","meta":{"_jetpack_memberships_contains_paid_content":false,"footnotes":""},"categories":[5,1],"tags":[],"class_list":["post-36001","post","type-post","status-publish","format-standard","has-post-thumbnail","hentry","category-informacion-general","category-portada"],"jetpack_featured_media_url":"https:\/\/i0.wp.com\/cdnoticias.com\/wp-content\/uploads\/2021\/10\/anuncio-jardin-929-00.jpg?fit=800%2C444&ssl=1","jetpack_sharing_enabled":true,"_links":{"self":[{"href":"https:\/\/cdnoticias.com\/index.php\/wp-json\/wp\/v2\/posts\/36001","targetHints":{"allow":["GET"]}}],"collection":[{"href":"https:\/\/cdnoticias.com\/index.php\/wp-json\/wp\/v2\/posts"}],"about":[{"href":"https:\/\/cdnoticias.com\/index.php\/wp-json\/wp\/v2\/types\/post"}],"author":[{"embeddable":true,"href":"https:\/\/cdnoticias.com\/index.php\/wp-json\/wp\/v2\/users\/4"}],"replies":[{"embeddable":true,"href":"https:\/\/cdnoticias.com\/index.php\/wp-json\/wp\/v2\/comments?post=36001"}],"version-history":[{"count":0,"href":"https:\/\/cdnoticias.com\/index.php\/wp-json\/wp\/v2\/posts\/36001\/revisions"}],"wp:featuredmedia":[{"embeddable":true,"href":"https:\/\/cdnoticias.com\/index.php\/wp-json\/wp\/v2\/media\/36004"}],"wp:attachment":[{"href":"https:\/\/cdnoticias.com\/index.php\/wp-json\/wp\/v2\/media?parent=36001"}],"wp:term":[{"taxonomy":"category","embeddable":true,"href":"https:\/\/cdnoticias.com\/index.php\/wp-json\/wp\/v2\/categories?post=36001"},{"taxonomy":"post_tag","embeddable":true,"href":"https:\/\/cdnoticias.com\/index.php\/wp-json\/wp\/v2\/tags?post=36001"}],"curies":[{"name":"wp","href":"https:\/\/api.w.org\/{rel}","templated":true}]}}