{"id":35994,"date":"2021-10-19T11:49:44","date_gmt":"2021-10-19T14:49:44","guid":{"rendered":"http:\/\/www.centraldenoticias.com.ar\/?p=35994"},"modified":"2021-10-19T11:49:44","modified_gmt":"2021-10-19T14:49:44","slug":"crean-en-la-provincia-de-buenos-aires-el-observatorio-de-acceso-a-la-justicia","status":"publish","type":"post","link":"https:\/\/cdnoticias.com\/index.php\/2021\/10\/19\/crean-en-la-provincia-de-buenos-aires-el-observatorio-de-acceso-a-la-justicia\/","title":{"rendered":"Crean en la provincia de Buenos Aires el Observatorio de Acceso a la Justicia"},"content":{"rendered":"<p>El organismo funcionar\u00e1 en la \u00f3rbita de la Direcci\u00f3n Provincial de Acceso a la Justicia y Asistencia a la V\u00edctima.<!--more--><\/p>\n<hr \/>\n<p><strong>El Gobierno bonaerense dispuso este martes la creaci\u00f3n del Observatorio de Acceso a la Justicia<\/strong>, cuyo fin ser\u00e1 implementar y gestionar <em>\u201cpol\u00edticas p\u00fablicas que garanticen el acceso a derechos y la asistencia a v\u00edctimas\u201d.<\/em><\/p>\n<p>&nbsp;<\/p>\n<p>El organismo, creado mediante la resoluci\u00f3n 1.673 publicada en el Bolet\u00edn Oficial del distrito, <strong>funcionar\u00e1 en la \u00f3rbita de la Direcci\u00f3n Provincial de Acceso a la Justicia y Asistencia a la V\u00edctima<\/strong>.<\/p>\n<p>&nbsp;<\/p>\n<blockquote><p>El Observatorio deber\u00e1 \u201crecopilar, sistematizar y analizar los datos e informaci\u00f3n respecto al acceso a derechos; desarrollar un sistema de informaci\u00f3n permanente de orden consultivo que brinde insumos para el dise\u00f1o, implementaci\u00f3n y gesti\u00f3n de pol\u00edticas p\u00fablicas que garanticen el acceso a derechos y la asistencia a v\u00edctimas\u201d, seg\u00fan consign\u00f3 en los fundamentos de la normativa.<\/p><\/blockquote>\n<p>&nbsp;<\/p>\n<p>Adem\u00e1s, tendr\u00e1 que \u201c<strong>elaborar informes generales para su posterior publicaci\u00f3n y divulgaci\u00f3n social<\/strong>; generar espacios de articulaci\u00f3n y cooperaci\u00f3n entre la Direcci\u00f3n Provincial de Acceso a Justicia y Asistencia a la V\u00edctima y organismos gubernamentales, sociales y acad\u00e9micos, para intercambiar y actualizar informaci\u00f3n de manera permanente\u201d.<\/p>\n<p>&nbsp;<\/p>\n<p>Fuente: <em>Agencia DIB<\/em><\/p>\n","protected":false},"excerpt":{"rendered":"<p>El organismo funcionar\u00e1 en la \u00f3rbita de la Direcci\u00f3n Provincial de Acceso a la Justicia y Asistencia a la V\u00edctima.<\/p>\n","protected":false},"author":4,"featured_media":35995,"comment_status":"closed","ping_status":"closed","sticky":false,"template":"","format":"standard","meta":{"_jetpack_memberships_contains_paid_content":false,"footnotes":""},"categories":[6],"tags":[],"class_list":["post-35994","post","type-post","status-publish","format-standard","has-post-thumbnail","hentry","category-nacionales"],"jetpack_featured_media_url":"https:\/\/i0.wp.com\/cdnoticias.com\/wp-content\/uploads\/2021\/10\/DIB-kicillof-alak.jpg?fit=1625%2C1032&ssl=1","jetpack_sharing_enabled":true,"_links":{"self":[{"href":"https:\/\/cdnoticias.com\/index.php\/wp-json\/wp\/v2\/posts\/35994","targetHints":{"allow":["GET"]}}],"collection":[{"href":"https:\/\/cdnoticias.com\/index.php\/wp-json\/wp\/v2\/posts"}],"about":[{"href":"https:\/\/cdnoticias.com\/index.php\/wp-json\/wp\/v2\/types\/post"}],"author":[{"embeddable":true,"href":"https:\/\/cdnoticias.com\/index.php\/wp-json\/wp\/v2\/users\/4"}],"replies":[{"embeddable":true,"href":"https:\/\/cdnoticias.com\/index.php\/wp-json\/wp\/v2\/comments?post=35994"}],"version-history":[{"count":0,"href":"https:\/\/cdnoticias.com\/index.php\/wp-json\/wp\/v2\/posts\/35994\/revisions"}],"wp:featuredmedia":[{"embeddable":true,"href":"https:\/\/cdnoticias.com\/index.php\/wp-json\/wp\/v2\/media\/35995"}],"wp:attachment":[{"href":"https:\/\/cdnoticias.com\/index.php\/wp-json\/wp\/v2\/media?parent=35994"}],"wp:term":[{"taxonomy":"category","embeddable":true,"href":"https:\/\/cdnoticias.com\/index.php\/wp-json\/wp\/v2\/categories?post=35994"},{"taxonomy":"post_tag","embeddable":true,"href":"https:\/\/cdnoticias.com\/index.php\/wp-json\/wp\/v2\/tags?post=35994"}],"curies":[{"name":"wp","href":"https:\/\/api.w.org\/{rel}","templated":true}]}}