{"id":35981,"date":"2021-10-19T10:38:37","date_gmt":"2021-10-19T13:38:37","guid":{"rendered":"http:\/\/www.centraldenoticias.com.ar\/?p=35981"},"modified":"2021-10-19T13:10:54","modified_gmt":"2021-10-19T16:10:54","slug":"mejoras-en-la-ruta-51-vieja-se-presentaron-seis-ofertas-para-la-obra","status":"publish","type":"post","link":"https:\/\/cdnoticias.com\/index.php\/2021\/10\/19\/mejoras-en-la-ruta-51-vieja-se-presentaron-seis-ofertas-para-la-obra\/","title":{"rendered":"Mejoras en la ruta 51 vieja: se presentaron seis ofertas para la obra"},"content":{"rendered":"<p>La Direcci\u00f3n de Vialidad dispuso 105,7 millones de pesos de presupuesto. La obra se enmarca en el Plan Estrat\u00e9gico de Caminos Rurales con mejoras para 130 kil\u00f3metros de la red secundaria en siete distritos.<!--more--><\/p>\n<hr \/>\n<p><strong>La Direcci\u00f3n de Vialidad de la provincia de Buenos Aires licit\u00f3 6 obras de estabilizado para mejorar Caminos Rurales, por un monto que supera los mil millones de pesos<\/strong> y una extensi\u00f3n de unos 130 kil\u00f3metros en total. Una de las obras se har\u00e1 <strong>entre Olavarr\u00eda y Azul: es la Ruta 51 vieja<\/strong> que, <a href=\"https:\/\/cdnoticias.com\/index.php\/2021\/08\/26\/confirman-la-licitacion-de-la-obra-de-mejoramiento-de-la-ruta-no-51-vieja\/\" target=\"_blank\" rel=\"noopener\">tal como se hab\u00eda explicado en el anuncio en agosto<\/a> <strong>une Colonia San Miguel con Ruta 226 a lo largo de 15 kil\u00f3metros<\/strong>.<\/p>\n<p>&nbsp;<\/p>\n<p>Adem\u00e1s, se ver\u00e1n alcanzados los partidos de <strong>Rauch, Carlos Casares, Pu\u00e1n, Rivadavia y 9 de Julio<\/strong>.<\/p>\n<p>&nbsp;<\/p>\n<p>El acto de apertura de ofertas se realiz\u00f3 este lunes en la Direcci\u00f3n de Vialidad. \u201c<strong>En lo que va del a\u00f1o ya licitamos m\u00e1s de 130 obras de distinta \u00edndole<\/strong>, tales como repavimentaciones, duplicaciones de calzada y, en esta oportunidad, seis intervenciones para mejorar Caminos Rurales en el interior bonaerense\u201d, explic\u00f3 el <strong>subadministrador de Vialidad, Mart\u00edn Fraschetti<\/strong>, quien encabez\u00f3 el encuentro.<\/p>\n<p>&nbsp;<\/p>\n<figure id=\"attachment_35991\" aria-describedby=\"caption-attachment-35991\" style=\"width: 800px\" class=\"wp-caption aligncenter\"><img data-recalc-dims=\"1\" loading=\"lazy\" decoding=\"async\" class=\"wp-image-35991 size-full\" src=\"https:\/\/i0.wp.com\/cdnoticias.com\/wp-content\/uploads\/2021\/10\/vialidad-licitacion-01.jpg?resize=800%2C445&#038;ssl=1\" alt=\"\" width=\"800\" height=\"445\" srcset=\"https:\/\/i0.wp.com\/cdnoticias.com\/wp-content\/uploads\/2021\/10\/vialidad-licitacion-01.jpg?w=800&amp;ssl=1 800w, https:\/\/i0.wp.com\/cdnoticias.com\/wp-content\/uploads\/2021\/10\/vialidad-licitacion-01.jpg?resize=300%2C167&amp;ssl=1 300w, https:\/\/i0.wp.com\/cdnoticias.com\/wp-content\/uploads\/2021\/10\/vialidad-licitacion-01.jpg?resize=768%2C427&amp;ssl=1 768w\" sizes=\"auto, (max-width: 800px) 100vw, 800px\" \/><figcaption id=\"caption-attachment-35991\" class=\"wp-caption-text\">El subadministrador de Vialidad, Mart\u00edn Fraschetti.<\/figcaption><\/figure>\n<p>&nbsp;<\/p>\n<blockquote><p>\u00a0A su vez, dijo: \u201cEl gobernador Kicillof nos indic\u00f3 seguir fortaleciendo la obra p\u00fablica, ya que \u00e9sta genera puestos de trabajo, permite mejorar la conexi\u00f3n entre localidades, favorece el sistema productivo, brinda mayor seguridad vial y transforma la vida de pueblos y ciudades\u201d.<\/p><\/blockquote>\n<p>&nbsp;<\/p>\n<p><strong>En Olavarr\u00eda<\/strong><\/p>\n<p>&nbsp;<\/p>\n<p><a href=\"https:\/\/cdnoticias.com\/index.php\/2021\/03\/21\/mineria-confirman-obras-de-mejoramiento-en-la-ruta-n-51-vieja\/\" target=\"_blank\" rel=\"noopener\">La obra se hab\u00eda adelantado originalmente en marzo<\/a>. Con el avance del proceso, se detall\u00f3 desde el organismo provincial que <strong>se licit\u00f3 el estabilizado del Camino N\u00b0 006-19<\/strong>, denominado tambi\u00e9n \u201cRuta 51 Vieja\u201d. La traza a intervenir posee una longitud de 15 kil\u00f3metros y su desarrollo materializa el l\u00edmite entre los Partidos de Azul y Olavarr\u00eda.<\/p>\n<p>&nbsp;<\/p>\n<blockquote><p>\u201cEste camino es de gran importancia dado que es utilizado como arteria de ingreso y egreso a la Ruta Nacional N\u00b0 226, adem\u00e1s de ser una v\u00eda de comunicaci\u00f3n hacia Colonia San Miguel\u201d se destac\u00f3 desde Vialidad provincial.<\/p><\/blockquote>\n<p>&nbsp;<\/p>\n<figure id=\"attachment_35992\" aria-describedby=\"caption-attachment-35992\" style=\"width: 800px\" class=\"wp-caption alignnone\"><img data-recalc-dims=\"1\" loading=\"lazy\" decoding=\"async\" class=\"wp-image-35992 size-full\" src=\"https:\/\/i0.wp.com\/cdnoticias.com\/wp-content\/uploads\/2021\/10\/vialidad-licitacion-ruta-51-vieja-00.jpg?resize=800%2C411&#038;ssl=1\" alt=\"\" width=\"800\" height=\"411\" srcset=\"https:\/\/i0.wp.com\/cdnoticias.com\/wp-content\/uploads\/2021\/10\/vialidad-licitacion-ruta-51-vieja-00.jpg?w=800&amp;ssl=1 800w, https:\/\/i0.wp.com\/cdnoticias.com\/wp-content\/uploads\/2021\/10\/vialidad-licitacion-ruta-51-vieja-00.jpg?resize=300%2C154&amp;ssl=1 300w, https:\/\/i0.wp.com\/cdnoticias.com\/wp-content\/uploads\/2021\/10\/vialidad-licitacion-ruta-51-vieja-00.jpg?resize=768%2C395&amp;ssl=1 768w\" sizes=\"auto, (max-width: 800px) 100vw, 800px\" \/><figcaption id=\"caption-attachment-35992\" class=\"wp-caption-text\">La traza a intervenir entre Olavarr\u00eda y Azul.<\/figcaption><\/figure>\n<p>&nbsp;<\/p>\n<p>Se remarc\u00f3 tambi\u00e9n que \u201cla traza se desarrolla en <strong>una zona geogr\u00e1fica donde predomina, adem\u00e1s de la producci\u00f3n agr\u00edcola ganadera, la miner\u00eda a cielo abierto<\/strong>, explot\u00e1ndose all\u00ed los diferentes minerales para la industria de la construcci\u00f3n\u201d.<\/p>\n<p>&nbsp;<\/p>\n<p><strong>El presupuesto oficial es de 105.793.536,02 pesos<\/strong> y se presentaron 6 ofertas. <em>Los oferentes fueron: CEMAR SA que ofert\u00f3 por 105,9 millones de pesos; INSA SA que propuso 116,3 millones de pesos; Calera Ezeiza SA que present\u00f3 117,5 millones de pesos; Racaval SA que ofert\u00f3 126,9 millones de pesos; Luis Franco Russo propuso 119,1 millones de pesos y Marin Construcciones present\u00f3 108,1 millones<\/em>.<\/p>\n<p>&nbsp;<\/p>\n<p><strong>M\u00e1s obras<\/strong><\/p>\n<p>&nbsp;<\/p>\n<p>La licitaci\u00f3n comenz\u00f3 con la obra de <strong>estabilizado del Camino N\u00b0 077-21<\/strong>, en el tramo de 9,68 kil\u00f3metros comprendido entre la Ruta Provincial N\u00b0 65 hasta la localidad de 12 de octubre, en el <strong>partido de 9 de Julio<\/strong>. La obra favorecer\u00e1 el traslado de la producci\u00f3n av\u00edcola y agropecuaria, como as\u00ed tambi\u00e9n permitir\u00e1 acceder a la Escuela de Educaci\u00f3n Primaria N\u00b0 22 &#8220;Remedios Escalada de San Mart\u00edn&#8221; y el Jard\u00edn de Infantes N\u00b0 912 &#8220;Mariano Moreno&#8221;.<\/p>\n<p>&nbsp;<\/p>\n<p>Para su realizaci\u00f3n, el presupuesto oficial es de $ 71.642.658,64 y se presentaron 5 ofertas.<\/p>\n<p>&nbsp;<\/p>\n<figure id=\"attachment_35989\" aria-describedby=\"caption-attachment-35989\" style=\"width: 800px\" class=\"wp-caption alignnone\"><img data-recalc-dims=\"1\" loading=\"lazy\" decoding=\"async\" class=\"wp-image-35989 size-full\" src=\"https:\/\/i0.wp.com\/cdnoticias.com\/wp-content\/uploads\/2021\/10\/vialidad-licitacion-03.jpg?resize=800%2C445&#038;ssl=1\" alt=\"\" width=\"800\" height=\"445\" srcset=\"https:\/\/i0.wp.com\/cdnoticias.com\/wp-content\/uploads\/2021\/10\/vialidad-licitacion-03.jpg?w=800&amp;ssl=1 800w, https:\/\/i0.wp.com\/cdnoticias.com\/wp-content\/uploads\/2021\/10\/vialidad-licitacion-03.jpg?resize=300%2C167&amp;ssl=1 300w, https:\/\/i0.wp.com\/cdnoticias.com\/wp-content\/uploads\/2021\/10\/vialidad-licitacion-03.jpg?resize=768%2C427&amp;ssl=1 768w\" sizes=\"auto, (max-width: 800px) 100vw, 800px\" \/><figcaption id=\"caption-attachment-35989\" class=\"wp-caption-text\">Participaron del acto el Subadministrador de Vialidad, Mart\u00edn Fraschetti, el Gerente T\u00e9cnico, Pablo Morano, y el Gerente Ejecutivo, Omar Andrek.<\/figcaption><\/figure>\n<p>&nbsp;<\/p>\n<p>Luego, se licit\u00f3 la obra de <strong>estabilizaci\u00f3n del Camino N\u00b0 089-06<\/strong>, en el tramo de 20 kil\u00f3metros comprendido entre la Ruta Nacional N\u00b0 33 y Villa Sena, en el <strong>partido de Rivadavia<\/strong>. Este camino conecta distintos tambos, feed lots, granjas porcinas y av\u00edcolas, por mencionar algunos emprendimientos rurales, con la localidad urbana de Fort\u00edn Olavarr\u00eda y con la Ruta Nacional N\u00b0 33.<\/p>\n<p>&nbsp;<\/p>\n<p>Teniendo en cuenta que el promedio de tr\u00e1nsito por este camino es de 7.000 veh\u00edculos al a\u00f1o, la obra a realizar se torna esencial para garantizar la seguridad vial de quienes circulen por \u00e9l. El presupuesto oficial es de $ 134.058.367,24 y se presentaron 4 ofertas.<\/p>\n<p>&nbsp;<\/p>\n<p>M\u00e1s tarde, se licit\u00f3 el estabilizado del <strong>Camino N\u00b0 085-01<\/strong>, en el tramo de 15 kil\u00f3metros comprendido entre la Ruta Provincial N\u00b0 67 y el l\u00edmite del <strong>Partido de Pu\u00e1n<\/strong>.<\/p>\n<p>&nbsp;<\/p>\n<p>Esta v\u00eda conecta las localidades de Pu\u00e1n y Erize, Erize y Carhu\u00e9, como as\u00ed tambi\u00e9n los partidos de Pu\u00e1n y Adolfo Alsina. En cuanto a lo productivo, funciona como v\u00eda para transportar cebada, soja, ma\u00edz, girasol, por mencionar algunos alimentos.<\/p>\n<p>&nbsp;<\/p>\n<p>El presupuesto oficial es de $109.582.279,05 y se presentaron 4 ofertas.<\/p>\n<p>&nbsp;<\/p>\n<p>Posteriormente, se llev\u00f3 a cabo la licitaci\u00f3n de la obra de <strong>estabilizaci\u00f3n de la Ruta Provincial N\u00b0 60<\/strong>, en el tramo de 47,3 kil\u00f3metros comprendido entre las Rutas Provinciales N\u00b0 30 y 29, en el <strong>partido de Rauch<\/strong>.<\/p>\n<p>&nbsp;<\/p>\n<p>La obra permitir\u00e1 mejorar la conectividad de los transportistas que transitan hacia las Rutas Provinciales N\u00b0 6 y 41, como as\u00ed tambi\u00e9n hacia la Nacional N\u00b0 3, con destino a Ca\u00f1uelas y La Plata.\u00a0 Es importante destacar que por este tramo de la ruta tambi\u00e9n se accede a la Colonia \u201cEl Albard\u00f3n\u201d con 32 unidades productivas y una Experimental, perteneciente al Ministerio de Desarrollo Agrario de la Provincia de Buenos Aires.<\/p>\n<p>&nbsp;<\/p>\n<p>El presupuesto oficial es de $404.498.141,19 y se presentaron 8 ofertas.<\/p>\n<p>&nbsp;<\/p>\n<figure id=\"attachment_35988\" aria-describedby=\"caption-attachment-35988\" style=\"width: 800px\" class=\"wp-caption alignnone\"><img data-recalc-dims=\"1\" loading=\"lazy\" decoding=\"async\" class=\"wp-image-35988 size-full\" src=\"https:\/\/i0.wp.com\/cdnoticias.com\/wp-content\/uploads\/2021\/10\/vialidad-licitacion-02.jpg?resize=800%2C445&#038;ssl=1\" alt=\"\" width=\"800\" height=\"445\" srcset=\"https:\/\/i0.wp.com\/cdnoticias.com\/wp-content\/uploads\/2021\/10\/vialidad-licitacion-02.jpg?w=800&amp;ssl=1 800w, https:\/\/i0.wp.com\/cdnoticias.com\/wp-content\/uploads\/2021\/10\/vialidad-licitacion-02.jpg?resize=300%2C167&amp;ssl=1 300w, https:\/\/i0.wp.com\/cdnoticias.com\/wp-content\/uploads\/2021\/10\/vialidad-licitacion-02.jpg?resize=768%2C427&amp;ssl=1 768w\" sizes=\"auto, (max-width: 800px) 100vw, 800px\" \/><figcaption id=\"caption-attachment-35988\" class=\"wp-caption-text\">Representantes de los municipios beneficiados con las obras participaron del acto por videoconferencia.<\/figcaption><\/figure>\n<p>&nbsp;<\/p>\n<p>Asimismo, se licit\u00f3 el <strong>estabilizado del Camino N\u00b0 016-06<\/strong>, en un tramo de 13,85 kil\u00f3metros comprendido entre Cadret y Centenario Sur, en el <strong>partido de Carlos Casares<\/strong>. La zona de la localidad de Cadret cuenta con tres empresas l\u00e1cteas que absorben una gran cantidad de mano de obra y necesitan esta arteria para transportar hacia la Ruta Nacional N\u00b0 5 m\u00e1s de 100.000 litros de leche diariamente. Por lo tanto, esta obra favorecer\u00e1 el traslado de camiones de gran porte que circulen por este camino.<\/p>\n<p>&nbsp;<\/p>\n<p>El presupuesto oficial es de $191.248.914,88 y se presentaron 9 ofertas.<\/p>\n<p>&nbsp;<\/p>\n<p><strong>Producci\u00f3n y comunicaci\u00f3n<\/strong><\/p>\n<p>&nbsp;<\/p>\n<p>Durante el acto, se encontraron presentes el <em>gerente T\u00e9cnico de Vialidad, Pablo Morano; el gerente Ejecutivo del organismo, Omar Andrek; y representantes de las empresas oferente<\/em>s.<\/p>\n<p>&nbsp;<\/p>\n<p>Tom\u00f3 la palabra el <strong>intendente de Carlos Casares, Walter Torchio<\/strong>: \u201cAgradecemos al Gobierno Provincial y al equipo t\u00e9cnico de Vialidad por brindar respuestas sobre un tema tan sensible para el interior profundo como lo es el estado de los Caminos Rurales\u201d dijo. Y concluy\u00f3: <strong>\u201cLas obras no s\u00f3lo tienen un impacto en el aparato productivo, sino tambi\u00e9n en las comunidades que necesitan acceder al sistema de salud y a la educaci\u00f3n\u201d<\/strong>.<\/p>\n<p>&nbsp;<\/p>\n<p>A trav\u00e9s de videoconferencia asistieron tambi\u00e9n el<em> intendente de Rivadavia, Javier Reynoso; su par de Rauch, Maximiliano Suesc\u00fan; la precandidata del Frente de Todos por Rauch, Mar\u00eda Lamarche; y representantes de los municipios de Azul y 9 de julio<\/em>.<\/p>\n","protected":false},"excerpt":{"rendered":"<p>La Direcci\u00f3n de Vialidad dispuso 105,7 millones de pesos de presupuesto. La obra se enmarca en el Plan Estrat\u00e9gico de<\/p>\n","protected":false},"author":4,"featured_media":35990,"comment_status":"closed","ping_status":"closed","sticky":false,"template":"","format":"standard","meta":{"_jetpack_memberships_contains_paid_content":false,"footnotes":""},"categories":[5,1],"tags":[],"class_list":["post-35981","post","type-post","status-publish","format-standard","has-post-thumbnail","hentry","category-informacion-general","category-portada"],"jetpack_featured_media_url":"https:\/\/i0.wp.com\/cdnoticias.com\/wp-content\/uploads\/2021\/10\/vialidad-licitacion-00.jpg?fit=800%2C445&ssl=1","jetpack_sharing_enabled":true,"_links":{"self":[{"href":"https:\/\/cdnoticias.com\/index.php\/wp-json\/wp\/v2\/posts\/35981","targetHints":{"allow":["GET"]}}],"collection":[{"href":"https:\/\/cdnoticias.com\/index.php\/wp-json\/wp\/v2\/posts"}],"about":[{"href":"https:\/\/cdnoticias.com\/index.php\/wp-json\/wp\/v2\/types\/post"}],"author":[{"embeddable":true,"href":"https:\/\/cdnoticias.com\/index.php\/wp-json\/wp\/v2\/users\/4"}],"replies":[{"embeddable":true,"href":"https:\/\/cdnoticias.com\/index.php\/wp-json\/wp\/v2\/comments?post=35981"}],"version-history":[{"count":0,"href":"https:\/\/cdnoticias.com\/index.php\/wp-json\/wp\/v2\/posts\/35981\/revisions"}],"wp:featuredmedia":[{"embeddable":true,"href":"https:\/\/cdnoticias.com\/index.php\/wp-json\/wp\/v2\/media\/35990"}],"wp:attachment":[{"href":"https:\/\/cdnoticias.com\/index.php\/wp-json\/wp\/v2\/media?parent=35981"}],"wp:term":[{"taxonomy":"category","embeddable":true,"href":"https:\/\/cdnoticias.com\/index.php\/wp-json\/wp\/v2\/categories?post=35981"},{"taxonomy":"post_tag","embeddable":true,"href":"https:\/\/cdnoticias.com\/index.php\/wp-json\/wp\/v2\/tags?post=35981"}],"curies":[{"name":"wp","href":"https:\/\/api.w.org\/{rel}","templated":true}]}}