{"id":35860,"date":"2021-10-18T08:29:52","date_gmt":"2021-10-18T11:29:52","guid":{"rendered":"http:\/\/www.centraldenoticias.com.ar\/?p=35860"},"modified":"2021-10-18T12:32:59","modified_gmt":"2021-10-18T15:32:59","slug":"carlos-alfredo-aguilera-el-negro-q-e-p-d","status":"publish","type":"post","link":"https:\/\/cdnoticias.com\/index.php\/2021\/10\/18\/carlos-alfredo-aguilera-el-negro-q-e-p-d\/","title":{"rendered":"Carlos Alfredo Aguilera &#8220;El Negro&#8221; (Q.E.P.D.)"},"content":{"rendered":"<p>Falleci\u00f3 en Olavarr\u00eda el d\u00eda 18 de octubre de 2021 a los 78 a\u00f1os de edad.<\/p>\n<p>&nbsp;<\/p>\n<p>Su esposa Susana Pellejero. Sus hijos Claudia y Guillermo Aguilera. Sus hijos pol\u00edtico Monina Lospinoso. Sus nietos Laila Mocorich; Pilar y Tomas Aguilera. Su nieto del coraz\u00f3n Esteban Flandez. Sus bisnietos Isabella y Jano Flandez Mocorich. Sus hermanos. Sus hermanos pol\u00edticos y dem\u00e1s deudos participan su fallecimiento.<\/p>\n<p>&nbsp;<\/p>\n<p>Velatorio: Espa\u00f1a 2942 departamento &#8220;C&#8221;. El velatorio se realizar\u00e1 este lunes de 14:30 a 16:30. Responso: Capilla Ardiente. Cremaci\u00f3n: Crematorio Pinos de Paz, en d\u00eda a confirmar. Servicio adherido a Coopelectric.<\/p>\n<p>&nbsp;<\/p>\n<p>Vecino de Barrio Coronel Dorrego.<\/p>\n<p>&nbsp;<\/p>\n<p>Nacido en Maip\u00fa.<\/p>\n<p>&nbsp;<\/p>\n<p>Actividad que desarrollaba: Jubilado.<\/p>\n","protected":false},"excerpt":{"rendered":"<p>Falleci\u00f3 en Olavarr\u00eda el d\u00eda 18 de octubre de 2021 a los 78 a\u00f1os de edad. &nbsp; Su esposa Susana<\/p>\n","protected":false},"author":4,"featured_media":0,"comment_status":"closed","ping_status":"closed","sticky":false,"template":"","format":"standard","meta":{"_jetpack_memberships_contains_paid_content":false,"footnotes":""},"categories":[10],"tags":[],"class_list":["post-35860","post","type-post","status-publish","format-standard","hentry","category-necrologicas"],"jetpack_featured_media_url":"","jetpack_sharing_enabled":true,"_links":{"self":[{"href":"https:\/\/cdnoticias.com\/index.php\/wp-json\/wp\/v2\/posts\/35860","targetHints":{"allow":["GET"]}}],"collection":[{"href":"https:\/\/cdnoticias.com\/index.php\/wp-json\/wp\/v2\/posts"}],"about":[{"href":"https:\/\/cdnoticias.com\/index.php\/wp-json\/wp\/v2\/types\/post"}],"author":[{"embeddable":true,"href":"https:\/\/cdnoticias.com\/index.php\/wp-json\/wp\/v2\/users\/4"}],"replies":[{"embeddable":true,"href":"https:\/\/cdnoticias.com\/index.php\/wp-json\/wp\/v2\/comments?post=35860"}],"version-history":[{"count":0,"href":"https:\/\/cdnoticias.com\/index.php\/wp-json\/wp\/v2\/posts\/35860\/revisions"}],"wp:attachment":[{"href":"https:\/\/cdnoticias.com\/index.php\/wp-json\/wp\/v2\/media?parent=35860"}],"wp:term":[{"taxonomy":"category","embeddable":true,"href":"https:\/\/cdnoticias.com\/index.php\/wp-json\/wp\/v2\/categories?post=35860"},{"taxonomy":"post_tag","embeddable":true,"href":"https:\/\/cdnoticias.com\/index.php\/wp-json\/wp\/v2\/tags?post=35860"}],"curies":[{"name":"wp","href":"https:\/\/api.w.org\/{rel}","templated":true}]}}