{"id":35815,"date":"2021-10-17T12:22:12","date_gmt":"2021-10-17T15:22:12","guid":{"rendered":"http:\/\/www.centraldenoticias.com.ar\/?p=35815"},"modified":"2021-10-17T18:29:26","modified_gmt":"2021-10-17T21:29:26","slug":"presentaciones-estrategias-y-una-campana-caliente-en-olavarria","status":"publish","type":"post","link":"https:\/\/cdnoticias.com\/index.php\/2021\/10\/17\/presentaciones-estrategias-y-una-campana-caliente-en-olavarria\/","title":{"rendered":"Presentaciones, estrategias y una campa\u00f1a caliente en Olavarr\u00eda"},"content":{"rendered":"<p dir=\"ltr\">La llegada de Axel Kicillof y sus r\u00e9plicas, algunas desmemoriadas. &#8220;Bali&#8221; Bucca y el rearmado peronista en Olavarr\u00eda, \u00bfbusca ser l\u00edder seccional del Frente de Todos? Mario Cura y su apuesta peronista dentro de Juntos al lado del Intendente.\u00a0<!--more--><\/p>\n<hr \/>\n<p>Extracto del newsletter Volver a las Fuentes,<a href=\"https:\/\/mailchi.mp\/71457894f8d8\/no-tocar-esta-campaa-est-caliente?e=b6c762679c\" target=\"_blank\" rel=\"noopener\">\u00a0donde\u00a0se\u00a0puede acceder y suscribir ac\u00e1<\/a>.\u00a0<strong>Por Alexis Grierson y Josefina Bargas<\/strong>.<\/p>\n<p>&nbsp;<\/p>\n<p dir=\"ltr\">Entre el jueves y el viernes desembarc\u00f3 parte del gabinete bonaerense y un ministro nacional en Olavarr\u00eda. El despliegue, m\u00e1s all\u00e1 de las acciones de gesti\u00f3n concretas que se desarrollaron, muestra que\u00a0<strong>el Frente de Todos sigue considerando de importancia a la S\u00e9ptima y a Olavarr\u00eda<\/strong>: sigue en la mira la intenci\u00f3n de cosechar esa banca\u00a0 en la Legislatura. Es que tres mil votos en la S\u00e9ptima son tanto y tan poco a la vez&#8230;<\/p>\n<p>&nbsp;<\/p>\n<p dir=\"ltr\">En los discursos priman los mensajes con\u00a0<strong>mirada a futuro y el optimismo<\/strong>\u00a0para mostrar resultados econ\u00f3micos que son muy positivos en la macro, pero que no se reflejan en el bolsillo.\u00a0<strong>Palabra clave: \u201creactivaci\u00f3n\u201d.<\/strong><\/p>\n<p dir=\"ltr\"><img data-recalc-dims=\"1\" loading=\"lazy\" decoding=\"async\" class=\"alignnone size-full wp-image-35473\" src=\"https:\/\/i0.wp.com\/cdnoticias.com\/wp-content\/uploads\/2021\/10\/cronica-kicillof-olavarria20.jpg?resize=800%2C445&#038;ssl=1\" alt=\"\" width=\"800\" height=\"445\" srcset=\"https:\/\/i0.wp.com\/cdnoticias.com\/wp-content\/uploads\/2021\/10\/cronica-kicillof-olavarria20.jpg?w=4608&amp;ssl=1 4608w, https:\/\/i0.wp.com\/cdnoticias.com\/wp-content\/uploads\/2021\/10\/cronica-kicillof-olavarria20.jpg?resize=300%2C167&amp;ssl=1 300w, https:\/\/i0.wp.com\/cdnoticias.com\/wp-content\/uploads\/2021\/10\/cronica-kicillof-olavarria20.jpg?resize=768%2C427&amp;ssl=1 768w, https:\/\/i0.wp.com\/cdnoticias.com\/wp-content\/uploads\/2021\/10\/cronica-kicillof-olavarria20.jpg?resize=1024%2C570&amp;ssl=1 1024w, https:\/\/i0.wp.com\/cdnoticias.com\/wp-content\/uploads\/2021\/10\/cronica-kicillof-olavarria20.jpg?resize=800%2C445&amp;ssl=1 800w, https:\/\/i0.wp.com\/cdnoticias.com\/wp-content\/uploads\/2021\/10\/cronica-kicillof-olavarria20.jpg?w=1600&amp;ssl=1 1600w, https:\/\/i0.wp.com\/cdnoticias.com\/wp-content\/uploads\/2021\/10\/cronica-kicillof-olavarria20.jpg?w=2400&amp;ssl=1 2400w\" sizes=\"auto, (max-width: 800px) 100vw, 800px\" \/><\/p>\n<p>&nbsp;<\/p>\n<p dir=\"ltr\">El jueves por la ma\u00f1ana estuvieron\u00a0<strong>Axel Kicillof y el ministro de Seguridad Sergio Berni<\/strong>. Iban a venir el d\u00eda anterior pero \u2026. el clima se lo impidi\u00f3, seg\u00fan expresaron. Entonces el gobernador lleg\u00f3 hasta Tapalqu\u00e9, donde pas\u00f3 la noche para presentarse al otro d\u00eda bien temprano en el Cerro Fortabat. En la recorrida por el campo de entrenamiento de los estudiantes de polic\u00eda, Liliana Schwindt le hizo pr\u00e1cticamente marca personal. No se le despeg\u00f3 ni un minuto. En el acto estuvo Maximiliano Wesner en el centro de la escena.<\/p>\n<p>&nbsp;<\/p>\n<p dir=\"ltr\">Las novedades fueron muy importantes:\u00a0<em>entrega de 22 patrulleros para Olavarr\u00eda y Azul (despu\u00e9s de un par de a\u00f1os sin renovaci\u00f3n importante de la flota), lanzamiento de la Polic\u00eda Rural y anuncio de suba salarial para la Polic\u00eda y el Servicio Penitenciario que deja el total anual en 46,5%<\/em>.<\/p>\n<p>&nbsp;<\/p>\n<p dir=\"ltr\">Este \u00faltimo anuncio fue sorpresa y se ley\u00f3 en t\u00e9rminos de\u00a0<strong>la intenci\u00f3n de contener un paro ya anunciado por sectores de la Polic\u00eda<\/strong>. Kicillof habl\u00f3 de\u00a0<strong>\u201cintenciones pol\u00edticas\u201d<\/strong>\u00a0cuando se le consult\u00f3 por este tema, pero lo cierto es que hab\u00eda un clima de movilizaci\u00f3n y reclamo entre los efectivos policiales, especialmente en el conurbano.\u00a0<em>\u00bfQu\u00e9 habr\u00e1n charlado Kicillof y Berni en la combi en la que lleg\u00f3 el gobernador ntes de arrancar las actividades en el Cerro Fortabat?<\/em>\u00a0Qu\u00e9 misterio\u2026<\/p>\n<p>&nbsp;<\/p>\n<p dir=\"ltr\">A todo esto, y en un apartado bien marcado,\u00a0<strong>fue una semana dif\u00edcil para el ministro Berni<\/strong>: habl\u00f3 de su pelea con M\u00e1ximo Kirchner por las decisiones de estrategia electoral, dijo en off que abandonar\u00e1 el Frente de Todos, hubo rumores de su salida del cargo y con tres homicidios seguidos en el conurbano su gesti\u00f3n qued\u00f3 cuestionada. Es cierto tambi\u00e9n que todo\u00a0<strong>afect\u00f3 adem\u00e1s\u00a0al frente oficialista provincial<\/strong>, que apenas se repone de los golpes pos PASO.<\/p>\n<p dir=\"ltr\"><img data-recalc-dims=\"1\" loading=\"lazy\" decoding=\"async\" class=\"alignnone size-full wp-image-35455\" src=\"https:\/\/i0.wp.com\/cdnoticias.com\/wp-content\/uploads\/2021\/10\/cronica-kicillof-olavarria2.jpg?resize=800%2C445&#038;ssl=1\" alt=\"\" width=\"800\" height=\"445\" srcset=\"https:\/\/i0.wp.com\/cdnoticias.com\/wp-content\/uploads\/2021\/10\/cronica-kicillof-olavarria2.jpg?w=4608&amp;ssl=1 4608w, https:\/\/i0.wp.com\/cdnoticias.com\/wp-content\/uploads\/2021\/10\/cronica-kicillof-olavarria2.jpg?resize=300%2C167&amp;ssl=1 300w, https:\/\/i0.wp.com\/cdnoticias.com\/wp-content\/uploads\/2021\/10\/cronica-kicillof-olavarria2.jpg?resize=768%2C427&amp;ssl=1 768w, https:\/\/i0.wp.com\/cdnoticias.com\/wp-content\/uploads\/2021\/10\/cronica-kicillof-olavarria2.jpg?resize=1024%2C570&amp;ssl=1 1024w, https:\/\/i0.wp.com\/cdnoticias.com\/wp-content\/uploads\/2021\/10\/cronica-kicillof-olavarria2.jpg?resize=800%2C445&amp;ssl=1 800w, https:\/\/i0.wp.com\/cdnoticias.com\/wp-content\/uploads\/2021\/10\/cronica-kicillof-olavarria2.jpg?w=1600&amp;ssl=1 1600w, https:\/\/i0.wp.com\/cdnoticias.com\/wp-content\/uploads\/2021\/10\/cronica-kicillof-olavarria2.jpg?w=2400&amp;ssl=1 2400w\" sizes=\"auto, (max-width: 800px) 100vw, 800px\" \/><\/p>\n<p>&nbsp;<\/p>\n<p dir=\"ltr\">Como te dijimos, la palabra m\u00e1s repetida es \u201creactivaci\u00f3n\u201d y con ello Kicillof dej\u00f3 una advertencia y es la cr\u00edtica a Juntos:\u00a0<em>\u201csi tenemos las mayor\u00edas que necesitamos, vamos a poder convertirla en una reactivaci\u00f3n para todos y todas. Si no va a ser un rebote autom\u00e1tico y va a quedar para los de siempre\u201d<\/em>.<\/p>\n<p>&nbsp;<\/p>\n<p dir=\"ltr\">Respecto de la entrega de patrulleros, se plante\u00f3 un debate y fue doble:\u00a0<strong>Diego Robbiani cuestion\u00f3 la gesti\u00f3n de Berni en seguridad y, tras sus declaraciones, Celeste Arouxet apunt\u00f3 contra el Municipio por los fondos locales destinados<\/strong>. \u00bfAlguien mencion\u00f3 a los patrulleros entregados en la gesti\u00f3n Ritondo que quedaron arrumbados durante mucho tiempo fuera de la Comisar\u00eda Distrital? Hubo algunos desmemoriados esta semana&#8230;<\/p>\n<p>&nbsp;<\/p>\n<p dir=\"ltr\">En cuanto a la gesti\u00f3n en seguridad rural, hay cierta\u00a0<strong>conformidad entre la dirigencia del sector rural en Olavarr\u00eda<\/strong>\u00a0con las medidas adoptadas para la formaci\u00f3n de polic\u00edas. El entrenamiento mostrado en el Cerro ante la mirada de medios y funcionarios fue un buen ejemplo: \u00a1un Oscar para el gaucho que actu\u00f3 en un allanamiento simulado!<\/p>\n<p>&nbsp;<\/p>\n<p dir=\"ltr\">Ese mismo d\u00eda por la tarde estuvieron\u00a0<strong>el ministro de Producci\u00f3n, Augusto Costa, junto con el directivo del Banco Provincia, Juan Cuatromo<\/strong>, y m\u00e1s funcionarios del \u00e1rea de Producci\u00f3n bonaerense. Tomaron parte de una reuni\u00f3n bastante nutrida y muy importante organizada por c\u00e1maras y agrupaciones industriales bonaerenses. Nuevamente, el mensaje central fue\u00a0<em>el movimiento econ\u00f3mico y la gesti\u00f3n provincial vino a mostrar que escucha las demandas del sector<\/em>.<\/p>\n<p dir=\"ltr\"><img data-recalc-dims=\"1\" loading=\"lazy\" decoding=\"async\" class=\"alignnone size-full wp-image-35563\" src=\"https:\/\/i0.wp.com\/cdnoticias.com\/wp-content\/uploads\/2021\/10\/union-industrial-augusto-costa.jpeg?resize=800%2C533&#038;ssl=1\" alt=\"\" width=\"800\" height=\"533\" srcset=\"https:\/\/i0.wp.com\/cdnoticias.com\/wp-content\/uploads\/2021\/10\/union-industrial-augusto-costa.jpeg?w=1599&amp;ssl=1 1599w, https:\/\/i0.wp.com\/cdnoticias.com\/wp-content\/uploads\/2021\/10\/union-industrial-augusto-costa.jpeg?resize=300%2C200&amp;ssl=1 300w, https:\/\/i0.wp.com\/cdnoticias.com\/wp-content\/uploads\/2021\/10\/union-industrial-augusto-costa.jpeg?resize=768%2C512&amp;ssl=1 768w, https:\/\/i0.wp.com\/cdnoticias.com\/wp-content\/uploads\/2021\/10\/union-industrial-augusto-costa.jpeg?resize=1024%2C683&amp;ssl=1 1024w, https:\/\/i0.wp.com\/cdnoticias.com\/wp-content\/uploads\/2021\/10\/union-industrial-augusto-costa.jpeg?resize=272%2C182&amp;ssl=1 272w\" sizes=\"auto, (max-width: 800px) 100vw, 800px\" \/><\/p>\n<p>&nbsp;<\/p>\n<p dir=\"ltr\">La\u00a0<strong>Uni\u00f3n Industrial de Olavarr\u00eda<\/strong>\u00a0ofici\u00f3 de anfitriona para una decena de organizaciones de ese tipo de distintos municipios, m\u00e1s organizaciones empresariales y comerciales de otra decena de municipios, y tambi\u00e9n convoc\u00f3 a Comerciantes Unidos. Entre las novedades que m\u00e1s destacaron est\u00e1 el\u00a0<strong>anuncio del Banco Provincia de la apertura de una sede en el Parque Industrial<\/strong>. Ahora, cabe se\u00f1alar que no hubo miembros de la Asociaci\u00f3n del PIO en ese encuentro.<\/p>\n<p>&nbsp;<\/p>\n<p dir=\"ltr\">Y ac\u00e1 nos queremos detener un minuto: la apertura de la sede del Provincia en el PIO fue uno de los temas m\u00e1s celebrados, aunque las quejas no se hicieron esperar.\u00a0<strong>\u201cEse edificio est\u00e1 construido hace a\u00f1os y se paga para cuidarlo, s\u00f3lo faltaba que alguien venga con la llave y lo abra porque est\u00e1 listo\u201d<\/strong>\u00a0se quejaron tras denunciar que la Uni\u00f3n Industrial \u201cse apropi\u00f3\u201d de una gesti\u00f3n del PIO. \u201c\u00bfC\u00f3mo consiguieron una foto tan r\u00e1pida del render del proyecto\u2026? Ah no, cierto, el edificio est\u00e1 listo para comenzar a funcionar\u201d ironiz\u00f3 otro dirigente, molesto con la postura de la UIO.<\/p>\n<p dir=\"ltr\"><img data-recalc-dims=\"1\" loading=\"lazy\" decoding=\"async\" class=\"alignnone size-full wp-image-35571\" src=\"https:\/\/i0.wp.com\/cdnoticias.com\/wp-content\/uploads\/2021\/10\/Union-industrial-parque-industrial-01.jpg?resize=800%2C445&#038;ssl=1\" alt=\"\" width=\"800\" height=\"445\" srcset=\"https:\/\/i0.wp.com\/cdnoticias.com\/wp-content\/uploads\/2021\/10\/Union-industrial-parque-industrial-01.jpg?w=800&amp;ssl=1 800w, https:\/\/i0.wp.com\/cdnoticias.com\/wp-content\/uploads\/2021\/10\/Union-industrial-parque-industrial-01.jpg?resize=300%2C167&amp;ssl=1 300w, https:\/\/i0.wp.com\/cdnoticias.com\/wp-content\/uploads\/2021\/10\/Union-industrial-parque-industrial-01.jpg?resize=768%2C427&amp;ssl=1 768w\" sizes=\"auto, (max-width: 800px) 100vw, 800px\" \/><\/p>\n<p>&nbsp;<\/p>\n<p dir=\"ltr\">M\u00e1s all\u00e1 de que Cuatromo dio el empuj\u00f3n que faltaba, este tema hizo rebrotar\u00a0<strong>una de las internas m\u00e1s feroces del \u00faltimo tiempo: la Uni\u00f3n Industrial vs. la Asociaci\u00f3n del PIO<\/strong>. A vistas de lo sucedido en la \u00faltima semana, lejos est\u00e1 de solucionarse, e incluso la Uni\u00f3n Industrial tambi\u00e9n pisa fuerte en la escrituraci\u00f3n de terrenos de los Parques Industriales, un anhelo que, como repasamos la semana pasada, est\u00e1 todav\u00eda trabado.<\/p>\n<p>&nbsp;<\/p>\n<p dir=\"ltr\">Ahora s\u00ed, volvemos:\u00a0<em>falta de insumos y materias primas, demoras en los tr\u00e1mites de importaci\u00f3n, que el Estado elija a las pymes como proveedoras y la necesidad de capital de trabajo estuvieron entre los planteos que se llev\u00f3 Costa y su equipo. Incluso, le pidieron obras en la ruta 3 hacia Bah\u00eda Blanca.<\/em>\u00a0Atenci\u00f3n entonces porque bastantes de los pedidos son de base demandas a la gesti\u00f3n nacional.<\/p>\n<p>&nbsp;<\/p>\n<p dir=\"ltr\">Y siguen. Al otro d\u00eda,\u00a0<strong>el ministro de Desarrollo Territorial y H\u00e1bitat, Jorge Ferraresi, lleg\u00f3 a la ciudad para la entrega de 37 cr\u00e9ditos Procrear<\/strong>. Resalt\u00f3 la cantidad de puestos de trabajo que implica la construcci\u00f3n de viviendas, el objetivo de construir 100.000 viviendas por a\u00f1o y tir\u00f3 un palito para el Municipio:\u00a0<em>\u201ca veces es m\u00e1s f\u00e1cil si los gobiernos locales ponen en agenda la vivienda, cosa que el gobierno local en Olavarr\u00eda no lo hace\u201d<\/em>. Claro que hubo respuesta: ayer en la presentaci\u00f3n de las listas de Juntos Diego Robbiani cuestion\u00f3 la palabra del ministro y se refiri\u00f3 al Plan TUVI.<\/p>\n<p dir=\"ltr\"><img data-recalc-dims=\"1\" loading=\"lazy\" decoding=\"async\" class=\"alignnone size-full wp-image-35622\" src=\"https:\/\/i0.wp.com\/cdnoticias.com\/wp-content\/uploads\/2021\/10\/Casa-Propia06.jpg?resize=800%2C445&#038;ssl=1\" alt=\"\" width=\"800\" height=\"445\" srcset=\"https:\/\/i0.wp.com\/cdnoticias.com\/wp-content\/uploads\/2021\/10\/Casa-Propia06.jpg?w=800&amp;ssl=1 800w, https:\/\/i0.wp.com\/cdnoticias.com\/wp-content\/uploads\/2021\/10\/Casa-Propia06.jpg?resize=300%2C167&amp;ssl=1 300w, https:\/\/i0.wp.com\/cdnoticias.com\/wp-content\/uploads\/2021\/10\/Casa-Propia06.jpg?resize=768%2C427&amp;ssl=1 768w\" sizes=\"auto, (max-width: 800px) 100vw, 800px\" \/><\/p>\n<p>&nbsp;<\/p>\n<p dir=\"ltr\">M\u00e1s all\u00e1 de estos pasajes, la semana nos dej\u00f3 un mensaje: el Frente de Todos ya tiene a la provincia de Buenos Aires como espacio central para la campa\u00f1a y, en particular, la gesti\u00f3n provincial sostiene su inter\u00e9s por el resultado de la S\u00e9ptima. \u00bfQu\u00e9 queremos decir? Que\u00a0<strong>van a seguir las visitas de funcionarios a Olavarr\u00eda y que la intensidad es probable que sea a\u00fan mayor que en la campa\u00f1a para las PASO<\/strong>. A esto le sigue otra idea: los oficialismos imponen ritmos, y las oposiciones suelen seguirlos. Es decir que las visitas de dirigentes de la oposici\u00f3n tambi\u00e9n van a ser intensas para competir en \u201cpresencia\u201d en Olavarr\u00eda y en la S\u00e9ptima.<\/p>\n<p>&nbsp;<\/p>\n<p dir=\"ltr\">Pero<strong>\u00a0hay visitas que llegan y no se hacen notar<\/strong>\u00a0<strong>tanto<\/strong>. Otro que estuvo en la semana fue\u00a0<strong>Jos\u00e9 Luis Espert<\/strong>, con Carolina P\u00edparo, para mantener una reuni\u00f3n interna de dirigentes de Avanza Libertad de la S\u00e9ptima. El referente de \u201clos libertarios\u201d estuvo en la Uni\u00f3n Industrial y dialog\u00f3 con sus dirigentes.<\/p>\n<p>&nbsp;<\/p>\n<p dir=\"ltr\">Otro que tambi\u00e9n lleg\u00f3 a Olavarr\u00eda fue\u00a0<strong>Santiago Fraschina<\/strong>, el secretario general de Anses. Mantuvo encuentros ac\u00e1 y en Azul donde combin\u00f3 actividad de Anses, con la entrega de jubilaciones a mujeres que accedieron al beneficio por tareas de cuidado, y de campa\u00f1a con reuniones con integrantes del Frente de Todos.<\/p>\n<p>&nbsp;<\/p>\n<p dir=\"ltr\"><u><strong>Inauguraciones y presentaciones<\/strong><\/u><\/p>\n<p dir=\"ltr\"><img data-recalc-dims=\"1\" loading=\"lazy\" decoding=\"async\" class=\"alignnone size-full wp-image-35259\" src=\"https:\/\/i0.wp.com\/cdnoticias.com\/wp-content\/uploads\/2021\/10\/WhatsApp-Image-2021-10-12-at-19.10.15-1.jpeg?resize=800%2C533&#038;ssl=1\" alt=\"\" width=\"800\" height=\"533\" srcset=\"https:\/\/i0.wp.com\/cdnoticias.com\/wp-content\/uploads\/2021\/10\/WhatsApp-Image-2021-10-12-at-19.10.15-1.jpeg?w=1152&amp;ssl=1 1152w, https:\/\/i0.wp.com\/cdnoticias.com\/wp-content\/uploads\/2021\/10\/WhatsApp-Image-2021-10-12-at-19.10.15-1.jpeg?resize=300%2C200&amp;ssl=1 300w, https:\/\/i0.wp.com\/cdnoticias.com\/wp-content\/uploads\/2021\/10\/WhatsApp-Image-2021-10-12-at-19.10.15-1.jpeg?resize=768%2C512&amp;ssl=1 768w, https:\/\/i0.wp.com\/cdnoticias.com\/wp-content\/uploads\/2021\/10\/WhatsApp-Image-2021-10-12-at-19.10.15-1.jpeg?resize=1024%2C683&amp;ssl=1 1024w, https:\/\/i0.wp.com\/cdnoticias.com\/wp-content\/uploads\/2021\/10\/WhatsApp-Image-2021-10-12-at-19.10.15-1.jpeg?resize=272%2C182&amp;ssl=1 272w\" sizes=\"auto, (max-width: 800px) 100vw, 800px\" \/><\/p>\n<p>&nbsp;<\/p>\n<p dir=\"ltr\">Los principales espacios locales en carrera para noviembre dieron su\u00a0<strong>primer paso formal en la campa\u00f1a<\/strong>: el Frente de Todos dio a conocer sus propuestas con un acto en el CECO donde hablaron los candidatos a concejales y Juntos\u00a0<a href=\"https:\/\/gmail.us17.list-manage.com\/track\/click?u=cba2a41506a8e26d100c3f0f8&amp;id=5521c56ac6&amp;e=b6c762679c\" target=\"_blank\" rel=\"noopener\" data-saferedirecturl=\"https:\/\/www.google.com\/url?q=https:\/\/gmail.us17.list-manage.com\/track\/click?u%3Dcba2a41506a8e26d100c3f0f8%26id%3D5521c56ac6%26e%3Db6c762679c&amp;source=gmail&amp;ust=1634569195243000&amp;usg=AFQjCNEJIK4q3zuURGWOZETiP-1UviaWsA\">lanz\u00f3 un nuevo spot<\/a>\u00a0y present\u00f3 sus nuevas listas -\u00a1ahora integradas!- local y seccional.<\/p>\n<p>&nbsp;<\/p>\n<p dir=\"ltr\"><strong>Las propuestas del Frente de Todos dejaron pocas novedades<\/strong>. Se presentaron en formato conferencia, con transmisi\u00f3n online. Resaltaron los ejes de\u00a0<strong>\u201cindustria\u201d, \u201cobras p\u00fablicas\u201d y \u201cjuventud\u201d<\/strong>, aunque las iniciativas mencionadas ya se hab\u00edan expuesto previamente o proponen alguna reforma respecto de pol\u00edticas que ya se aplican. En rigor, hay una continuidad entre las propuestas de 2017, 2019 y las de ahora. Se le podr\u00eda decir coherencia, aunque tambi\u00e9n hay que se\u00f1alar que le hablan a la misma audiencia.<\/p>\n<p>&nbsp;<\/p>\n<p dir=\"ltr\"><strong>El acto de Juntos fue a la vera del arroyo<\/strong>, frente a la Casa del Bicentenario en la soleada ma\u00f1ana del s\u00e1bado. Desde la apertura con la locuci\u00f3n y en cada uno de los discursos\u00a0<strong>se repiti\u00f3 el mensaje de la unidad<\/strong>. Hablaron -en este orden- Bruno Cenizo, Bel\u00e9n Vergel, Diego Robbiani, Alejandro Cellillo y Ezequiel Galli. Todos se mostraron confiados en la victoria local, seccional y nacional, y adem\u00e1s apelaron a \u201cbuscar m\u00e1s votos\u201d.<\/p>\n<p dir=\"ltr\"><img data-recalc-dims=\"1\" loading=\"lazy\" decoding=\"async\" class=\"alignnone size-full wp-image-35741\" src=\"https:\/\/i0.wp.com\/cdnoticias.com\/wp-content\/uploads\/2021\/10\/actoJuntos15.jpg?resize=800%2C445&#038;ssl=1\" alt=\"\" width=\"800\" height=\"445\" srcset=\"https:\/\/i0.wp.com\/cdnoticias.com\/wp-content\/uploads\/2021\/10\/actoJuntos15.jpg?w=1152&amp;ssl=1 1152w, https:\/\/i0.wp.com\/cdnoticias.com\/wp-content\/uploads\/2021\/10\/actoJuntos15.jpg?resize=300%2C167&amp;ssl=1 300w, https:\/\/i0.wp.com\/cdnoticias.com\/wp-content\/uploads\/2021\/10\/actoJuntos15.jpg?resize=768%2C427&amp;ssl=1 768w, https:\/\/i0.wp.com\/cdnoticias.com\/wp-content\/uploads\/2021\/10\/actoJuntos15.jpg?resize=1024%2C570&amp;ssl=1 1024w, https:\/\/i0.wp.com\/cdnoticias.com\/wp-content\/uploads\/2021\/10\/actoJuntos15.jpg?resize=800%2C445&amp;ssl=1 800w\" sizes=\"auto, (max-width: 800px) 100vw, 800px\" \/><\/p>\n<p>&nbsp;<\/p>\n<p dir=\"ltr\"><strong>Hubo cr\u00edticas dur\u00edsimas para las gestiones nacional y provincial, y hasta se personalizaron el gobernador<\/strong>.\u00a0<em>\u201cKicillof y su pandilla\u201d lleg\u00f3 a decir Cellillo<\/em>. Lo del actual senador provincial son\u00f3 muy duro -muy- pero escucharlo de Cenizo es hasta sorpresivo. Es\u00a0<strong>de las primeras veces que se ve al candidato a concejal -y actual presidente del HCD- con un tono tan confrontativo<\/strong>. Y con esto hay un mensaje extra: todas las miradas apuntan a 2023 y hasta puede leerse que ven estas Legislativas sino como un tr\u00e1mite, como un trampol\u00edn. \u00bfAlguien quiere pensar en 2021? Inserte meme de Los Simpsons.<\/p>\n<p dir=\"ltr\"><img data-recalc-dims=\"1\" loading=\"lazy\" decoding=\"async\" class=\"alignnone size-full wp-image-35717\" src=\"https:\/\/i0.wp.com\/cdnoticias.com\/wp-content\/uploads\/2021\/10\/WhatsApp-Image-2021-10-16-at-12.16.03.jpeg?resize=800%2C533&#038;ssl=1\" alt=\"\" width=\"800\" height=\"533\" srcset=\"https:\/\/i0.wp.com\/cdnoticias.com\/wp-content\/uploads\/2021\/10\/WhatsApp-Image-2021-10-16-at-12.16.03.jpeg?w=1152&amp;ssl=1 1152w, https:\/\/i0.wp.com\/cdnoticias.com\/wp-content\/uploads\/2021\/10\/WhatsApp-Image-2021-10-16-at-12.16.03.jpeg?resize=300%2C200&amp;ssl=1 300w, https:\/\/i0.wp.com\/cdnoticias.com\/wp-content\/uploads\/2021\/10\/WhatsApp-Image-2021-10-16-at-12.16.03.jpeg?resize=768%2C512&amp;ssl=1 768w, https:\/\/i0.wp.com\/cdnoticias.com\/wp-content\/uploads\/2021\/10\/WhatsApp-Image-2021-10-16-at-12.16.03.jpeg?resize=1024%2C683&amp;ssl=1 1024w, https:\/\/i0.wp.com\/cdnoticias.com\/wp-content\/uploads\/2021\/10\/WhatsApp-Image-2021-10-16-at-12.16.03.jpeg?resize=272%2C182&amp;ssl=1 272w\" sizes=\"auto, (max-width: 800px) 100vw, 800px\" \/><\/p>\n<p>&nbsp;<\/p>\n<p dir=\"ltr\"><strong>La intenci\u00f3n de fondo, de todas maneras, es polarizar a\u00fan m\u00e1s<\/strong>. Y la mejor forma de hacerlo es tratar de absorber lo que ideol\u00f3gicamente est\u00e1 m\u00e1s cerca del espacio de Juntos, que bien podr\u00eda ser lo que pregona Jos\u00e9 Luis Espert. Fue un discurso m\u00e1s conservador, m\u00e1s vinculado al rechazo al \u201cclientelismo\u201d y la estrategia de la \u201cplatita en el bolsillo\u201d que el gobierno nacional habr\u00eda tomado. Se traslad\u00f3 a los valores, y nuevamente\u00a0<strong>volvieron las posturas de \u201cLa C\u00e1mpora como enemigo\u201d<\/strong>\u00a0que quiz\u00e1s es traspasar un l\u00edmite entre la cr\u00edtica pol\u00edtica y la postura b\u00e9lica, pero como dijimos m\u00e1s arriba, para buscar polarizar hay que sumar votos cercanos\u2026 y ah\u00ed aparece el discurso de Espert. Que tambi\u00e9n es b\u00e9lico. Es una postura arriesgada, desde ya.\u00a0<em>\u00bfLlegar\u00e1n los votos buscados con esta estrategia?<\/em><\/p>\n<p>&nbsp;<\/p>\n<p dir=\"ltr\">Y a modo de continuidad del tema que planteamos la semana pasada de la disputa por las obras p\u00fablicas,\u00a0<strong>Galli sigui\u00f3 con las inauguraciones<\/strong>: el lunes inaugur\u00f3 la repavimentaci\u00f3n de avenida Alberdi con un clima un poco hostil para el jefe comunal a partir de las quejas de un par de vecinos militantes peronistas que pusieron la marcha a todo volumen a metros del acto. Y el viernes fue el turno de la repavimentaci\u00f3n de avenida Ituzaing\u00f3. Ambas obras se llevaron adelante con fondos del FIM y ejecuci\u00f3n municipal. Hubo alguna otra inauguraci\u00f3n prevista para esta semana, pero al final se suspendi\u00f3 por las condiciones clim\u00e1ticas.<\/p>\n<p dir=\"ltr\"><img data-recalc-dims=\"1\" loading=\"lazy\" decoding=\"async\" class=\"alignnone size-full wp-image-35581\" src=\"https:\/\/i0.wp.com\/cdnoticias.com\/wp-content\/uploads\/2021\/10\/repavimentacion4.jpg?resize=800%2C445&#038;ssl=1\" alt=\"\" width=\"800\" height=\"445\" srcset=\"https:\/\/i0.wp.com\/cdnoticias.com\/wp-content\/uploads\/2021\/10\/repavimentacion4.jpg?w=1280&amp;ssl=1 1280w, https:\/\/i0.wp.com\/cdnoticias.com\/wp-content\/uploads\/2021\/10\/repavimentacion4.jpg?resize=300%2C167&amp;ssl=1 300w, https:\/\/i0.wp.com\/cdnoticias.com\/wp-content\/uploads\/2021\/10\/repavimentacion4.jpg?resize=768%2C427&amp;ssl=1 768w, https:\/\/i0.wp.com\/cdnoticias.com\/wp-content\/uploads\/2021\/10\/repavimentacion4.jpg?resize=1024%2C570&amp;ssl=1 1024w, https:\/\/i0.wp.com\/cdnoticias.com\/wp-content\/uploads\/2021\/10\/repavimentacion4.jpg?resize=800%2C445&amp;ssl=1 800w\" sizes=\"auto, (max-width: 800px) 100vw, 800px\" \/><\/p>\n<p>&nbsp;<\/p>\n<p dir=\"ltr\"><u><strong>Recalculando<\/strong><\/u><\/p>\n<p>&nbsp;<\/p>\n<p dir=\"ltr\">\u00bfTe acordas que hace un par de semanas te contamos que hab\u00eda un grupo de eseverristas que buscaron alinearse con Bali Bucca para formalizar su apoyo al Frente de Todos? En aquella ocasi\u00f3n se\u00f1alamos que se trataba de\u00a0<strong>un armado de \u201ceseverristas sin Eseverri\u201d<\/strong>. Esta semana se confirm\u00f3 la reconfiguraci\u00f3n de ese mapa: unos 25 integrantes se mostraron con el candidato a senador provincial y\u00a0<strong>anunciaron la conformaci\u00f3n de \u201cHacer Olavarr\u00eda\u201d<\/strong>. \u00bfLos nombres?\u00a0<em>Los ex concejales Einar Iguerategui, Gerardo Ripoll, Ricardo Nasello, Carlos Manzur y Mar\u00eda Irene Blanco, el consultor Luis Mosquera, entre los m\u00e1s destacados<\/em>.<\/p>\n<p dir=\"ltr\"><img data-recalc-dims=\"1\" loading=\"lazy\" decoding=\"async\" class=\"alignnone size-full wp-image-35555\" src=\"https:\/\/i0.wp.com\/cdnoticias.com\/wp-content\/uploads\/2021\/10\/WhatsApp-Image-2021-10-14-at-19.09.38.jpeg?resize=800%2C533&#038;ssl=1\" alt=\"\" width=\"800\" height=\"533\" srcset=\"https:\/\/i0.wp.com\/cdnoticias.com\/wp-content\/uploads\/2021\/10\/WhatsApp-Image-2021-10-14-at-19.09.38.jpeg?w=1280&amp;ssl=1 1280w, https:\/\/i0.wp.com\/cdnoticias.com\/wp-content\/uploads\/2021\/10\/WhatsApp-Image-2021-10-14-at-19.09.38.jpeg?resize=300%2C200&amp;ssl=1 300w, https:\/\/i0.wp.com\/cdnoticias.com\/wp-content\/uploads\/2021\/10\/WhatsApp-Image-2021-10-14-at-19.09.38.jpeg?resize=768%2C512&amp;ssl=1 768w, https:\/\/i0.wp.com\/cdnoticias.com\/wp-content\/uploads\/2021\/10\/WhatsApp-Image-2021-10-14-at-19.09.38.jpeg?resize=1024%2C682&amp;ssl=1 1024w, https:\/\/i0.wp.com\/cdnoticias.com\/wp-content\/uploads\/2021\/10\/WhatsApp-Image-2021-10-14-at-19.09.38.jpeg?resize=272%2C182&amp;ssl=1 272w\" sizes=\"auto, (max-width: 800px) 100vw, 800px\" \/><\/p>\n<p>&nbsp;<\/p>\n<p dir=\"ltr\">La nueva agrupaci\u00f3n mostr\u00f3\u00a0<strong>alg\u00fan contacto con Cesar Valicenti<\/strong>, centralmente para hablar\u00a0 de \u201ccolaborar\u201d en el trabajo de campa\u00f1a y de fiscalizaci\u00f3n de las elecciones. Hubo visto bueno, y\u00a0<strong>Bucca en paralelo suma porotos para tener estructura propia en Olavarr\u00eda,<\/strong>\u00a0un lugar donde necesita de los votos para llegar al Senado.<\/p>\n<p>&nbsp;<\/p>\n<p dir=\"ltr\">En paralelo, otros referentes y dirigentes quisieron pegarse a la figura de Bucca: tras rumores y versiones de ac\u00e1 para all\u00e1,\u00a0<strong>se confirm\u00f3 el encuentro entre un grupo de peronistas encabezados por \u201cTano\u201d Milesi<\/strong>\u00a0en un bar c\u00e9ntrico de la ciudad, mientras que el candidato a senador tambi\u00e9n se mostr\u00f3 (otra vez) con Eduardo Rodr\u00edguez y el massismo en la sede del Foro Olavarr\u00eda.<\/p>\n<p>&nbsp;<\/p>\n<p dir=\"ltr\"><em>\u201cNo se confundan, Bucca est\u00e1 donde est\u00e1 por Massa\u201d<\/em>\u00a0dijo un dirigente del Frente de Todos en la semana marcando la cancha de d\u00f3nde se deber\u00eda referenciar el candidato, hoy diputado nacional. Salvo Milesi y compa\u00f1\u00eda, pareciera que todos est\u00e1n unidos por el camino de Massa.\u00a0<em>\u00bfIguerategui y Rodr\u00edguez disputar\u00e1n el massismo local? \u00bfO seguir\u00e1n en una sinton\u00eda paralela con referencia en Bucca?<\/em><\/p>\n<p dir=\"ltr\"><img data-recalc-dims=\"1\" loading=\"lazy\" decoding=\"async\" class=\"alignnone size-full wp-image-35817\" src=\"https:\/\/i0.wp.com\/cdnoticias.com\/wp-content\/uploads\/2021\/10\/WhatsApp-Image-2021-10-17-at-12.14.06.jpeg?resize=800%2C450&#038;ssl=1\" alt=\"\" width=\"800\" height=\"450\" srcset=\"https:\/\/i0.wp.com\/cdnoticias.com\/wp-content\/uploads\/2021\/10\/WhatsApp-Image-2021-10-17-at-12.14.06.jpeg?w=1599&amp;ssl=1 1599w, https:\/\/i0.wp.com\/cdnoticias.com\/wp-content\/uploads\/2021\/10\/WhatsApp-Image-2021-10-17-at-12.14.06.jpeg?resize=300%2C169&amp;ssl=1 300w, https:\/\/i0.wp.com\/cdnoticias.com\/wp-content\/uploads\/2021\/10\/WhatsApp-Image-2021-10-17-at-12.14.06.jpeg?resize=768%2C432&amp;ssl=1 768w, https:\/\/i0.wp.com\/cdnoticias.com\/wp-content\/uploads\/2021\/10\/WhatsApp-Image-2021-10-17-at-12.14.06.jpeg?resize=1024%2C576&amp;ssl=1 1024w\" sizes=\"auto, (max-width: 800px) 100vw, 800px\" \/><\/p>\n<p>&nbsp;<\/p>\n<p dir=\"ltr\">Para profundizar un poquito m\u00e1s, es interesante el reordenamiento de dirigentes y fuerzas del Frente de Todos en la S\u00e9ptima Secci\u00f3n. Un Bucca que busca ampliar al Frente de Todos en agrupaciones o sectores que se fueron alejando, mientras que C\u00e9sar Valicenti contin\u00faa como referencia casi indiscutida ordenando el espacio.\u00a0<strong>No pareciera, a simple vista, que Bucca y Valicenti \u201ccompitan\u201d por el liderazgo seccional<\/strong>. Son engranajes que hoy funcionan en distinto motor. Despu\u00e9s de noviembre, la historia ser\u00e1 distinta. Pero de todos modos hay que prestarle atenci\u00f3n a los armados y a la unificaci\u00f3n del peronismo \u00a1justo el D\u00eda de la Lealtad!<\/p>\n<p>&nbsp;<\/p>\n<p dir=\"ltr\">Y ayer,\u00a0<strong>se inaugur\u00f3 el local de Peronismo Republicano: Mario Cura hizo una demostraci\u00f3n de fuerza<\/strong>\u00a0en la exhibici\u00f3n de \u201csu gente\u201d. Los destacados fueron el actual concejal\u00a0<strong>Nicol\u00e1s Marinangelli<\/strong>\u00a0y la candidata\u00a0<strong>Miriam Mosescu,<\/strong>\u00a0cuyo ingreso al Legislativo se da por descontado.<\/p>\n<p dir=\"ltr\"><img data-recalc-dims=\"1\" loading=\"lazy\" decoding=\"async\" class=\"alignnone size-full wp-image-35777\" src=\"https:\/\/i0.wp.com\/cdnoticias.com\/wp-content\/uploads\/2021\/10\/local-cura6.jpg?resize=800%2C445&#038;ssl=1\" alt=\"\" width=\"800\" height=\"445\" srcset=\"https:\/\/i0.wp.com\/cdnoticias.com\/wp-content\/uploads\/2021\/10\/local-cura6.jpg?w=1320&amp;ssl=1 1320w, https:\/\/i0.wp.com\/cdnoticias.com\/wp-content\/uploads\/2021\/10\/local-cura6.jpg?resize=300%2C167&amp;ssl=1 300w, https:\/\/i0.wp.com\/cdnoticias.com\/wp-content\/uploads\/2021\/10\/local-cura6.jpg?resize=768%2C427&amp;ssl=1 768w, https:\/\/i0.wp.com\/cdnoticias.com\/wp-content\/uploads\/2021\/10\/local-cura6.jpg?resize=1024%2C569&amp;ssl=1 1024w, https:\/\/i0.wp.com\/cdnoticias.com\/wp-content\/uploads\/2021\/10\/local-cura6.jpg?resize=800%2C445&amp;ssl=1 800w\" sizes=\"auto, (max-width: 800px) 100vw, 800px\" \/><\/p>\n<p>&nbsp;<\/p>\n<p dir=\"ltr\">Los referenciados en Pichetto lograron reunir en un mismo acto a la dirigencia Pro y radical, a los peronistas \u201cindependientes\u201d y a hist\u00f3ricos de la Lista Amarilla. Es decir,\u00a0<em>otra vez Juntos hizo hincapi\u00e9\u00a0 en la \u201cunidad\u201d del espacio<\/em>.<\/p>\n<p>&nbsp;<\/p>\n<p dir=\"ltr\">Habl\u00f3 Mario Cura y dej\u00f3 varios mensajes. Vamos a destacar dos.\u00a0<strong>Su \u201clealtad a la conducci\u00f3n\u201d\u00a0<\/strong>proclamada con los radicales a su izquierda. Es decir, se pronunci\u00f3 en contra de \u201clos librepensadores\u201d: de que sus candidatos (y dirigentes) rompan los bloques (y alianzas) a las que se integran \u00bfMensaje para Mart\u00edn Lastape? De todos modos, no sabemos qu\u00e9 opinar\u00e1 Pichetto de esta idea, gui\u00f1o gui\u00f1o. Y segundo,\u00a0<strong>tambi\u00e9n apunt\u00f3 a 2023 y proyect\u00f3 la necesidad de \u201campliar este frente\u201d<\/strong>\u00a0con las elecciones ejecutivas en la mira.<\/p>\n<p><strong>Un extracto<\/strong><\/p>\n<p>&nbsp;<\/p>\n<p>Estos temas, y otros m\u00e1s de la actualidad del \u00e1mbito pol\u00edtico local, se publicaron en la edici\u00f3n de este domingo del\u00a0<strong>newsletter\u00a0Volver a las Fuentes<\/strong>\u00a0\u2013en esta edici\u00f3n,\u00a0<strong>\u201cLa econom\u00eda\u00a0al centro y la campa\u00f1a, \u00b4recalculando\u00b4\u201d<\/strong>\u00a0\u2013 que escriben semanalmente\u00a0<strong>Alexis Grierson\u00a0y\u00a0Josefina Bargas<\/strong>.<\/p>\n<p>&nbsp;<\/p>\n<p>La publicaci\u00f3n es gratuita, sale todos los domingos a la ma\u00f1ana.\u00a0La<a href=\"https:\/\/mailchi.mp\/71457894f8d8\/no-tocar-esta-campaa-est-caliente?e=b6c762679c\" target=\"_blank\" rel=\"noopener\">\u00a0edici\u00f3n completa ac\u00e1<\/a>\u00a0y la\u00a0<a href=\"https:\/\/gmail.us17.list-manage.com\/subscribe?u=cba2a41506a8e26d100c3f0f8&amp;id=63ce583cd9\" target=\"_blank\" rel=\"noopener\">suscripci\u00f3n est\u00e1 abierta aqu\u00ed<\/a>.<\/p>\n","protected":false},"excerpt":{"rendered":"<p>La llegada de Axel Kicillof y sus r\u00e9plicas, algunas desmemoriadas. &#8220;Bali&#8221; Bucca y el rearmado peronista en Olavarr\u00eda, \u00bfbusca ser<\/p>\n","protected":false},"author":5,"featured_media":35816,"comment_status":"closed","ping_status":"closed","sticky":false,"template":"","format":"standard","meta":{"_jetpack_memberships_contains_paid_content":false,"footnotes":""},"categories":[4,1],"tags":[],"class_list":["post-35815","post","type-post","status-publish","format-standard","has-post-thumbnail","hentry","category-politica","category-portada"],"jetpack_featured_media_url":"https:\/\/i0.wp.com\/cdnoticias.com\/wp-content\/uploads\/2021\/10\/7b15a19d-5404-161f-463e-72019043219b.jpg?fit=4705%2C3137&ssl=1","jetpack_sharing_enabled":true,"_links":{"self":[{"href":"https:\/\/cdnoticias.com\/index.php\/wp-json\/wp\/v2\/posts\/35815","targetHints":{"allow":["GET"]}}],"collection":[{"href":"https:\/\/cdnoticias.com\/index.php\/wp-json\/wp\/v2\/posts"}],"about":[{"href":"https:\/\/cdnoticias.com\/index.php\/wp-json\/wp\/v2\/types\/post"}],"author":[{"embeddable":true,"href":"https:\/\/cdnoticias.com\/index.php\/wp-json\/wp\/v2\/users\/5"}],"replies":[{"embeddable":true,"href":"https:\/\/cdnoticias.com\/index.php\/wp-json\/wp\/v2\/comments?post=35815"}],"version-history":[{"count":0,"href":"https:\/\/cdnoticias.com\/index.php\/wp-json\/wp\/v2\/posts\/35815\/revisions"}],"wp:featuredmedia":[{"embeddable":true,"href":"https:\/\/cdnoticias.com\/index.php\/wp-json\/wp\/v2\/media\/35816"}],"wp:attachment":[{"href":"https:\/\/cdnoticias.com\/index.php\/wp-json\/wp\/v2\/media?parent=35815"}],"wp:term":[{"taxonomy":"category","embeddable":true,"href":"https:\/\/cdnoticias.com\/index.php\/wp-json\/wp\/v2\/categories?post=35815"},{"taxonomy":"post_tag","embeddable":true,"href":"https:\/\/cdnoticias.com\/index.php\/wp-json\/wp\/v2\/tags?post=35815"}],"curies":[{"name":"wp","href":"https:\/\/api.w.org\/{rel}","templated":true}]}}