{"id":35808,"date":"2021-10-17T09:32:53","date_gmt":"2021-10-17T12:32:53","guid":{"rendered":"http:\/\/www.centraldenoticias.com.ar\/?p=35808"},"modified":"2021-10-17T09:32:53","modified_gmt":"2021-10-17T12:32:53","slug":"rosa-schmidt-de-soccodato-rosita-q-e-p-d","status":"publish","type":"post","link":"https:\/\/cdnoticias.com\/index.php\/2021\/10\/17\/rosa-schmidt-de-soccodato-rosita-q-e-p-d\/","title":{"rendered":"Rosa Schmidt de Soccodato \u201cRosita\u201d (Q.E.P.D.)"},"content":{"rendered":"<p>Falleci\u00f3 en Olavarr\u00eda el 16 de octubre a los 75 a\u00f1os de edad. Su esposo Roberto Oscar Soccodato; sus hijos Jorge An\u00edbal, Roberto Carlos y Rosana Paola; sus hijos pol\u00edticos: Mar\u00eda \u00c1lvarez, Evangelina Gates y Manuel \u00c1lvarez; sus nietos: Fiamma, Sof\u00eda y Joaqu\u00edn Soccodato; Camila \u00c1lvarez; sus hermanos, hermanos pol\u00edticos, sobrinos y dem\u00e1s deudos participan su fallecimiento.<\/p>\n<p>&nbsp;<\/p>\n<p>Sus restos ser\u00e1n velados en sala &#8220;D&#8221; de Espa\u00f1a 2942, comienza lunes 6:30hs, y ser\u00e1n inhumados en el cementerio Loma de Paz, este lunes a las 8:30, previo responso en la capilla ardiente. Vecina de barrio CECO I. Nacida en Bol\u00edvar. Jubilada.<\/p>\n","protected":false},"excerpt":{"rendered":"<p>Falleci\u00f3 en Olavarr\u00eda el 16 de octubre a los 75 a\u00f1os de edad. Su esposo Roberto Oscar Soccodato; sus hijos<\/p>\n","protected":false},"author":5,"featured_media":0,"comment_status":"closed","ping_status":"closed","sticky":false,"template":"","format":"standard","meta":{"_jetpack_memberships_contains_paid_content":false,"footnotes":""},"categories":[10],"tags":[],"class_list":["post-35808","post","type-post","status-publish","format-standard","hentry","category-necrologicas"],"jetpack_featured_media_url":"","jetpack_sharing_enabled":true,"_links":{"self":[{"href":"https:\/\/cdnoticias.com\/index.php\/wp-json\/wp\/v2\/posts\/35808","targetHints":{"allow":["GET"]}}],"collection":[{"href":"https:\/\/cdnoticias.com\/index.php\/wp-json\/wp\/v2\/posts"}],"about":[{"href":"https:\/\/cdnoticias.com\/index.php\/wp-json\/wp\/v2\/types\/post"}],"author":[{"embeddable":true,"href":"https:\/\/cdnoticias.com\/index.php\/wp-json\/wp\/v2\/users\/5"}],"replies":[{"embeddable":true,"href":"https:\/\/cdnoticias.com\/index.php\/wp-json\/wp\/v2\/comments?post=35808"}],"version-history":[{"count":0,"href":"https:\/\/cdnoticias.com\/index.php\/wp-json\/wp\/v2\/posts\/35808\/revisions"}],"wp:attachment":[{"href":"https:\/\/cdnoticias.com\/index.php\/wp-json\/wp\/v2\/media?parent=35808"}],"wp:term":[{"taxonomy":"category","embeddable":true,"href":"https:\/\/cdnoticias.com\/index.php\/wp-json\/wp\/v2\/categories?post=35808"},{"taxonomy":"post_tag","embeddable":true,"href":"https:\/\/cdnoticias.com\/index.php\/wp-json\/wp\/v2\/tags?post=35808"}],"curies":[{"name":"wp","href":"https:\/\/api.w.org\/{rel}","templated":true}]}}