{"id":35693,"date":"2021-10-16T09:40:08","date_gmt":"2021-10-16T12:40:08","guid":{"rendered":"http:\/\/www.centraldenoticias.com.ar\/?p=35693"},"modified":"2021-10-16T09:40:08","modified_gmt":"2021-10-16T12:40:08","slug":"alicia-mabel-scasserra-de-belgrano-q-e-p-d","status":"publish","type":"post","link":"https:\/\/cdnoticias.com\/index.php\/2021\/10\/16\/alicia-mabel-scasserra-de-belgrano-q-e-p-d\/","title":{"rendered":"Alicia Mabel Scasserra de Belgrano (Q.E.P.D.)"},"content":{"rendered":"<p>Falleci\u00f3 en Olavarr\u00eda el d\u00eda 16 de octubre a los 73 a\u00f1os de edad. Su esposo Roberto Ra\u00fal Belgrano (Tito); sus hijos Roberto Fabi\u00e1n, Juan Gabriel y Vanina Amalia Belgrano; sus hijos pol\u00edticos Mar\u00eda Clementi, Gabriela Pedro y Adolfo Goizueta; sus nietos Juan Ignacio, Milena, Martina y Valent\u00edn; y dem\u00e1s deudos participan su fallecimiento.<\/p>\n<p>&nbsp;<\/p>\n<p>Sus restos ser\u00e1n velados en sala de Espa\u00f1a 2942 departamento &#8220;C&#8221; (la sala se habilita a las 14:30) e inhumados en el cementerio Loma de Paz este s\u00e1bado a las 16:30, previo responso en la capilla ardiente. Vecina de Villa Alfredo Fortabat. Nacida en General La Madrid. Jubilada.<\/p>\n","protected":false},"excerpt":{"rendered":"<p>Falleci\u00f3 en Olavarr\u00eda el d\u00eda 16 de octubre a los 73 a\u00f1os de edad. Su esposo Roberto Ra\u00fal Belgrano (Tito);<\/p>\n","protected":false},"author":5,"featured_media":0,"comment_status":"closed","ping_status":"closed","sticky":false,"template":"","format":"standard","meta":{"_jetpack_memberships_contains_paid_content":false,"footnotes":""},"categories":[10],"tags":[],"class_list":["post-35693","post","type-post","status-publish","format-standard","hentry","category-necrologicas"],"jetpack_featured_media_url":"","jetpack_sharing_enabled":true,"_links":{"self":[{"href":"https:\/\/cdnoticias.com\/index.php\/wp-json\/wp\/v2\/posts\/35693","targetHints":{"allow":["GET"]}}],"collection":[{"href":"https:\/\/cdnoticias.com\/index.php\/wp-json\/wp\/v2\/posts"}],"about":[{"href":"https:\/\/cdnoticias.com\/index.php\/wp-json\/wp\/v2\/types\/post"}],"author":[{"embeddable":true,"href":"https:\/\/cdnoticias.com\/index.php\/wp-json\/wp\/v2\/users\/5"}],"replies":[{"embeddable":true,"href":"https:\/\/cdnoticias.com\/index.php\/wp-json\/wp\/v2\/comments?post=35693"}],"version-history":[{"count":0,"href":"https:\/\/cdnoticias.com\/index.php\/wp-json\/wp\/v2\/posts\/35693\/revisions"}],"wp:attachment":[{"href":"https:\/\/cdnoticias.com\/index.php\/wp-json\/wp\/v2\/media?parent=35693"}],"wp:term":[{"taxonomy":"category","embeddable":true,"href":"https:\/\/cdnoticias.com\/index.php\/wp-json\/wp\/v2\/categories?post=35693"},{"taxonomy":"post_tag","embeddable":true,"href":"https:\/\/cdnoticias.com\/index.php\/wp-json\/wp\/v2\/tags?post=35693"}],"curies":[{"name":"wp","href":"https:\/\/api.w.org\/{rel}","templated":true}]}}